{"id":112311,"date":"2025-12-13T16:07:10","date_gmt":"2025-12-13T16:07:10","guid":{"rendered":"https:\/\/www.europesays.com\/no\/112311\/"},"modified":"2025-12-13T16:07:10","modified_gmt":"2025-12-13T16:07:10","slug":"drone-stoppet-to-fly-pa-oslo-lufthavn-stor-oslo","status":"publish","type":"post","link":"https:\/\/www.europesays.com\/no\/112311\/","title":{"rendered":"Drone stoppet to fly p\u00e5 Oslo lufthavn \u2013 Stor-Oslo"},"content":{"rendered":"<p>Det er en norsk mann i tretti\u00e5rene som har flydd med drone innenfor flyforbudssonen p\u00e5 Gardermoen, melder politiet.<\/p>\n<p>\u2013 Dronen blir beslaglagt, mannen er avh\u00f8rt p\u00e5 stedet og blir anmeldt, opplyser politiet videre.<\/p>\n<p>Mannen skal ha forklart at han har tatt bilder av noen kj\u00f8ret\u00f8y der han var.<\/p>\n<p><strong>\u2013 To innkomne fly ble omdirigert til annen rullebane, skriver operasjonsleder Rune Isaksen.<\/strong><\/p>\n<p>Flytrafikken g\u00e5r som normalt<\/p>\n<p>Pressevakt i Avinor Karoline Pedersen forteller at dronen ble observert med vestre rullebane.<\/p>\n<p>\u2013 Det gjorde at vi omdirigerte to innkomne fly til en annen rullebane.<\/p>\n<p>De varslet politiet som tok h\u00e5nd om dronepiloten.<\/p>\n<p><strong>\u2013 Flytrafikken g\u00e5r n\u00e5 som normalt og det er ingen \u00f8vre dramatikk. <\/strong><\/p>\n<p>Rundt flyplassen s\u00e5 er det en forbudssone p\u00e5 fem kilometer.<\/p>\n<p>Hvis det blir observert droner innenfor denne sonen s\u00e5 varsler lufthavnen politiet.<\/p>\n<p>Pedersen sier de ikke kan g\u00e5 ut med hvor langt inn mot rullebanen dronen var.<\/p>\n<p><a class=\"login-banner-hack\" href=\"https:\/\/www.nrk.no\/logginn?context=article-plug\" style=\"padding: 0; border: none; display: none\" rel=\"nofollow noopener\" target=\"_blank\"><\/p>\n<p>            <img decoding=\"async\"   src=\"data:image\/gif;base64,R0lGODlhAQABAIAAAAAAAP\/\/\/yH5BAEAAAAALAAAAAABAAEAAAIBRAA7\" alt=\"Oppfordring til \u00e5 logge p\u00e5 NRKs tjenester\" title=\"Foto: Odd Arne Olderbakk\"\/><\/p>\n<p>            <img decoding=\"async\"   src=\"data:image\/gif;base64,R0lGODlhAQABAIAAAAAAAP\/\/\/yH5BAEAAAAALAAAAAABAAEAAAIBRAA7\" alt=\"Oppfordring til \u00e5 logge p\u00e5 NRKs tjenester\" title=\"Foto: Odd Arne Olderbakk\"\/><\/p>\n<p><\/a><\/p>\n<p>Publisert<\/p>\n<p>13.12.2025, kl. 14.33<\/p>\n<p>Oppdatert<\/p>\n<p>13.12.2025, kl. 15.39<\/p>\n","protected":false},"excerpt":{"rendered":"Det er en norsk mann i tretti\u00e5rene som har flydd med drone innenfor flyforbudssonen p\u00e5 Gardermoen, melder politiet.&hellip;\n","protected":false},"author":2,"featured_media":112312,"comment_status":"","ping_status":"","sticky":false,"template":"","format":"standard","meta":{"footnotes":""},"categories":[5],"tags":[20,21,24,25,15,19,22,23,17,18,13,30,28,29,14,16,26,27],"class_list":{"0":"post-112311","1":"post","2":"type-post","3":"status-publish","4":"format-standard","5":"has-post-thumbnail","7":"category-overskrifter","8":"tag-breaking-news","9":"tag-breakingnews","10":"tag-featured-news","11":"tag-featurednews","12":"tag-headlines","13":"tag-hovedoppslag","14":"tag-latest-news","15":"tag-latestnews","16":"tag-main-news","17":"tag-mainnews","18":"tag-news","19":"tag-no","20":"tag-norge","21":"tag-norway","22":"tag-nyheter","23":"tag-overskrifter","24":"tag-top-stories","25":"tag-topstories"},"share_on_mastodon":{"url":"https:\/\/pubeurope.com\/@no\/115713123651364424","error":""},"_links":{"self":[{"href":"https:\/\/www.europesays.com\/no\/wp-json\/wp\/v2\/posts\/112311","targetHints":{"allow":["GET"]}}],"collection":[{"href":"https:\/\/www.europesays.com\/no\/wp-json\/wp\/v2\/posts"}],"about":[{"href":"https:\/\/www.europesays.com\/no\/wp-json\/wp\/v2\/types\/post"}],"author":[{"embeddable":true,"href":"https:\/\/www.europesays.com\/no\/wp-json\/wp\/v2\/users\/2"}],"replies":[{"embeddable":true,"href":"https:\/\/www.europesays.com\/no\/wp-json\/wp\/v2\/comments?post=112311"}],"version-history":[{"count":0,"href":"https:\/\/www.europesays.com\/no\/wp-json\/wp\/v2\/posts\/112311\/revisions"}],"wp:featuredmedia":[{"embeddable":true,"href":"https:\/\/www.europesays.com\/no\/wp-json\/wp\/v2\/media\/112312"}],"wp:attachment":[{"href":"https:\/\/www.europesays.com\/no\/wp-json\/wp\/v2\/media?parent=112311"}],"wp:term":[{"taxonomy":"category","embeddable":true,"href":"https:\/\/www.europesays.com\/no\/wp-json\/wp\/v2\/categories?post=112311"},{"taxonomy":"post_tag","embeddable":true,"href":"https:\/\/www.europesays.com\/no\/wp-json\/wp\/v2\/tags?post=112311"}],"curies":[{"name":"wp","href":"https:\/\/api.w.org\/{rel}","templated":true}]}}