{"id":112317,"date":"2025-12-13T16:14:36","date_gmt":"2025-12-13T16:14:36","guid":{"rendered":"https:\/\/www.europesays.com\/no\/112317\/"},"modified":"2025-12-13T16:14:36","modified_gmt":"2025-12-13T16:14:36","slug":"ales-bjaljatski-nyhetsvarsel-medier-fredsprisvinner-ales-bjaljatski-blant-123-fanger-som-loslates-i-belarus-etter-avtale-med-usa","status":"publish","type":"post","link":"https:\/\/www.europesays.com\/no\/112317\/","title":{"rendered":"Ales Bjaljatski, Nyhetsvarsel | Medier: Fredsprisvinner Ales Bjaljatski blant 123 fanger som l\u00f8slates i Belarus etter avtale med USA"},"content":{"rendered":"\n<p>Det melder opposisjonelle medier, menneskerettsaktivister og USAs ambassade i Vilnius l\u00f8rdag.<\/p>\n<p>L\u00f8slatelsene skjer etter forhandlinger med USA, som n\u00e5 letter p\u00e5 enkelte sanksjoner mot det autorit\u00e6re regimet. Blant fangene som er l\u00f8slatt, er menneskerettsforkjemperen Ales Bjaljatski, protestlederen Maria Kolesnikova og tidligere presidentkandidat Viktar Babaryka.<\/p>\n<p>Ni av de l\u00f8slatte fangene, blant andre Bjaljatski, ankom l\u00f8rdag Litauens hovedstad Vilnius, opplyser USAs ambassade i Vilnius.<\/p>\n<p>Samtidig sier Ukraina at de har tatt imot 114 l\u00f8slatte fanger fra Belarus, b\u00e5de belarusiske dissidenter og ukrainske statsborgere som har v\u00e6rt anklaget for \u00e5 jobbe for ukrainsk etterretningstjeneste.<\/p>\n<p>Fredspris i fengsel<\/p>\n<p>Nobelprisvinner Ales Bjaljatski har sittet fengslet siden juli 2021. I tillegg til \u00e5 v\u00e6re forfatter og litteraturviter, har han grunnlagt menneskerettorganisajonen Vjasna. Dette er landes eldste og mest anerkjente menneskerettsgruppe.<\/p>\n<p>\u2013 Jeg snakket med ham. Han er p\u00e5 vei til Litauen, og han har det bra, sier Bjaljatskis kone Natalja Pintsjuk til nyhetsbyr\u00e5et AFP.<\/p>\n<p>Mens han satt fengslet \u2013 i 2022 \u2013 ble han tildelt fredsprisen sammen med russiske Memorial og ukrainske CCL.<\/p>\n<p>I 2023 ble han d\u00f8mt til ti \u00e5rs fengsel for smugling og for \u00e5 ha finansiert undergravende virksomhet, men if\u00f8lge menneskerettsforkjempere uten en skikkelig rettergang. Bjaljatski har dermed aldri kunnet dra til Oslo for \u00e5 hente fredsprisen.<\/p>\n<p>Han har sittet fengslet i en beryktet straffekoloni i byen Gorki, som er kjent for hardt straffarbeid og mishandling av fanger. I fjor opplyste fredsprisvinnerens kone at helsetilstanden hans var blitt verre fordi han ikke fikk n\u00f8dvendige medisiner.<\/p>\n<p>\u2013 Dyp lettelse<\/p>\n<p>\u2013 Den Norske Nobelkomit\u00e9 uttrykker dyp lettelse og inderlig glede over l\u00f8slatelsen av Ales Bjaljatski, Nobels fredsprisvinner i 2022, fra fengsel i Belarus, skriver lederen for Nobelkomiteen J\u00f8rgen Watne Frydnes i en skriftlig uttalelse til NTB.<\/p>\n<p>Nobelkomiteen sier at l\u00f8slatelsen av fredsprisvinneren er sv\u00e6rt kj\u00e6rkommen og noe de har ventet lenge p\u00e5.<\/p>\n<p>Men samtidig understreker komiteen at over 1200 politiske fanger fortsatt sitter fengslet i Belarus, og at dette viser den p\u00e5g\u00e5ende og systematiske undertrykkelsen i landet.<\/p>\n<p>\u2013 Den Norske Nobelkomit\u00e9 oppfordrer belarusiske myndigheter til \u00e5 l\u00f8slate alle politiske fanger og til \u00e5 garantere for at Ales Bjaljatski og andre menneskerettighetsaktivister kan leve og arbeide fritt, uten frykt for ny forf\u00f8lgelse, sier Frydnes.<\/p>\n<p>Rev i stykker passet<\/p>\n<p>Protestlederen Maria Kolesnikova (43) ble fors\u00f8kt deportert til Ukraina i september 2020, og ble kjent for \u00e5 rive i stykker passet sitt da hun ble f\u00f8rt til grensen. Hun ble deretter p\u00e5grepet, anklaget for statskupp og d\u00f8mt til elleve \u00e5rs fengsel \u00e5ret etter.<\/p>\n<p>Kolesnikova er ogs\u00e5 musiker og spilte tidligere fl\u00f8yte i landets filharmoniske orkester. F\u00f8r dette spilte hun i flere orkestre i utlandet. Hun er blitt et viktig symbol for protestbevegelsen i Belarus, og er ofte blitt avbildet mens hun former et hjerte med hendene.<\/p>\n<p>Kolesnikovas s\u00f8ster, Tatjana Komitsj, sier at s\u00f8steren ser \u00abnormal\u00bb ut, selv om det har v\u00e6rt stor bekymring for helsetilstanden hennes mens hun har sittet fengslet.<\/p>\n<p>\u2013 Hun takket USA for president Donald Trumps innsats og den belarusiske parten for disse forhandlingene, if\u00f8lge Komitsj.<\/p>\n<p>Presidentkandidat<\/p>\n<p>Ogs\u00e5 den tidligere presidentkandidaten og opposisjonslederen Viktar Babaryka (62) er l\u00f8slatt. Han gjorde en karriere innenfor landets bankvesen f\u00f8r han bestemte seg for \u00e5 utfordre den autorit\u00e6re lederen Aleksandr Lukasjenko i presidentvalget i 2020. Men knapt to m\u00e5neder f\u00f8r valget ble han p\u00e5grepet.<\/p>\n<p>Babaryka er ogs\u00e5 kjent for sitt engasjement for veldedighetsarbeid.<\/p>\n<p>Den belarusiske opposisjonslederen Svetlana Tikhanovskaja framholder at l\u00f8slatelsene ikke betyr at Lukasjankos regime blir mindre undertrykkende. Grunnen er at de vestlige sanksjonene svir og at Lukasjenko fors\u00f8ker \u00e5 sikre seg lettelser, understreker hun.<\/p>\n<p>\u2013 Men vi m\u00e5 ikke v\u00e6re naive. Lukasjenko har ikke endret sin politikk, og undertrykkelsen fortsetter, og han st\u00f8tter fortsatt Russlands krig mot Ukraina, sier hun til nyhetsbyr\u00e5et AP.<\/p>\n<p>\u00c5pner for eksport av pottaske<\/p>\n<p>Tidligere l\u00f8rdag kunngjorde USA enkelte lettelser i sanksjonene mot Belarus. Det dreier seg om en viktig komponent i kunstgj\u00f8dsel, kaliumkarbonat, if\u00f8lge USAs spesialutsending John Coale.<\/p>\n<p>\u2013 Vi opphever sanksjoner, l\u00f8slater fanger. Vi snakker hele tiden med hverandre, uttalte Coale l\u00f8rdag, if\u00f8lge Belarus&#8217; statlige nyhetsbyr\u00e5.<\/p>\n<p>B\u00e5de fredag og l\u00f8rdag hadde han samtaler med Lukasjenko i Minsk. Forrige forhandlingsrunde ble holdt i september. De endte ogs\u00e5 med enkelte sanksjonslettelser, og da ble over 50 politiske fanger l\u00f8slatt.<\/p>\n<p>Sanksjonslettelsene innebar at Belarus igjen kunne kj\u00f8pe flydeler til sitt statlige flyselskap.<\/p>\n<p>For dyrt i Canada<\/p>\n<p>Denne gangen \u00e5pner USA for at Belarus skal kunne eksportere kaliumkarbonat, ogs\u00e5 kjent som pottaske, som amerikanske b\u00f8nder har stort behov for.<\/p>\n<p>Belarus er en storprodusent av denne viktige komponenten i kunstgj\u00f8dsel, men verdens st\u00f8rste produsent er Canada, og amerikanske b\u00f8nder har fram til n\u00e5 v\u00e6rt helt avhengige av \u00e5 importere stoffet derfra.<\/p>\n<p>Med tollbarrierene som Trump har innf\u00f8rt, har pottaske fra Canada blitt mye dyrere for amerikanske b\u00f8nder, og Canada har etter hvert funnet seg nye markeder.<\/p>\n","protected":false},"excerpt":{"rendered":"Det melder opposisjonelle medier, menneskerettsaktivister og USAs ambassade i Vilnius l\u00f8rdag. L\u00f8slatelsene skjer etter forhandlinger med USA, som&hellip;\n","protected":false},"author":2,"featured_media":112318,"comment_status":"","ping_status":"","sticky":false,"template":"","format":"standard","meta":{"footnotes":""},"categories":[5],"tags":[20,21,24,25,15,19,22,23,17,18,13,30,28,29,14,16,26,27],"class_list":{"0":"post-112317","1":"post","2":"type-post","3":"status-publish","4":"format-standard","5":"has-post-thumbnail","7":"category-overskrifter","8":"tag-breaking-news","9":"tag-breakingnews","10":"tag-featured-news","11":"tag-featurednews","12":"tag-headlines","13":"tag-hovedoppslag","14":"tag-latest-news","15":"tag-latestnews","16":"tag-main-news","17":"tag-mainnews","18":"tag-news","19":"tag-no","20":"tag-norge","21":"tag-norway","22":"tag-nyheter","23":"tag-overskrifter","24":"tag-top-stories","25":"tag-topstories"},"share_on_mastodon":{"url":"https:\/\/pubeurope.com\/@no\/115713151109479592","error":""},"_links":{"self":[{"href":"https:\/\/www.europesays.com\/no\/wp-json\/wp\/v2\/posts\/112317","targetHints":{"allow":["GET"]}}],"collection":[{"href":"https:\/\/www.europesays.com\/no\/wp-json\/wp\/v2\/posts"}],"about":[{"href":"https:\/\/www.europesays.com\/no\/wp-json\/wp\/v2\/types\/post"}],"author":[{"embeddable":true,"href":"https:\/\/www.europesays.com\/no\/wp-json\/wp\/v2\/users\/2"}],"replies":[{"embeddable":true,"href":"https:\/\/www.europesays.com\/no\/wp-json\/wp\/v2\/comments?post=112317"}],"version-history":[{"count":0,"href":"https:\/\/www.europesays.com\/no\/wp-json\/wp\/v2\/posts\/112317\/revisions"}],"wp:featuredmedia":[{"embeddable":true,"href":"https:\/\/www.europesays.com\/no\/wp-json\/wp\/v2\/media\/112318"}],"wp:attachment":[{"href":"https:\/\/www.europesays.com\/no\/wp-json\/wp\/v2\/media?parent=112317"}],"wp:term":[{"taxonomy":"category","embeddable":true,"href":"https:\/\/www.europesays.com\/no\/wp-json\/wp\/v2\/categories?post=112317"},{"taxonomy":"post_tag","embeddable":true,"href":"https:\/\/www.europesays.com\/no\/wp-json\/wp\/v2\/tags?post=112317"}],"curies":[{"name":"wp","href":"https:\/\/api.w.org\/{rel}","templated":true}]}}