{"id":112319,"date":"2025-12-13T16:15:41","date_gmt":"2025-12-13T16:15:41","guid":{"rendered":"https:\/\/www.europesays.com\/no\/112319\/"},"modified":"2025-12-13T16:15:41","modified_gmt":"2025-12-13T16:15:41","slug":"klaebo-og-valnes-med-klar-lagsprintseier-i-davos","status":"publish","type":"post","link":"https:\/\/www.europesays.com\/no\/112319\/","title":{"rendered":"Kl\u00e6bo og Valnes med klar lagsprintseier i Davos"},"content":{"rendered":"<p>  Johannes H\u00f8sflot Kl\u00e6bo og Erik Valnes hadde god kontroll p\u00e5 vei mot seier p\u00e5 fredagens lagsprint i verdenscupen i Davos.<\/p>\n<p>\n    Johannes H\u00f8sflot Kl\u00e6bo (i bildet) og Erik Valnes vant lagsprinten i Davos. Foto: Geir Olsen \/ NTB\n  <\/p>\n<p>Den norske duoen var raskest i prologen og var store seiersfavoritter i finalen. Der bommet de ikke da Valnes sendte Kl\u00e6bo ut i ledelse p\u00e5 den siste etappen. Ingen kunne f\u00f8lge tr\u00f8nderen.<\/p>\n<p>\u2013 Han viser hvem som er kongen, sa Viaplay-kommentator J\u00f8rn Sundby.<\/p>\n<p>Kl\u00e6bo er verdens beste sprinter og har vunnet begge individuelle sprintrenn denne sesongen. Valnes kan vise til en annenplass.<\/p>\n<p>De to er gode kandidater til \u00e5 f\u00e5 plass p\u00e5 lagsprinten i OL senere i vinter.<\/p>\n<p>Det andre norske laget, som besto av Harald \u00d8stberg Amundsen og Oskar Opstad Vike, endte utenfor pallen.<\/p>\n<p>Amundsen var etter prologen klar p\u00e5 at h\u00f8yden i Sveits preget ham.<\/p>\n<p>\u2013 Jeg har akkurat st\u00e5tt her og kastet opp, sa Amundsen til Viaplay.<\/p>\n<p>Det tette finalefeltet f\u00f8rte til mye kaos underveis i finalen.<\/p>\n<p>Sveriges 1.-lag fikk tr\u00f8bbel da Edvin Anger gikk over ende. Han utgjorde laget sammen med Johan H\u00e4ggstr\u00f6m. Ogs\u00e5 det andre svenske laget m\u00e5tte i sn\u00f8en.<\/p>\n<p>L\u00f8rdag st\u00e5r individuell sprint i fri teknikk p\u00e5 programmet. S\u00f8ndag er det 10 km i fri teknikk.<\/p>\n","protected":false},"excerpt":{"rendered":"Johannes H\u00f8sflot Kl\u00e6bo og Erik Valnes hadde god kontroll p\u00e5 vei mot seier p\u00e5 fredagens lagsprint i verdenscupen&hellip;\n","protected":false},"author":2,"featured_media":112320,"comment_status":"","ping_status":"","sticky":false,"template":"","format":"standard","meta":{"footnotes":""},"categories":[59],"tags":[30,28,29,14,83,82],"class_list":{"0":"post-112319","1":"post","2":"type-post","3":"status-publish","4":"format-standard","5":"has-post-thumbnail","7":"category-sport","8":"tag-no","9":"tag-norge","10":"tag-norway","11":"tag-nyheter","12":"tag-sport","13":"tag-sports"},"share_on_mastodon":{"url":"https:\/\/pubeurope.com\/@no\/115713154969081026","error":""},"_links":{"self":[{"href":"https:\/\/www.europesays.com\/no\/wp-json\/wp\/v2\/posts\/112319","targetHints":{"allow":["GET"]}}],"collection":[{"href":"https:\/\/www.europesays.com\/no\/wp-json\/wp\/v2\/posts"}],"about":[{"href":"https:\/\/www.europesays.com\/no\/wp-json\/wp\/v2\/types\/post"}],"author":[{"embeddable":true,"href":"https:\/\/www.europesays.com\/no\/wp-json\/wp\/v2\/users\/2"}],"replies":[{"embeddable":true,"href":"https:\/\/www.europesays.com\/no\/wp-json\/wp\/v2\/comments?post=112319"}],"version-history":[{"count":0,"href":"https:\/\/www.europesays.com\/no\/wp-json\/wp\/v2\/posts\/112319\/revisions"}],"wp:featuredmedia":[{"embeddable":true,"href":"https:\/\/www.europesays.com\/no\/wp-json\/wp\/v2\/media\/112320"}],"wp:attachment":[{"href":"https:\/\/www.europesays.com\/no\/wp-json\/wp\/v2\/media?parent=112319"}],"wp:term":[{"taxonomy":"category","embeddable":true,"href":"https:\/\/www.europesays.com\/no\/wp-json\/wp\/v2\/categories?post=112319"},{"taxonomy":"post_tag","embeddable":true,"href":"https:\/\/www.europesays.com\/no\/wp-json\/wp\/v2\/tags?post=112319"}],"curies":[{"name":"wp","href":"https:\/\/api.w.org\/{rel}","templated":true}]}}