{"id":112321,"date":"2025-12-13T16:22:13","date_gmt":"2025-12-13T16:22:13","guid":{"rendered":"https:\/\/www.europesays.com\/no\/112321\/"},"modified":"2025-12-13T16:22:13","modified_gmt":"2025-12-13T16:22:13","slug":"16-norske-kvinner-har-fatt-barn-med-dansk-saeddonor-med-sjelden-mutasjon-som-oker-kreftfaren-2","status":"publish","type":"post","link":"https:\/\/www.europesays.com\/no\/112321\/","title":{"rendered":"16 norske kvinner har f\u00e5tt barn med dansk s\u00e6ddonor med sjelden mutasjon som \u00f8ker kreftfaren"},"content":{"rendered":"<p class=\"extendedContent hyperion-css-eyn926\" data-test-tag=\"lead-text\">16 norske kvinner har f\u00f8dt 18 barn etter \u00e5 ha blitt behandlet ved danske fertilitetsklinikker med s\u00e6d fra en dansk donor som har TP53-mutasjon.<\/p>\n<p><img decoding=\"async\" class=\"image-asset hyperion-css-u06ts1\" data-test-tag=\"image-asset\" src=\"https:\/\/www.europesays.com\/no\/wp-content\/uploads\/2025\/12\/7716232b-97fe-4b9d-b395-cbf2b8ac2a64\"  alt=\"En dansk s\u00e6dbank er politianmeldt etter \u00e5 ha brukt s\u00e6d fra en donor med en sjelden mutasjon. N\u00e5 er det ogs\u00e5 klart at norske kvinner er rammet. \"  loading=\"eager\" fetchpriority=\"high\" style=\"aspect-ratio:2048 \/ 1365\"\/>En dansk s\u00e6dbank er politianmeldt etter \u00e5 ha brukt s\u00e6d fra en donor med en sjelden mutasjon. N\u00e5 er det ogs\u00e5 klart at norske kvinner er rammet. Foto: AP \/ NTB.<\/p>\n<p>Publisert: 13.12.2025 14:06<\/p>\n<p class=\"paywall hyperion-css-1j42uic\">Det f\u00e5r NTB opplyst av Helsedirektoratet, som viser til informasjon fra danske myndigheter.<\/p>\n<p class=\"paywall hyperion-css-1j42uic\">\u2013 Helsedirektoratet er kjent med saken. Det er h\u00f8yst beklagelig at slike hendelser inntreffer, og at det rammer s\u00e5 mange familier og barn, skriver seniorr\u00e5dgiver Anne Forus i Helsedirektoratet i en epost l\u00f8rdag.<\/p>\n<p class=\"paywall hyperion-css-1j42uic\">Siden behandlingen har foreg\u00e5tt ved dansk virksomhet, har norske myndigheter ikke informasjon om familiene dette gjelder. Danske myndigheter har opplyst at de kontakter alle de norske familiene det gjelder.<\/p>\n<p class=\"paywall hyperion-css-1j42uic\">Tidligere denne uken ble det kjent at det danske selskapet European Sperm Bank er politianmeldt etter at det ble avsl\u00f8rt at mannen er far til n\u00e6rmere 200 barn, selv om han har den sjeldne TP53-mutasjonen som \u00f8ker kreftfaren. Minst to av barnene har f\u00e5tt kreft.<\/p>\n<p class=\"paywall hyperion-css-1j42uic\">Alle kvinnene som er behandlet med s\u00e6d fra den danske donoren, er behandlet i Danmark. Norske klinikker kan ikke ha brukt s\u00e6d fra denne donoren ettersom donoren er anonym. Dette f\u00f8lger av bioteknologiloven.<\/p>\n<p class=\"paywall hyperion-css-1j42uic\">\u2013 If\u00f8lge den informasjonen vi har mottatt, har danske myndigheter identifisert alle kvinnene som har mottatt behandling med denne donoren i Danmark, og de f\u00e5r informasjon, sier Forus.<\/p>\n<p class=\"paywall hyperion-css-1j42uic\">Helsedirektoratet ble varslet av danske myndigheter tirsdag forrige uke, men da kun om at de manglet identitet til to kvinner i Norge. Direktoratet for medisinske produkter (DMP) ble varslet parallelt og har hatt dialogen med danske myndigheter. <\/p>\n<p class=\"paywall hyperion-css-1j42uic\">Helsedirektoratet ble 7. desember varslet av DMP om omfanget av norske kvinner som har blitt behandlet med denne donoren ved danske klinikker.<\/p>\n","protected":false},"excerpt":{"rendered":"16 norske kvinner har f\u00f8dt 18 barn etter \u00e5 ha blitt behandlet ved danske fertilitetsklinikker med s\u00e6d fra&hellip;\n","protected":false},"author":2,"featured_media":112322,"comment_status":"","ping_status":"","sticky":false,"template":"","format":"standard","meta":{"footnotes":""},"categories":[10],"tags":[20,21,24,25,15,22,23,13,30,28,29,14,16,26,27],"class_list":{"0":"post-112321","1":"post","2":"type-post","3":"status-publish","4":"format-standard","5":"has-post-thumbnail","7":"category-norge","8":"tag-breaking-news","9":"tag-breakingnews","10":"tag-featured-news","11":"tag-featurednews","12":"tag-headlines","13":"tag-latest-news","14":"tag-latestnews","15":"tag-news","16":"tag-no","17":"tag-norge","18":"tag-norway","19":"tag-nyheter","20":"tag-overskrifter","21":"tag-top-stories","22":"tag-topstories"},"share_on_mastodon":{"url":"https:\/\/pubeurope.com\/@no\/115713182833990932","error":""},"_links":{"self":[{"href":"https:\/\/www.europesays.com\/no\/wp-json\/wp\/v2\/posts\/112321","targetHints":{"allow":["GET"]}}],"collection":[{"href":"https:\/\/www.europesays.com\/no\/wp-json\/wp\/v2\/posts"}],"about":[{"href":"https:\/\/www.europesays.com\/no\/wp-json\/wp\/v2\/types\/post"}],"author":[{"embeddable":true,"href":"https:\/\/www.europesays.com\/no\/wp-json\/wp\/v2\/users\/2"}],"replies":[{"embeddable":true,"href":"https:\/\/www.europesays.com\/no\/wp-json\/wp\/v2\/comments?post=112321"}],"version-history":[{"count":0,"href":"https:\/\/www.europesays.com\/no\/wp-json\/wp\/v2\/posts\/112321\/revisions"}],"wp:featuredmedia":[{"embeddable":true,"href":"https:\/\/www.europesays.com\/no\/wp-json\/wp\/v2\/media\/112322"}],"wp:attachment":[{"href":"https:\/\/www.europesays.com\/no\/wp-json\/wp\/v2\/media?parent=112321"}],"wp:term":[{"taxonomy":"category","embeddable":true,"href":"https:\/\/www.europesays.com\/no\/wp-json\/wp\/v2\/categories?post=112321"},{"taxonomy":"post_tag","embeddable":true,"href":"https:\/\/www.europesays.com\/no\/wp-json\/wp\/v2\/tags?post=112321"}],"curies":[{"name":"wp","href":"https:\/\/api.w.org\/{rel}","templated":true}]}}