{"id":112323,"date":"2025-12-13T16:23:13","date_gmt":"2025-12-13T16:23:13","guid":{"rendered":"https:\/\/www.europesays.com\/no\/112323\/"},"modified":"2025-12-13T16:23:13","modified_gmt":"2025-12-13T16:23:13","slug":"derfor-blir-ungdom-sa-avhengige-av-sosiale-medier","status":"publish","type":"post","link":"https:\/\/www.europesays.com\/no\/112323\/","title":{"rendered":"Derfor blir ungdom s\u00e5 avhengige av sosiale medier"},"content":{"rendered":"<p class=\"extendedContent hyperion-css-eyn926\" data-test-tag=\"lead-text\">Denne uken innf\u00f8rte Australia en historisk aldersgrense for sosiale medier. Noe av bakgrunnen ligger i ten\u00e5ringshjernen.<\/p>\n<p>Publisert: 13.12.2025 16:34<\/p>\n<p class=\"paywall hyperion-css-1j42uic\">Se for deg et nabolag du har bes\u00f8kt tusen ganger f\u00f8r. Det er m\u00f8ysommelig bygget opp gjennom flere \u00e5r, og det er blitt et relativt harmonisk str\u00f8k hvor du er godt kjent. <\/p>\n<p class=\"paywall hyperion-css-1j42uic\">Men s\u00e5 skjer det noe. En gjeng nye naboer ankommer. De hoier og br\u00f8ler og jubler, og det settes i gang en voldsom renovering av stedet. Flere hus f\u00e5r nye etasjer eller skifter farge. Noen stier blir til gater, mens andre forsvinner helt. <\/p>\n<p class=\"hyperion-css-1qm9e9t\">Les hele saken med abonnement<\/p>\n<p>Allerede abonnent? Logg inn<\/p>\n","protected":false},"excerpt":{"rendered":"Denne uken innf\u00f8rte Australia en historisk aldersgrense for sosiale medier. Noe av bakgrunnen ligger i ten\u00e5ringshjernen. Publisert: 13.12.2025&hellip;\n","protected":false},"author":2,"featured_media":112324,"comment_status":"","ping_status":"","sticky":false,"template":"","format":"standard","meta":{"footnotes":""},"categories":[5],"tags":[20,21,24,25,15,19,22,23,17,18,13,30,28,29,14,16,26,27],"class_list":{"0":"post-112323","1":"post","2":"type-post","3":"status-publish","4":"format-standard","5":"has-post-thumbnail","7":"category-overskrifter","8":"tag-breaking-news","9":"tag-breakingnews","10":"tag-featured-news","11":"tag-featurednews","12":"tag-headlines","13":"tag-hovedoppslag","14":"tag-latest-news","15":"tag-latestnews","16":"tag-main-news","17":"tag-mainnews","18":"tag-news","19":"tag-no","20":"tag-norge","21":"tag-norway","22":"tag-nyheter","23":"tag-overskrifter","24":"tag-top-stories","25":"tag-topstories"},"share_on_mastodon":{"url":"https:\/\/pubeurope.com\/@no\/115713186598314425","error":""},"_links":{"self":[{"href":"https:\/\/www.europesays.com\/no\/wp-json\/wp\/v2\/posts\/112323","targetHints":{"allow":["GET"]}}],"collection":[{"href":"https:\/\/www.europesays.com\/no\/wp-json\/wp\/v2\/posts"}],"about":[{"href":"https:\/\/www.europesays.com\/no\/wp-json\/wp\/v2\/types\/post"}],"author":[{"embeddable":true,"href":"https:\/\/www.europesays.com\/no\/wp-json\/wp\/v2\/users\/2"}],"replies":[{"embeddable":true,"href":"https:\/\/www.europesays.com\/no\/wp-json\/wp\/v2\/comments?post=112323"}],"version-history":[{"count":0,"href":"https:\/\/www.europesays.com\/no\/wp-json\/wp\/v2\/posts\/112323\/revisions"}],"wp:featuredmedia":[{"embeddable":true,"href":"https:\/\/www.europesays.com\/no\/wp-json\/wp\/v2\/media\/112324"}],"wp:attachment":[{"href":"https:\/\/www.europesays.com\/no\/wp-json\/wp\/v2\/media?parent=112323"}],"wp:term":[{"taxonomy":"category","embeddable":true,"href":"https:\/\/www.europesays.com\/no\/wp-json\/wp\/v2\/categories?post=112323"},{"taxonomy":"post_tag","embeddable":true,"href":"https:\/\/www.europesays.com\/no\/wp-json\/wp\/v2\/tags?post=112323"}],"curies":[{"name":"wp","href":"https:\/\/api.w.org\/{rel}","templated":true}]}}