{"id":112325,"date":"2025-12-13T16:24:16","date_gmt":"2025-12-13T16:24:16","guid":{"rendered":"https:\/\/www.europesays.com\/no\/112325\/"},"modified":"2025-12-13T16:24:16","modified_gmt":"2025-12-13T16:24:16","slug":"sorloth-med-annullert-scoring-i-atletico-seier-spilte-hele-kampen","status":"publish","type":"post","link":"https:\/\/www.europesays.com\/no\/112325\/","title":{"rendered":"S\u00f8rloth med annullert scoring i Atletico-seier \u2013 spilte hele kampen"},"content":{"rendered":"\n<p class=\"_lead_o9xde_2 _lead_xtcu6_50 layout-component text-serif-m layout-normal text-serif-l layout-component layout-wide layout-padded _wide_17hqh_1 layout-padded\">Alexander S\u00f8rloth fikk en sjelden, full kamp fra start for Atl\u00e9tico Madrid, men gikk m\u00e5ll\u00f8s av banen med scoring annullert av VAR i 2-1-seieren over Valencia.<\/p>\n<p><img alt=\"Alexander S\u00f8rloth var centimeter unna scoring for Atl\u00e9tico Madrid l\u00f8rdag.  Foto: Fredrik Varfjell \/ NTB\" class=\"_image_qp4xg_65 layout-component layout-wide\" data-fullscreen- data-track-element-type=\"Article image fullscreen\" data-track-name=\"ImageFullscreen\" fetchpriority=\"high\" decoding=\"sync\" loading=\"eager\" height=\"2755\" itemprop=\"image\"  src=\"https:\/\/www.europesays.com\/no\/wp-content\/uploads\/2025\/12\/ed4f1b5d-0eca-4a22-a72b-82252fa1a3ec\"  style=\"object-position:0% 0%\" width=\"4133\"\/>Alexander S\u00f8rloth var centimeter unna scoring for Atl\u00e9tico Madrid l\u00f8rdag.  Foto: Fredrik Varfjell \/ NTB<\/p>\n<ul aria-hidden=\"true\" class=\"_images_ntbth_112\">\n<li><a class=\"_link_ntbth_117\" href=\"https:\/\/www.vg.no\/forfatter\/ntb\" style=\"z-index:1\" title=\"NTB\" rel=\"nofollow noopener\" target=\"_blank\"><img alt=\"Bilde av NTB\" class=\"_image_ntbth_93\" fetchpriority=\"low\" loading=\"lazy\" decoding=\"async\" itemprop=\"image\"  src=\"https:\/\/www.europesays.com\/no\/wp-content\/uploads\/2025\/12\/1765643056_91_c33980b0-5d07-4027-84a1-813f90a7c8d6\"  width=\"480\"\/><\/a><\/li>\n<\/ul>\n<p> Oppdatert l\u00f8rdag 13. desember kl. 16:01     <\/p>\n<p class=\"_paragraph_o9xde_4 _paragraph_xtcu6_10 layout-component text-serif-m layout-normal text-serif-m layout-padded\">Den norske landslagsspissen har slitt med spilletiden p\u00e5 klubbniv\u00e5 denne sesongen og fikk muligheten i samfulle 90 minutter bare for andre gang denne sesongen.<\/p>\n<p class=\"_paragraph_o9xde_4 _paragraph_xtcu6_10 layout-component text-serif-m layout-normal text-serif-m layout-padded\">Mannen med flest minutter gjennom tidene for Atletico, midtbaneveteranen Koke, ga hjemmelaget ledelsen etter 17 minutter. S\u00f8rloth gikk til hvilen uten nettkjenning, men med et gult kort.<\/p>\n<p class=\"_paragraph_o9xde_4 _paragraph_xtcu6_10 layout-component text-serif-m layout-normal text-serif-m layout-padded\">Etter pause utlignet Fran Beltran for Valencia, men innbytter Antoine Griezmann tok ansvar og s\u00f8rget for 2-1 med en flott scoring med et dr\u00f8yt kvarter igjen.<\/p>\n<p class=\"_paragraph_o9xde_4 _paragraph_xtcu6_10 layout-component text-serif-m layout-normal text-serif-m layout-padded\">F\u00e5 minutter senere serverte Griezmann ballen til S\u00f8rloth som slapp jubelen l\u00f8s etter at han avsluttet sikkert i m\u00e5l, men jubelen stilnet da m\u00e5let ble annullert for offside etter en VAR-sjekk.<\/p>\n<p class=\"_paragraph_o9xde_4 _paragraph_xtcu6_10 layout-component text-serif-m layout-normal text-serif-m layout-padded\">Dermed m\u00e5tte nordmannen g\u00e5 m\u00e5ll\u00f8s av banen etter \u00e5 ha herjet tidligere i uka med matchvinnerscoring, assist og prisen som banens beste da Atletico vant 3-2 over PSV i Champions League tirsdag.<\/p>\n<p class=\"_paragraph_o9xde_4 _paragraph_xtcu6_10 layout-component text-serif-m layout-normal text-serif-m layout-padded\">I La Liga st\u00e5r S\u00f8rloth med fire m\u00e5l p\u00e5 16 kamper, mange av dem som innbytter. Atletico ligger p\u00e5 4.-plass i ligaen etter 17 kamper spilt.<\/p>\n","protected":false},"excerpt":{"rendered":"Alexander S\u00f8rloth fikk en sjelden, full kamp fra start for Atl\u00e9tico Madrid, men gikk m\u00e5ll\u00f8s av banen med&hellip;\n","protected":false},"author":2,"featured_media":112326,"comment_status":"","ping_status":"","sticky":false,"template":"","format":"standard","meta":{"footnotes":""},"categories":[59],"tags":[30,28,29,83,82],"class_list":{"0":"post-112325","1":"post","2":"type-post","3":"status-publish","4":"format-standard","5":"has-post-thumbnail","7":"category-sport","8":"tag-no","9":"tag-norge","10":"tag-norway","11":"tag-sport","12":"tag-sports"},"share_on_mastodon":{"url":"https:\/\/pubeurope.com\/@no\/115713190923654002","error":""},"_links":{"self":[{"href":"https:\/\/www.europesays.com\/no\/wp-json\/wp\/v2\/posts\/112325","targetHints":{"allow":["GET"]}}],"collection":[{"href":"https:\/\/www.europesays.com\/no\/wp-json\/wp\/v2\/posts"}],"about":[{"href":"https:\/\/www.europesays.com\/no\/wp-json\/wp\/v2\/types\/post"}],"author":[{"embeddable":true,"href":"https:\/\/www.europesays.com\/no\/wp-json\/wp\/v2\/users\/2"}],"replies":[{"embeddable":true,"href":"https:\/\/www.europesays.com\/no\/wp-json\/wp\/v2\/comments?post=112325"}],"version-history":[{"count":0,"href":"https:\/\/www.europesays.com\/no\/wp-json\/wp\/v2\/posts\/112325\/revisions"}],"wp:featuredmedia":[{"embeddable":true,"href":"https:\/\/www.europesays.com\/no\/wp-json\/wp\/v2\/media\/112326"}],"wp:attachment":[{"href":"https:\/\/www.europesays.com\/no\/wp-json\/wp\/v2\/media?parent=112325"}],"wp:term":[{"taxonomy":"category","embeddable":true,"href":"https:\/\/www.europesays.com\/no\/wp-json\/wp\/v2\/categories?post=112325"},{"taxonomy":"post_tag","embeddable":true,"href":"https:\/\/www.europesays.com\/no\/wp-json\/wp\/v2\/tags?post=112325"}],"curies":[{"name":"wp","href":"https:\/\/api.w.org\/{rel}","templated":true}]}}