{"id":112328,"date":"2025-12-13T16:31:14","date_gmt":"2025-12-13T16:31:14","guid":{"rendered":"https:\/\/www.europesays.com\/no\/112328\/"},"modified":"2025-12-13T16:31:14","modified_gmt":"2025-12-13T16:31:14","slug":"langrenn-klaebo-med-sjokk-exit-ytterst-sjelden-vare","status":"publish","type":"post","link":"https:\/\/www.europesays.com\/no\/112328\/","title":{"rendered":"Langrenn: Kl\u00e6bo med sjokk-exit: &#8211; Ytterst sjelden vare"},"content":{"rendered":"<p class=\"italic m-italic\" data-lab-italic=\"italic\">Saken oppdateres!<\/p>\n<p class=\"no_italic m-no_italic\" data-lab-italic=\"\">To krevende svinger i Davos var nok til \u00e5 sette Johannes H\u00f8sflot Kl\u00e6bo ut av spill.<\/p>\n<p class=\"no_italic m-no_italic\" data-lab-italic=\"\">Med et nesten-fall cirka ett minutt ut i kvartfinalen og en sv\u00e6rt lang sving rett f\u00f8r oppl\u00f8pet endte Kl\u00e6bo p\u00e5 fjerdeplass i f\u00f8rste heat. Tiden var ikke god nok til \u00e5 ta seg videre som \u00ablucky looser\u00bb.<\/p>\n<p>        <img class=\"image__img lazyload\" itemprop=\"image\" title=\"Foto: Maxim Thore \/ BILDBYR\u00c5N\" alt=\"LANG SVING: Johannes H\u00f8sflot Kl\u00e6bo havnet langt ute i svingen f\u00f8r oppl\u00f8pet i sprintkvartfinalen. Foto: Maxim Thore \/ BILDBYR\u00c5N\" width=\"675\" height=\"379\" bad-src=\"https:\/\/www.europesays.com\/no\/wp-content\/uploads\/2025\/12\/18382634.webp\" fetchpriority=\"auto\" \/><\/p>\n<p>      LANG SVING: Johannes H\u00f8sflot Kl\u00e6bo havnet langt ute i svingen f\u00f8r oppl\u00f8pet i sprintkvartfinalen.<br \/>\n         Foto: Maxim Thore \/ BILDBYR\u00c5N<\/p>\n<p class=\"no_italic m-no_italic\" data-lab-italic=\"\">\u2013 Han gj\u00f8r feil vi vanligvis ikke ser av Kl\u00e6bo. Dette er ytterst, ytterst sjelden vare. Han gj\u00f8r nesten aldri feil, men i dag gj\u00f8r han to. F\u00f8rst g\u00e5r han nesten p\u00e5 rumpa p\u00e5 f\u00f8rsterunden, og s\u00e5 bommer han fullstendig i den samme svingen p\u00e5 vei inn mot oppl\u00f8pet. Jeg er sjokkert, sier TV 2s langrennsekspert Petter Skinstad.<\/p>\n<p class=\"no_italic m-no_italic\" data-lab-italic=\"\">Kl\u00e6bo har dominert flere renn i verdenscupen denne sesongen, men i Sveits ble det alts\u00e5 stang ut lenge f\u00f8r finalen.<\/p>\n<p class=\"no_italic m-no_italic\" data-lab-italic=\"\">Dette er ogs\u00e5 f\u00f8rste sprint uten seier siden januar 2024 for 29-\u00e5ringen, etter 23 sprintseire p\u00e5 rad.<\/p>\n<p class=\"no_italic m-no_italic\" data-lab-italic=\"\">\u2013 Johannes H\u00f8sflot Kl\u00e6bo har skrevet skihistorie med sine over 100 verdenscupseiere, men \u00e5 se han ryke ut p\u00e5 denne m\u00e5ten er nesten like historisk. S\u00e5 god er han at jeg nesten ikke tror det jeg ser n\u00e5r han roter det til i den samme svingen to ganger, fortsetter Skinstad.<\/p>\n<p class=\"no_italic m-no_italic\" data-lab-italic=\"\">Kl\u00e6bo var heller ikke den eneste som slet i de sveitsiske svingene. Even Northug var en av flere ut\u00f8vere som gikk i bakken i kvartfinalene.<\/p>\n<p class=\"no_italic m-no_italic\" data-lab-italic=\"\">\u2013 Man m\u00e5 sp\u00f8rre seg om arrang\u00f8ren har gjort en god nok jobb med prepareringen. Det var mange som hadde problemer i den svingen i g\u00e5r, og i dag er det enda verre. Det er kritikkverdig, selv om det naturligvis er l\u00f8pernes ansvar \u00e5 holde seg unna de isete partiene i svingen, mener eksperten.\u00a0<\/p>\n","protected":false},"excerpt":{"rendered":"Saken oppdateres! To krevende svinger i Davos var nok til \u00e5 sette Johannes H\u00f8sflot Kl\u00e6bo ut av spill.&hellip;\n","protected":false},"author":2,"featured_media":112329,"comment_status":"","ping_status":"","sticky":false,"template":"","format":"standard","meta":{"footnotes":""},"categories":[5],"tags":[20,21,24,25,15,19,22,23,17,18,13,30,28,29,14,16,26,27],"class_list":{"0":"post-112328","1":"post","2":"type-post","3":"status-publish","4":"format-standard","5":"has-post-thumbnail","7":"category-overskrifter","8":"tag-breaking-news","9":"tag-breakingnews","10":"tag-featured-news","11":"tag-featurednews","12":"tag-headlines","13":"tag-hovedoppslag","14":"tag-latest-news","15":"tag-latestnews","16":"tag-main-news","17":"tag-mainnews","18":"tag-news","19":"tag-no","20":"tag-norge","21":"tag-norway","22":"tag-nyheter","23":"tag-overskrifter","24":"tag-top-stories","25":"tag-topstories"},"share_on_mastodon":{"url":"https:\/\/pubeurope.com\/@no\/115713217817042648","error":""},"_links":{"self":[{"href":"https:\/\/www.europesays.com\/no\/wp-json\/wp\/v2\/posts\/112328","targetHints":{"allow":["GET"]}}],"collection":[{"href":"https:\/\/www.europesays.com\/no\/wp-json\/wp\/v2\/posts"}],"about":[{"href":"https:\/\/www.europesays.com\/no\/wp-json\/wp\/v2\/types\/post"}],"author":[{"embeddable":true,"href":"https:\/\/www.europesays.com\/no\/wp-json\/wp\/v2\/users\/2"}],"replies":[{"embeddable":true,"href":"https:\/\/www.europesays.com\/no\/wp-json\/wp\/v2\/comments?post=112328"}],"version-history":[{"count":0,"href":"https:\/\/www.europesays.com\/no\/wp-json\/wp\/v2\/posts\/112328\/revisions"}],"wp:featuredmedia":[{"embeddable":true,"href":"https:\/\/www.europesays.com\/no\/wp-json\/wp\/v2\/media\/112329"}],"wp:attachment":[{"href":"https:\/\/www.europesays.com\/no\/wp-json\/wp\/v2\/media?parent=112328"}],"wp:term":[{"taxonomy":"category","embeddable":true,"href":"https:\/\/www.europesays.com\/no\/wp-json\/wp\/v2\/categories?post=112328"},{"taxonomy":"post_tag","embeddable":true,"href":"https:\/\/www.europesays.com\/no\/wp-json\/wp\/v2\/tags?post=112328"}],"curies":[{"name":"wp","href":"https:\/\/api.w.org\/{rel}","templated":true}]}}