{"id":112330,"date":"2025-12-13T16:33:21","date_gmt":"2025-12-13T16:33:21","guid":{"rendered":"https:\/\/www.europesays.com\/no\/112330\/"},"modified":"2025-12-13T16:33:21","modified_gmt":"2025-12-13T16:33:21","slug":"se-de-beste-antrekkene-fra-elle-gallaen-2025","status":"publish","type":"post","link":"https:\/\/www.europesays.com\/no\/112330\/","title":{"rendered":"Se de beste antrekkene fra Elle-gallaen 2025"},"content":{"rendered":"<p class=\"kicker \" style=\"\">Jan Thomas\u00a0<\/p>\n<p>  P\u00e5 \u00e5rets Elle-galla s\u00e5 vi b\u00e5de politikere, artister og designere i skj\u00f8nn forening p\u00e5 r\u00f8d l\u00f8per.<\/p>\n<p>\n    R\u00d8DL\u00d8PER: Elli M\u00fcller Osborne (24), Astrid Smedplass (29) og Ruben Markussen (30). Foto: Andreas Fadum\n  <\/p>\n<p>        <img loading=\"lazy\" decoding=\"async\" src=\"https:\/\/www.europesays.com\/no\/wp-content\/uploads\/2025\/12\/83943119.webp\" width=\"579\" height=\"973\" title=\"Skuffende\" alt=\"\" class=\"\" style=\"--aspect-ratio-image: 0.60; \"\/><\/p>\n<p class=\"font-weight-bold m-font-weight-bold\" data-lab-font_weight=\"font-weight-bold\">Elli M\u00fcller Osborne (24)<\/p>\n<p>Kjent fra \u00abRequiem for Celina\u00bb<\/p>\n<p>Antrekk: Kjole fra Jacquemus<\/p>\n<p>Elli er uten tvil en av kveldens vakreste kvinner, men dette er galla, og da stilles det andre krav. Kjolen er elegant, men passer bedre til en fest enn til en h\u00f8ytidelig galla.\u00a0<\/p>\n<p>Galla er galla uansett hvor i verden man er, og da forventes det mer enn et klassisk hverdags-antrekk. Antrekket st\u00e5r ikke i stil med anledningen, noe som gj\u00f8r helheten litt skuffende.<\/p>\n<p>      Vis mer<br \/>\n      Vis mindre<\/p>\n<p>        <img loading=\"lazy\" decoding=\"async\" src=\"https:\/\/www.europesays.com\/no\/wp-content\/uploads\/2025\/12\/83943133.webp\" width=\"579\" height=\"910\" title=\"Utrolig vakkert\" alt=\"\" class=\"\" style=\"--aspect-ratio-image: 0.64; \"\/><\/p>\n<p class=\"font-weight-bold m-font-weight-bold\" data-lab-font_weight=\"font-weight-bold\">Vivild Falk Berg (27)<\/p>\n<p>Kjent fra \u00abP\u00f8rni\u00bb<\/p>\n<p>Antrekk: Kjole fra Pia Tjelta<\/p>\n<p>Vivild har valgt en helt enkel kjole til anledningen, og ofte er det nettopp det enkle som er det aller beste. Kjolen sitter som et skudd, og gir henne en nydelig silhuett.\u00a0<\/p>\n<p>H\u00e5r og sminke er p\u00e5 sitt absolutt beste, og de diskrete smykkene gj\u00f8r at jeg nesten vil trekke en parallell til Audrey Hepburn i \u00abBreakfast at Tiffany\u2019s\u00bb. Dette var rett og slett utrolig vakkert.<\/p>\n<p>      Vis mer<br \/>\n      Vis mindre<\/p>\n<p>        <img loading=\"lazy\" decoding=\"async\" src=\"https:\/\/www.europesays.com\/no\/wp-content\/uploads\/2025\/12\/83943139.webp\" width=\"579\" height=\"846\" title=\"Spektakul\u00e6rt\" alt=\"\" class=\"\" style=\"--aspect-ratio-image: 0.68; \"\/><\/p>\n<p class=\"font-weight-bold m-font-weight-bold\" data-lab-font_weight=\"font-weight-bold\">Astrid Smeplass (29)<\/p>\n<p>Artist<\/p>\n<p>Antrekk: Kjole fra Underwood<\/p>\n<p>Astrid tar rett og slett pusten fra meg. Dette er noe av det mest spektakul\u00e6re jeg har sett p\u00e5 en norsk r\u00f8d l\u00f8per siden jeg kom hjem i 2001. Kjolen er et eventyr fra topp til t\u00e5 med en enkel overdel, dramatisk skj\u00f8rt og h\u00f8y splitt som oser av eleganse og selvtillit.\u00a0<\/p>\n<p>Hudfargede sko, enkel h\u00e5r og sminke fullf\u00f8rer helheten. Astrid str\u00e5ler som den superstjernen hun er.<\/p>\n<p>      Vis mer<br \/>\n      Vis mindre<\/p>\n<p>        <img loading=\"lazy\" decoding=\"async\" src=\"https:\/\/www.europesays.com\/no\/wp-content\/uploads\/2025\/12\/83943146.webp\" width=\"579\" height=\"881\" title=\"Luksus og eleganse\" alt=\"\" class=\"\" style=\"--aspect-ratio-image: 0.66; \"\/><\/p>\n<p class=\"font-weight-bold m-font-weight-bold\" data-lab-font_weight=\"font-weight-bold\">Marte Krogh (50)<\/p>\n<p>Fiolinist <\/p>\n<p>Antrekk: Ukjent<\/p>\n<p>Marte gj\u00f8r alt riktig denne kvelden. I en kjole som balanserer det sexy og sofistikerte p\u00e5 mesterlig vis, fremst\u00e5r hun som en av kveldens aller best kledde. Det transparente stoffet er brukt med presisjon, og helheten oser av luksus og eleganse.\u00a0<\/p>\n<p>H\u00e5r og sminke er perfekt tilpasset, akkurat slik en stylist med erfaring fra de st\u00f8rste motehusene ville gjort. Marte skuffer aldri p\u00e5 r\u00f8d l\u00f8per, og her leverer hun til gull.<\/p>\n<p>      Vis mer<br \/>\n      Vis mindre<\/p>\n<p>        <img loading=\"lazy\" decoding=\"async\" src=\"https:\/\/www.europesays.com\/no\/wp-content\/uploads\/2025\/12\/83943152.webp\" width=\"579\" height=\"915\" title=\"R\u00e5tt, men feil\" alt=\"\" class=\"\" style=\"--aspect-ratio-image: 0.63; \"\/><\/p>\n<p class=\"font-weight-bold m-font-weight-bold\" data-lab-font_weight=\"font-weight-bold\">Ruben Markussen (30)<\/p>\n<p>Kjent fra \u00abKompani Lauritzen\u00bb<\/p>\n<p>Antrekk: Ukjent<\/p>\n<p>Ruben er en fantastisk artist med en tydelig og kul stil, og antrekket i seg selv er r\u00e5tt. Men p\u00e5 samme m\u00e5te som Karsten Warholm ikke m\u00f8ter kongen i shorts, stiller man heller ikke i shorts p\u00e5 en galla.\u00a0<\/p>\n<p>Uansett hvem man er. Dette hadde v\u00e6rt et perfekt antrekk til en kveld p\u00e5 \u00abSkal vi danse\u00bb, men ikke her. Galla krever respekt for anledningen, og her treffer Ruben dessverre helt feil.<\/p>\n<p>      Vis mer<br \/>\n      Vis mindre<\/p>\n<p>        <img loading=\"lazy\" decoding=\"async\" src=\"https:\/\/www.europesays.com\/no\/wp-content\/uploads\/2025\/12\/83943162.webp\" width=\"579\" height=\"886\" title=\"Uforskammet sexy\" alt=\"\" class=\"\" style=\"--aspect-ratio-image: 0.65; \"\/><\/p>\n<p class=\"font-weight-bold m-font-weight-bold\" data-lab-font_weight=\"font-weight-bold\">Nora Haukland (28)<\/p>\n<p>Kjent fra \u00abLove Island\u00bb<\/p>\n<p>Antrekk: Kjole fra Christopher Esber<\/p>\n<p>Nora er str\u00e5lende vakker i en kjole som kunne v\u00e6rt l\u00e5nt fra en av Kardashian-s\u00f8strene. Den sitter som et skudd, oser av selvtillit og er uforskammet sexy. N\u00e5r det gjelder h\u00e5rfargen, er jeg usikker. Det blonde gir et mildt uttrykk, men stjeler litt av intensiteten som gj\u00f8r Nora s\u00e5 s\u00e6rpreget. Jeg ville nok g\u00e5tt tilbake til den m\u00f8rkere varianten.<\/p>\n<p>      Vis mer<br \/>\n      Vis mindre<\/p>\n<p>.<\/p>\n","protected":false},"excerpt":{"rendered":"Jan Thomas\u00a0 P\u00e5 \u00e5rets Elle-galla s\u00e5 vi b\u00e5de politikere, artister og designere i skj\u00f8nn forening p\u00e5 r\u00f8d l\u00f8per.&hellip;\n","protected":false},"author":2,"featured_media":112331,"comment_status":"","ping_status":"","sticky":false,"template":"","format":"standard","meta":{"footnotes":""},"categories":[58],"tags":[13723,4104,71,2286,479,13722,8012,30,831,28,29,13724,72,8113],"class_list":{"0":"post-112330","1":"post","2":"type-post","3":"status-publish","4":"format-standard","5":"has-post-thumbnail","7":"category-underholdning","8":"tag-astrid-smeplass","9":"tag-eksklusivt","10":"tag-entertainment","11":"tag-jan-thomas","12":"tag-kjendis","13":"tag-marte-krogh","14":"tag-motepolitiet","15":"tag-no","16":"tag-nora-haukland","17":"tag-norge","18":"tag-norway","19":"tag-ruben-markussen","20":"tag-underholdning","21":"tag-vivild-falk-berg"},"share_on_mastodon":{"url":"https:\/\/pubeurope.com\/@no\/115713226362775017","error":""},"_links":{"self":[{"href":"https:\/\/www.europesays.com\/no\/wp-json\/wp\/v2\/posts\/112330","targetHints":{"allow":["GET"]}}],"collection":[{"href":"https:\/\/www.europesays.com\/no\/wp-json\/wp\/v2\/posts"}],"about":[{"href":"https:\/\/www.europesays.com\/no\/wp-json\/wp\/v2\/types\/post"}],"author":[{"embeddable":true,"href":"https:\/\/www.europesays.com\/no\/wp-json\/wp\/v2\/users\/2"}],"replies":[{"embeddable":true,"href":"https:\/\/www.europesays.com\/no\/wp-json\/wp\/v2\/comments?post=112330"}],"version-history":[{"count":0,"href":"https:\/\/www.europesays.com\/no\/wp-json\/wp\/v2\/posts\/112330\/revisions"}],"wp:featuredmedia":[{"embeddable":true,"href":"https:\/\/www.europesays.com\/no\/wp-json\/wp\/v2\/media\/112331"}],"wp:attachment":[{"href":"https:\/\/www.europesays.com\/no\/wp-json\/wp\/v2\/media?parent=112330"}],"wp:term":[{"taxonomy":"category","embeddable":true,"href":"https:\/\/www.europesays.com\/no\/wp-json\/wp\/v2\/categories?post=112330"},{"taxonomy":"post_tag","embeddable":true,"href":"https:\/\/www.europesays.com\/no\/wp-json\/wp\/v2\/tags?post=112330"}],"curies":[{"name":"wp","href":"https:\/\/api.w.org\/{rel}","templated":true}]}}