{"id":112345,"date":"2025-12-13T16:54:09","date_gmt":"2025-12-13T16:54:09","guid":{"rendered":"https:\/\/www.europesays.com\/no\/112345\/"},"modified":"2025-12-13T16:54:09","modified_gmt":"2025-12-13T16:54:09","slug":"mohamed-salah-liverpool-mohamed-salah-sjokk-overraskende-vending","status":"publish","type":"post","link":"https:\/\/www.europesays.com\/no\/112345\/","title":{"rendered":"Mohamed Salah, Liverpool | Mohamed Salah-sjokk: \u2013 Overraskende vending"},"content":{"rendered":"\n<p><b><a href=\"https:\/\/live.nettavisen.no\/fotball\/1\/2025-12-13\/kamp\/2636405\" rel=\"Follow nofollow noopener\" target=\"_blank\">LIVERPOOL \u2013 BRIGHTON 2\u20130 (p\u00e5g\u00e5r):<\/a><\/b><\/p>\n<p>Mohamed Salah startet l\u00f8rdagens kamp for Liverpool mot Brighton p\u00e5 benken.<\/p>\n<p>Det har stormet rundt den egyptiske stjernen de siste tiden etter et sjokkintervju der han gikk hardt til verks.<\/p>\n<p>Mange har spekulert i at Salah er ferdig i Liverpool som en f\u00f8lge av tiraden, men l\u00f8rdag fikk han etter hvert sjansen.<\/p>\n<p>Overrasket av Salah-innhopp<\/p>\n<p>Da Joe Gomez p\u00e5dro seg en skade og m\u00e5tte g\u00e5 av, valgte hovedtrener Arne Slot \u00e5 kaste inn veteranen.<\/p>\n<p>\u2013 Oi, Salah kommer p\u00e5. Det er en overraskende vending, sier Viaplay-kommentator Eivind Bisgaard Sundet.<\/p>\n<p> Salah fikk ogs\u00e5 en varm velkomst fra Anfield-publikummet da han endret banen.<\/p>\n<p><b>Les ogs\u00e5: <a href=\"https:\/\/www.nettavisen.no\/sport\/klaveness-slar-alarm-vi-har-store-utfordringer\/s\/5-95-2776961\" rel=\"Follow nofollow noopener\" target=\"_blank\">Klaveness vil ha endring: \u2013 Vi er bekymret<\/a><\/b><\/p>\n<p>\u2013 De reiser seg p\u00e5 Anfield for den egyptiske kongen, sier Sundet.<\/p>\n<p>\u2013 Da er de i hvert forsont, Arne Slot og Salah, mener Viaplay-kommentatoren.<\/p>\n<p>Etter bare sekunder p\u00e5 banen holdt ogs\u00e5 angrepsspilleren p\u00e5 \u00e5 skape en enorm mulighet for hjemmelaget.<\/p>\n<p>\u2013 Der ser vi genialiteten til Salah, sier Sundet.<\/p>\n<p>Dr\u00f8mmestart for Liverpool<\/p>\n<p>Tidligere Liverpool-back Stephen Warnock mener ogs\u00e5 dette tyder p\u00e5 at Slot og Salah har lagt feiden bak seg.<\/p>\n<p><b>Les ogs\u00e5:<a href=\"https:\/\/www.nettavisen.no\/sport\/fotballstjernen-pogba-fascinert-av-kamelveddelop-har-kjopt-profflag\/s\/5-95-2778636\" rel=\"Follow nofollow noopener\" target=\"_blank\"> Paul Pogba investerer i kameler <\/a><\/b><\/p>\n<p> \u2013 N\u00e5 m\u00e5 Salah finne selvtilliten igjen. Liverpool-fansen tyder nok dette som at Slot og Salah har blitt enige, sier han if\u00f8lge BBC.<\/p>\n<p>\u2013 N\u00e5 er det p\u00e5 tide \u00e5 la verden g\u00e5 videre, mener BBC-eksperten. <\/p>\n<p>De r\u00f8de fikk ogs\u00e5 en dr\u00f8mmestart p\u00e5 hjemmekampen mot Brighton da Hugo Ekitike sendte vertene foran tidlig i f\u00f8rste omgang.<\/p>\n<p>Brighton hadde ogs\u00e5 sine sjanser, men keeper Alisson Becker var som vanlig solid bakerst for Liverpool.<\/p>\n<p>Liverpool kunne ogs\u00e5 pyntet ytterligere p\u00e5 m\u00e5lstatistikken med flere gode sjanser.<\/p>\n<p>Salah med m\u00e5lgivende pasning <\/p>\n<p>Etter 60 minutter doblet Liverpool ledelsen, igjen ved Ekitike.<\/p>\n<p>Nest sist p\u00e5 ballen? Det var selvsagt Mohamed Salah som slo en corner perfekt p\u00e5 hodet til franskmannen.<\/p>\n","protected":false},"excerpt":{"rendered":"LIVERPOOL \u2013 BRIGHTON 2\u20130 (p\u00e5g\u00e5r): Mohamed Salah startet l\u00f8rdagens kamp for Liverpool mot Brighton p\u00e5 benken. Det har&hellip;\n","protected":false},"author":2,"featured_media":112346,"comment_status":"","ping_status":"","sticky":false,"template":"","format":"standard","meta":{"footnotes":""},"categories":[59],"tags":[30,28,29,83,82],"class_list":{"0":"post-112345","1":"post","2":"type-post","3":"status-publish","4":"format-standard","5":"has-post-thumbnail","7":"category-sport","8":"tag-no","9":"tag-norge","10":"tag-norway","11":"tag-sport","12":"tag-sports"},"share_on_mastodon":{"url":"https:\/\/pubeurope.com\/@no\/115713308322340059","error":""},"_links":{"self":[{"href":"https:\/\/www.europesays.com\/no\/wp-json\/wp\/v2\/posts\/112345","targetHints":{"allow":["GET"]}}],"collection":[{"href":"https:\/\/www.europesays.com\/no\/wp-json\/wp\/v2\/posts"}],"about":[{"href":"https:\/\/www.europesays.com\/no\/wp-json\/wp\/v2\/types\/post"}],"author":[{"embeddable":true,"href":"https:\/\/www.europesays.com\/no\/wp-json\/wp\/v2\/users\/2"}],"replies":[{"embeddable":true,"href":"https:\/\/www.europesays.com\/no\/wp-json\/wp\/v2\/comments?post=112345"}],"version-history":[{"count":0,"href":"https:\/\/www.europesays.com\/no\/wp-json\/wp\/v2\/posts\/112345\/revisions"}],"wp:featuredmedia":[{"embeddable":true,"href":"https:\/\/www.europesays.com\/no\/wp-json\/wp\/v2\/media\/112346"}],"wp:attachment":[{"href":"https:\/\/www.europesays.com\/no\/wp-json\/wp\/v2\/media?parent=112345"}],"wp:term":[{"taxonomy":"category","embeddable":true,"href":"https:\/\/www.europesays.com\/no\/wp-json\/wp\/v2\/categories?post=112345"},{"taxonomy":"post_tag","embeddable":true,"href":"https:\/\/www.europesays.com\/no\/wp-json\/wp\/v2\/tags?post=112345"}],"curies":[{"name":"wp","href":"https:\/\/api.w.org\/{rel}","templated":true}]}}