{"id":112395,"date":"2025-12-13T18:06:19","date_gmt":"2025-12-13T18:06:19","guid":{"rendered":"https:\/\/www.europesays.com\/no\/112395\/"},"modified":"2025-12-13T18:06:19","modified_gmt":"2025-12-13T18:06:19","slug":"britisk-politi-avviser-etterforskning-av-andrew-mountbatten-windsor","status":"publish","type":"post","link":"https:\/\/www.europesays.com\/no\/112395\/","title":{"rendered":"Britisk politi avviser etterforskning av Andrew Mountbatten Windsor"},"content":{"rendered":"<p class=\"kicker \" style=\"\">Andrew Mountbatten Windsor:<\/p>\n<p>  Andrew ba politilivvakt finne \u00abdritt\u00bb p\u00e5 Virginia Giuffre. Politiet nekter \u00e5 etterforske.<\/p>\n<p>\n    DROPPER ETTERFORSKNING: Andrew Mountbatten Windsor etterforskes ikke etter \u00e5 ha fors\u00f8kt \u00e5 grave fram \u00abdritt\u00bb p\u00e5 Virginia Giuffre. Foto: Steve Parsons\/AP\/NTB\n  <\/p>\n<p>Britisk politi vil ikke etterforske Andrew Mountbatten Windsor (65) etter at han ba en av deres egne betjenter grave opp informasjon om Virginia Giuffre. Det skriver <a href=\"https:\/\/www.dailymail.co.uk\/news\/article-15380755\/Met-Police-no-action-Andrew-asked-one-officers-dig-dirt-accuser-Virginia-Giuffre.html\" rel=\"nofollow noopener\" target=\"_blank\">Daily Mail<\/a>.<\/p>\n<p>        DUKKET OPP: Mandag kveld er kronprinsesse Mette-Marit (52) tilbake p\u00e5 jobb, og til stede hos Kulturkirken Jakob i Oslo. Her arrangerer NRK-podkasten \u00abLeseklubben\u00bb h\u00f8ytlesing av boka \u00abStargate\u00bb &#8211; en julefortelling. Reporter\/video: Brage Hegg\u00f8y<\/p>\n<p>En e-post avsl\u00f8rte at Andrew ba sin livvakt i Met Police om \u00e5 finne informasjon om Giuffre. Han skal ha gitt fra seg hennes f\u00f8dselsdato og personnummer.<\/p>\n<p>Ella Marriott, som leder etterforskningsavdelingen i Met Police, sier politiet har vurdert saken, men ikke funnet grunnlag for etterforskning.<\/p>\n<p>    <a itemprop=\"url\" href=\"https:\/\/www.dagbladet.no\/kjendis\/kommer-med-helseoppdatering\/83977433\" rel=\"nofollow noopener\" target=\"_blank\"><\/p>\n<p>        <img loading=\"lazy\" decoding=\"async\" src=\"https:\/\/www.europesays.com\/no\/wp-content\/uploads\/2025\/12\/83977590.webp\" width=\"980\" height=\"441\" title=\"Kommer med helseoppdatering\" alt=\"\" class=\"lazyload\" style=\"--aspect-ratio-image: 2.22; \"\/><\/p>\n<p>        Kommer med helseoppdatering<\/p>\n<p>    <\/a><\/p>\n<p>&#8211; Vi har gjennomf\u00f8rt en ny vurdering, men ikke funnet bevis for kriminelle handlinger eller tjenesteforseelser, sier hun.<\/p>\n<p>Hun legger til at politiet vil vurdere ny informasjon dersom det dukker opp.<\/p>\n<p>        TRUMP-VITS: Da prins Harry gjestet \u00abThe Late Show with Stephen Colbert\u00ab fikk en vits publikummet til \u00e5 bue. Video: The Late Show With Stephen Colbert \/ Danny Son To \/ R\u00f8d L\u00f8per<\/p>\n<p>Avgj\u00f8relsen kommer som en lettelse for Andrew, som nylig ble avbildet i flere bilder knyttet til Jeffrey Epstein-saken.<\/p>\n<p>        <img loading=\"lazy\" decoding=\"async\" src=\"https:\/\/www.europesays.com\/no\/wp-content\/uploads\/2025\/12\/83980533.webp\" width=\"686\" height=\"906\" title=\"Bill Gates og Andrew Mountbatten Windsor. Foto: House Oversight Democrats\" alt=\"\" class=\"\" style=\"--aspect-ratio-image: 0.76; \"\/><\/p>\n<p>\n        Bill Gates og Andrew Mountbatten Windsor. Foto: House Oversight Democrats\n    <\/p>\n<p>E-posten fra 2011 viste at Andrew ba livvakten om \u00e5 unders\u00f8ke Giuffre.<\/p>\n<p>&#8211; Det ser ogs\u00e5 ut til at hun har rulleblad i USA. Jeg har gitt f\u00f8dselsdato og personnummer til XXX, livvakten p\u00e5 vakt, skrev Andrew i e-posten.<\/p>\n<p>        \u00abUTVIST\u00bb: Prins Andrew er ikke lenger prins og er \u00abutvist\u00bb fra kongefamilien p\u00e5 grunn av sine forbindelser til Jeffrey Epstein. Reporter: Sanne Holt\/ R\u00f8d L\u00f8per. Video: NTB\/ Stella Pictures\/ AFP\/ YouTube\/ BBC\/ Netflix\/ 60Minutes Australia<\/p>\n<p>Det er aldri antydet at livvakten etterkom foresp\u00f8rselen. Giuffres familie har avvist at hun har rulleblad.<\/p>\n<p>    Dette har skjedd:<\/p>\n<ul>\n<li>Jeffrey Epstein ble i 2019 siktet for menneskehandel, der flere av ofrene var mindre\u00e5rige jenter. Han inngikk en tilst\u00e5elsesavtale, og ble registrert som sexforbryter. Samme \u00e5r d\u00f8de han i fengsel, 66 \u00e5r gammel. Mange sp\u00f8rsm\u00e5l forblir derfor ubesvart, siden saken aldri kom til retten.<\/li>\n<li>En av de mest omtalte sakene omhandler Andrew Windsor Mountbatten.\u00a0<\/li>\n<li>I et rettsdokument fra desember 2014 fortalte Virginia Giuffre at hun ble sendt til den dav\u00e6rende prinsen tre ganger mens hun var 17 \u00e5r gammel for \u00e5 utf\u00f8re seksuelle tjenester, av Epstein.\u00a0<\/li>\n<li>I 2018 saks\u00f8kte hun Andrew og anklaget ham for seksuelle overgrep, noe han benektet. Giuffre inngikk seinere forlik med Andrew.<\/li>\n<li>I 2022, i kj\u00f8lvannet av saken, ble Andrew fratatt sine milit\u00e6re titler og beskyttelser.\u00a0<\/li>\n<li>I midten av oktober 2025, ga Andrew fra seg resten av titlene sine, deriblant som hertug av York. Den gang ble det sagt at han likevel ville beholde tittelen prins, ettersom han er f\u00f8dt som s\u00f8nn av dronning Elizabeth.<\/li>\n<li>30. oktober kom kontrabeskjeden: Andrew mister prinsetittelen, og hans nye navn er\u00a0Andrew Mountbatten Windsor.\u00a0<\/li>\n<li>Det ble samtidig kjent at han kastes ut av Royal Lodge, hvor han har bodd i over 20 \u00e5r. Andrews nye hjem skal v\u00e6re den private Sandringham-eiendommen i Norfolk. Den vil bli privat finansiert av kongen.<\/li>\n<li>Andrew beholder sin plass i arverekken, som er nummer \u00e5tte.<\/li>\n<li>Avgj\u00f8relsen kommer etter \u00f8kt press p\u00e5 Andrew etter at flere rapporter dukket opp om hans forhold til den avd\u00f8de sexforbryteren Jeffrey Epstein.<\/li>\n<li>For tiden etterforskes ogs\u00e5 flere p\u00e5stander om Andrew av politiet, etter at flere medier har rapportert at han\u00a0skal ha bedt politibeskyttelsen sin om \u00e5\u00a0skaffe personlig informasjon om Virginia Giuffre tilbake i 2011.\u00a0<\/li>\n<\/ul>\n<p>      Vis mer<br \/>\n      Vis mindre<\/p>\n<p>Giuffre, som tok sitt eget liv tidligere i \u00e5r, hevdet at Epstein tvang henne til \u00e5 ha sex med eks-prinsen i London. Andrew har gjentatte ganger avvist anklagene.<\/p>\n","protected":false},"excerpt":{"rendered":"Andrew Mountbatten Windsor: Andrew ba politilivvakt finne \u00abdritt\u00bb p\u00e5 Virginia Giuffre. Politiet nekter \u00e5 etterforske. DROPPER ETTERFORSKNING: Andrew&hellip;\n","protected":false},"author":2,"featured_media":112396,"comment_status":"","ping_status":"","sticky":false,"template":"","format":"standard","meta":{"footnotes":""},"categories":[12],"tags":[10361,20,21,1893,24,25,15,13727,479,76,22,23,13,30,28,29,14,16,26,27,42,9246,43,44,45],"class_list":{"0":"post-112395","1":"post","2":"type-post","3":"status-publish","4":"format-standard","5":"has-post-thumbnail","7":"category-verden","8":"tag-andrew-mountbatten-windsor","9":"tag-breaking-news","10":"tag-breakingnews","11":"tag-det-britiske-kongehuset","12":"tag-featured-news","13":"tag-featurednews","14":"tag-headlines","15":"tag-jeff","16":"tag-kjendis","17":"tag-kongelig","18":"tag-latest-news","19":"tag-latestnews","20":"tag-news","21":"tag-no","22":"tag-norge","23":"tag-norway","24":"tag-nyheter","25":"tag-overskrifter","26":"tag-top-stories","27":"tag-topstories","28":"tag-verden","29":"tag-virginia-giuffre","30":"tag-world","31":"tag-world-news","32":"tag-worldnews"},"share_on_mastodon":{"url":"https:\/\/pubeurope.com\/@no\/115713591992669387","error":""},"_links":{"self":[{"href":"https:\/\/www.europesays.com\/no\/wp-json\/wp\/v2\/posts\/112395","targetHints":{"allow":["GET"]}}],"collection":[{"href":"https:\/\/www.europesays.com\/no\/wp-json\/wp\/v2\/posts"}],"about":[{"href":"https:\/\/www.europesays.com\/no\/wp-json\/wp\/v2\/types\/post"}],"author":[{"embeddable":true,"href":"https:\/\/www.europesays.com\/no\/wp-json\/wp\/v2\/users\/2"}],"replies":[{"embeddable":true,"href":"https:\/\/www.europesays.com\/no\/wp-json\/wp\/v2\/comments?post=112395"}],"version-history":[{"count":0,"href":"https:\/\/www.europesays.com\/no\/wp-json\/wp\/v2\/posts\/112395\/revisions"}],"wp:featuredmedia":[{"embeddable":true,"href":"https:\/\/www.europesays.com\/no\/wp-json\/wp\/v2\/media\/112396"}],"wp:attachment":[{"href":"https:\/\/www.europesays.com\/no\/wp-json\/wp\/v2\/media?parent=112395"}],"wp:term":[{"taxonomy":"category","embeddable":true,"href":"https:\/\/www.europesays.com\/no\/wp-json\/wp\/v2\/categories?post=112395"},{"taxonomy":"post_tag","embeddable":true,"href":"https:\/\/www.europesays.com\/no\/wp-json\/wp\/v2\/tags?post=112395"}],"curies":[{"name":"wp","href":"https:\/\/api.w.org\/{rel}","templated":true}]}}