{"id":112399,"date":"2025-12-13T18:08:18","date_gmt":"2025-12-13T18:08:18","guid":{"rendered":"https:\/\/www.europesays.com\/no\/112399\/"},"modified":"2025-12-13T18:08:18","modified_gmt":"2025-12-13T18:08:18","slug":"laila-bokhari-51-er-dod","status":"publish","type":"post","link":"https:\/\/www.europesays.com\/no\/112399\/","title":{"rendered":"Laila Bokhari (51) er d\u00f8d"},"content":{"rendered":"<p>  Det opplyser familien p\u00e5 Facebook.\u00a0\u00a0<\/p>\n<p>\n    D\u00d8D: Laila Bokhari, her fotografert under et intervju med Dagbladet da hun ga ut bok om arven etter sin far i 2015. Foto: Nina Hansen \/ Dagbladet\n  <\/p>\n<p> Tidligere H\u00f8yre-statssekret\u00e6r Laila Bokhari er d\u00f8d, 51 \u00e5r gammel.\u00a0<\/p>\n<p>Det opplyser familien i et Facebook-innlegg.\u00a0<\/p>\n<p>&#8211; Etter \u00e5 ha kjempet tappert i fire lange \u00e5r \u2013 og med ekstra styrke de siste fem ukene \u2013 sovnet hun stille inn i sitt eget hjem i Oslo, omgitt av sine aller n\u00e6rmeste, skriver lillebroren i innlegget. \u00a0<\/p>\n<p>&#8211; Knust\t<\/p>\n<p>Bokhari var statssekret\u00e6r innen sikkerhet og beredskap ved Statsministerens kontor under Erna Solberg (H) fra 2013 til 2015, og statssekret\u00e6r i Utenriksdepartementet fra 2015 til 2017.<\/p>\n<p>Hun har ogs\u00e5 bakgrunn som UD-diplomat i Pakistan, terrorforsker ved Forsvarets forskningsinstitutt og NUPI, og ble i 2018 tilknyttet\u00a0Harvard Kennedy School of Government.<\/p>\n<p>        <img loading=\"lazy\" decoding=\"async\" src=\"https:\/\/www.europesays.com\/no\/wp-content\/uploads\/2025\/12\/83980382.webp\" width=\"686\" height=\"392\" title=\"LANG CV: Laila Bokhari hylles av blant andre Erna Solberg . Foto: Geir Dokken\" alt=\"\" class=\"\" style=\"--aspect-ratio-image: 1.75; \"\/><\/p>\n<p>\n        LANG CV: Laila Bokhari hylles av blant andre Erna Solberg . Foto: Geir Dokken\n    <\/p>\n<p>Bokhari var ogs\u00e5 medlem av 22. juli-kommisjonen, og har utgitt flere b\u00f8ker.<\/p>\n<p>&#8211; Jeg er knust av \u00e5 h\u00f8re at vi har mistet Laila s\u00e5 alt for tidlig. Alle vi som var s\u00e5 heldig \u00e5 f\u00e5 jobbe tett med henne sender n\u00e5 v\u00e5re aller varmeste tanker og kondolanser til familien, sier tidligere statsminister og H\u00f8yre-leder Erna Solberg i en kommentar til Dagbladet.\u00a0<\/p>\n<p>\u00a0&#8211; Laila gjorde en utrolig viktig jobb for landet som medlem av Gj\u00f8rv-kommisjonen og som statssekret\u00e6r p\u00e5 statsministerens kontor fra 2013. Bare f\u00e5 \u00e5r etter 22. juli, var hun med p\u00e5 \u00e5 trygge Norge som statssekret\u00e6r med s\u00e6rskilt ansvar for samfunnssikkerhet og beredskap, fortsetter Solberg. <\/p>\n<p>        <img loading=\"lazy\" decoding=\"async\" src=\"https:\/\/www.europesays.com\/no\/wp-content\/uploads\/2025\/12\/83980328.webp\" width=\"980\" height=\"559\" title=\"STATSSEKRET\u00c6R: Laila Bokhari var blant annet statssekret\u00e6r ved SMK under Erna Solberg. Foto: Leif R Jansson \/ TT \/ NTB\" alt=\"\" class=\"\" style=\"--aspect-ratio-image: 1.75; \"\/><\/p>\n<p>\n        STATSSEKRET\u00c6R: Laila Bokhari var blant annet statssekret\u00e6r ved SMK under Erna Solberg. Foto: Leif R Jansson \/ TT \/ NTB\n    <\/p>\n<p>&#8211; Stort tap\t<\/p>\n<p><a href=\"https:\/\/www.nettavisen.no\/norsk-politikk\/laila-bokhari\/kreft\/tidligere-statssekretar-fikk-kreftdiagnose-na-er-hun-sykdomsfri\/s\/5-95-470654\" rel=\"nofollow noopener\" target=\"_blank\">Nettavisen<\/a> omtalte v\u00e5ren 2022 et Facebook-innlegg der den profilerte forskeren beskrev t\u00f8ffe m\u00e5neder etter \u00e5 ha blitt diagnostisert med kreft. Der fortalte hun at hun hadde respondert bra p\u00e5 behandlingen.<\/p>\n<p>Bokhari etterlater seg en datter p\u00e5 ti \u00e5r.\u00a0<\/p>\n<p>Bokhari var ogs\u00e5 nestleder i Norsk faglitter\u00e6r forfatter- og oversetterforening (NFFO).<\/p>\n<p>&#8211; Laila har gjort en uvurderlig innsats for norske faglitter\u00e6re forfattere og oversettere i rollen som nestleder i NFFO. Hun kom inn med enormt engasjement og optimisme og etterlater et stort tomrom i organisasjonen. Vi kommer til \u00e5 savne hennes varme, kloke og rause vesen. Det er et stort tap for hele kulturfeltet, men aller mest for Lailas familie og n\u00e6rmeste, sier leder i NFFO, Marte Blikstad-Balas, til Dagbladet. <\/p>\n","protected":false},"excerpt":{"rendered":"Det opplyser familien p\u00e5 Facebook.\u00a0\u00a0 D\u00d8D: Laila Bokhari, her fotografert under et intervju med Dagbladet da hun ga&hellip;\n","protected":false},"author":2,"featured_media":112400,"comment_status":"","ping_status":"","sticky":false,"template":"","format":"standard","meta":{"footnotes":""},"categories":[5],"tags":[20,21,24,25,15,19,2539,22,23,17,18,13,30,28,29,14,16,26,27],"class_list":{"0":"post-112399","1":"post","2":"type-post","3":"status-publish","4":"format-standard","5":"has-post-thumbnail","7":"category-overskrifter","8":"tag-breaking-news","9":"tag-breakingnews","10":"tag-featured-news","11":"tag-featurednews","12":"tag-headlines","13":"tag-hovedoppslag","14":"tag-innenriks","15":"tag-latest-news","16":"tag-latestnews","17":"tag-main-news","18":"tag-mainnews","19":"tag-news","20":"tag-no","21":"tag-norge","22":"tag-norway","23":"tag-nyheter","24":"tag-overskrifter","25":"tag-top-stories","26":"tag-topstories"},"share_on_mastodon":{"url":"https:\/\/pubeurope.com\/@no\/115713599622008969","error":""},"_links":{"self":[{"href":"https:\/\/www.europesays.com\/no\/wp-json\/wp\/v2\/posts\/112399","targetHints":{"allow":["GET"]}}],"collection":[{"href":"https:\/\/www.europesays.com\/no\/wp-json\/wp\/v2\/posts"}],"about":[{"href":"https:\/\/www.europesays.com\/no\/wp-json\/wp\/v2\/types\/post"}],"author":[{"embeddable":true,"href":"https:\/\/www.europesays.com\/no\/wp-json\/wp\/v2\/users\/2"}],"replies":[{"embeddable":true,"href":"https:\/\/www.europesays.com\/no\/wp-json\/wp\/v2\/comments?post=112399"}],"version-history":[{"count":0,"href":"https:\/\/www.europesays.com\/no\/wp-json\/wp\/v2\/posts\/112399\/revisions"}],"wp:featuredmedia":[{"embeddable":true,"href":"https:\/\/www.europesays.com\/no\/wp-json\/wp\/v2\/media\/112400"}],"wp:attachment":[{"href":"https:\/\/www.europesays.com\/no\/wp-json\/wp\/v2\/media?parent=112399"}],"wp:term":[{"taxonomy":"category","embeddable":true,"href":"https:\/\/www.europesays.com\/no\/wp-json\/wp\/v2\/categories?post=112399"},{"taxonomy":"post_tag","embeddable":true,"href":"https:\/\/www.europesays.com\/no\/wp-json\/wp\/v2\/tags?post=112399"}],"curies":[{"name":"wp","href":"https:\/\/api.w.org\/{rel}","templated":true}]}}