{"id":112408,"date":"2025-12-13T18:22:16","date_gmt":"2025-12-13T18:22:16","guid":{"rendered":"https:\/\/www.europesays.com\/no\/112408\/"},"modified":"2025-12-13T18:22:16","modified_gmt":"2025-12-13T18:22:16","slug":"sverige-advarer-mot-reiser-til-ferieoyer-i-thailand","status":"publish","type":"post","link":"https:\/\/www.europesays.com\/no\/112408\/","title":{"rendered":"Sverige advarer mot reiser til ferie\u00f8yer i Thailand"},"content":{"rendered":"\n<p class=\"_lead_o9xde_2 _lead_xtcu6_50 layout-component text-serif-m layout-normal text-serif-l layout-component layout-wide layout-padded _wide_17hqh_1 layout-padded\">I Sverige blir charterturer til Koh Chang og Koh Kood innstilt, men nordmenn kan fortsatt velge seg reisem\u00e5lene.<\/p>\n<p><img alt=\" Foto: Michael T\u00f6pffer\" class=\"_image_qp4xg_65 layout-component layout-wide\" data-fullscreen- data-track-element-type=\"Article image fullscreen\" data-track-name=\"ImageFullscreen\" fetchpriority=\"high\" decoding=\"sync\" loading=\"eager\" height=\"1748\" itemprop=\"image\"  src=\"https:\/\/www.europesays.com\/no\/wp-content\/uploads\/2025\/12\/1b0f4f9b-48e2-44c8-9f53-e9378669d255\"  style=\"object-position:0% 0%\" width=\"2528\"\/> Foto: Michael T\u00f6pffer<\/p>\n<ul aria-hidden=\"true\" class=\"_images_ntbth_112\">\n<li><a class=\"_link_ntbth_117\" href=\"https:\/\/www.vg.no\/forfatter\/mona-grivi-norman\" style=\"z-index:1\" title=\"Mona Grivi Norman\" rel=\"nofollow noopener\" target=\"_blank\"><img alt=\"Bilde av Mona Grivi Norman\" class=\"_image_ntbth_93\" fetchpriority=\"low\" loading=\"lazy\" decoding=\"async\" itemprop=\"image\"  src=\"https:\/\/www.europesays.com\/no\/wp-content\/uploads\/2025\/12\/1765650135_855_988392d7-cfdc-4af7-9140-efc0cd7f8aef\"  width=\"480\"\/><\/a><\/li>\n<\/ul>\n<p> Oppdatert l\u00f8rdag 13. desember kl. 19:19    <\/p>\n<ul class=\"_list_o9xde_3 _list_64s2r_85 _unordered_o9xde_106 text-sans-m\">\n<li class=\"_item_o9xde_30\">Sverige frar\u00e5der reiser til Koh Chang og Koh Kood i Thailand p\u00e5 grunn av sikkerhetssituasjonen n\u00e6r Kambodsja-grensen.<\/li>\n<li class=\"_item_o9xde_30\">Norske UD frar\u00e5der reiser til grenseomr\u00e5det mellom Thailand og Kambodsja.<\/li>\n<li class=\"_item_o9xde_30\">Ving og Tui tilbyr fremdeles reiser til Koh Chang, men har ingen norske gjester p\u00e5 \u00f8ya for \u00f8yeblikket.<\/li>\n<\/ul>\n<p>Vis mer <\/p>\n<p class=\"_paragraph_o9xde_4 _paragraph_xtcu6_10 layout-component text-serif-m layout-normal text-serif-m layout-padded\">Fredag endret <a href=\"https:\/\/www.regeringen.se\/ud-avrader\/thailand---avradan\/\" class=\"_link_o9xde_39\" rel=\"nofollow noopener\" target=\"_blank\">utenriksdepartementet i Sverige<\/a> sine r\u00e5d til svensker som skal reise til <a href=\"https:\/\/www.vg.no\/tag\/thailand?utm_source=vg-article&amp;utm_medium=auto-tagger&amp;utm_campaign=pB6v3w\" class=\"_link_o9xde_39\" rel=\"nofollow noopener\" target=\"_blank\">Thailand<\/a> i desember. De nye advarslene gjaldt alle omr\u00e5der n\u00e6rmere enn 50 kilometer fra grensen til Kambodsja.<\/p>\n<p class=\"_paragraph_o9xde_4 _paragraph_xtcu6_10 layout-component text-serif-m layout-normal text-serif-m layout-padded\">R\u00e5dene f\u00f8rte til at Tui og VingTui og VingTo store reiseoperat\u00f8rer som tilbyr charterturer og pakkereiser til ulike destinasjoner. i Sverige innstilte reiser til Koh Chang og Koh Kood for de neste 14 dagene.<\/p>\n<p class=\"_paragraph_o9xde_4 _paragraph_xtcu6_10 layout-component text-serif-m layout-normal text-serif-m layout-padded\">Det norske utenriksdepartementet skriver i sine reiser\u00e5d for Thailand at de frar\u00e5der alle reiser til grenseomr\u00e5dene mot Kambodsja.<\/p>\n<p class=\"_paragraph_o9xde_4 _paragraph_xtcu6_10 layout-component text-serif-m layout-normal text-serif-m layout-padded\">P\u00e5 sp\u00f8rsm\u00e5l fra VG svarer UD l\u00f8rdag at deres reiser\u00e5d forel\u00f8pig ikke inkluderer ferie\u00f8ya Koh Chang i Thailand. <\/p>\n<p class=\"_paragraph_o9xde_4 _paragraph_xtcu6_10 layout-component text-serif-m layout-normal text-serif-m layout-padded\">\u2013 Per n\u00e5 er det ingen endringer i norske reiseadvarsler, sier pressevakt Cecilie Roang i UD. <\/p>\n<p class=\"_paragraph_o9xde_4 _paragraph_xtcu6_10 layout-component text-serif-m layout-normal text-serif-m layout-padded\"><strong class=\"_strong_o9xde_25\">I Norge tilbyr turoperat\u00f8rene Ving og Tui reiser til \u00f8ya, men har per i dag ingen norske gjester p\u00e5 Koh Chang.<\/strong><\/p>\n<p>Aktiver kart<\/p>\n<p class=\"_paragraph_o9xde_4 _paragraph_xtcu6_10 layout-component text-serif-m layout-normal text-serif-m layout-padded\">Roang skriver i en e-post at UD har sv\u00e6rt begrensede muligheter til \u00e5 n\u00e5 ut med konsul\u00e6r bistand i omr\u00e5det, hvis noe skulle skje.<\/p>\n<p class=\"_paragraph_o9xde_4 _paragraph_xtcu6_10 layout-component text-serif-m layout-normal text-serif-m layout-padded\">For reisende til Kambodsja frar\u00e5des det \u00e5 reise n\u00e6rmere enn 20 kilometer fra grensen til Thailand.<\/p>\n<p class=\"_paragraph_o9xde_4 _paragraph_xtcu6_10 layout-component text-serif-m layout-normal text-serif-m layout-padded\">Hun anbefaler nordmenn som skal reise til Thailand eller Kambodsja \u00e5 lese UDs reiseinformasjon, lytte til r\u00e5d fra lokale myndigheter og holde seg oppdatert om situasjonen gjennom mediene. <\/p>\n<p>Fire soldater drept<\/p>\n<p class=\"_paragraph_o9xde_4 _paragraph_xtcu6_10 layout-component text-serif-m layout-normal text-serif-m layout-padded\">Det siste \u00e5ret har grensekonflikten mellom Thailand og Kambodsja blusset opp. <\/p>\n<p class=\"_paragraph_o9xde_4 _paragraph_xtcu6_10 layout-component text-serif-m layout-normal text-serif-m layout-padded\">Natt til l\u00f8rdag sa USAs president Donald Trump at landene skal ha <a href=\"https:\/\/www.vg.no\/nyheter\/i\/y5vnk2\/reuters-trump-hevder-thailand-og-kambodsja-er-enige-om-ny-vaapenhvile\" data-track-element-type=\"Link\" data-track-id=\"link:y5vnk2\" class=\"_link_o9xde_39\" rel=\"nofollow noopener\" target=\"_blank\">forpliktet seg til \u00e5 f\u00f8lge fredsavtalen<\/a> som ble inng\u00e5tt tidligere i \u00e5r.<\/p>\n<p class=\"_paragraph_o9xde_4 _paragraph_xtcu6_10 layout-component text-serif-m layout-normal text-serif-m layout-padded\">Men l\u00f8rdag har det kommet nye meldinger om kamphandlinger i grenseomr\u00e5dene.<\/p>\n<p class=\"_paragraph_o9xde_4 _paragraph_xtcu6_10 layout-component text-serif-m layout-normal text-serif-m layout-padded\">Kambodsjas forsvarsdepartement skriver p\u00e5 X at \u00abde thailandske milit\u00e6rflyene har ikke stanset bombingen enn\u00e5\u00bb. Samtidig opplyser Thailands forsvarsdepartement at<a href=\"https:\/\/www.vg.no\/nyheter\/i\/Ar2mMq\/kampene-mellom-kambodsja-og-thailand-fortsetter-tross-vaapenhvile\" data-track-element-type=\"Link\" data-track-id=\"link:Ar2mMq\" class=\"_link_o9xde_39\" rel=\"nofollow noopener\" target=\"_blank\"> fire thailandske soldater er drept<\/a> i Chong An Ma-omr\u00e5det l\u00f8rdag.<\/p>\n<p>Innstilt reiser i 14 dager<\/p>\n<p class=\"_paragraph_o9xde_4 _paragraph_xtcu6_10 layout-component text-serif-m layout-normal text-serif-m layout-padded\">Fredag endret <a href=\"https:\/\/www.regeringen.se\/ud-avrader\/thailand---avradan\/\" class=\"_link_o9xde_39\" rel=\"nofollow noopener\" target=\"_blank\">Utrikesdepartementet i Sverige<\/a> sine r\u00e5d for reiser til Thailand:<\/p>\n<p class=\"_paragraph_o9xde_4 _paragraph_xtcu6_10 layout-component text-serif-m layout-normal text-serif-m layout-padded\">\u00abMed bakgrunn i sikkerhetssituasjonen frar\u00e5der Utrikesdepartementet alle reiser i en avstand av 50 kilometer fra grensen til Kambodsja, inklusive \u00f8yene Koh Chang, Koh Kood och Koh Mak.\u00bb<\/p>\n<p class=\"_paragraph_o9xde_4 _paragraph_xtcu6_10 layout-component text-serif-m layout-normal text-serif-m layout-padded\">R\u00e5dene f\u00f8rte til at Tui og VingTui og VingTo store reiseoperat\u00f8rer som tilbyr charterturer og pakkereiser til ulike destinasjoner. i Sverige innstilte reiser til disse feriem\u00e5lene for de neste 14 dagene.<\/p>\n<p class=\"_paragraph_o9xde_4 _paragraph_xtcu6_10 layout-component text-serif-m layout-normal text-serif-m layout-padded\">\u2013 De som har reiser de neste 14 dagene vil f\u00e5 pengene tilbake eller vi fors\u00f8ker \u00e5 finne alternative reiser for dem, sa Charlotte Hallencreutz til <a href=\"https:\/\/www.aftonbladet.se\/nyheter\/a\/BxJBOe\/ud-avrader-ran-resor-till-turistoar-i-thailand\" class=\"_link_o9xde_39\" rel=\"nofollow noopener\" target=\"_blank\">Aftonbladet<\/a>.<\/p>\n<p>Ingen norske gjester for \u00f8yeblikket<\/p>\n<p class=\"_paragraph_o9xde_4 _paragraph_xtcu6_10 layout-component text-serif-m layout-normal text-serif-m layout-padded\">VG har spurt norske turoperat\u00f8rer om de svenske r\u00e5dene p\u00e5virker nordmenn som skal reise til Koh Chang, og hva de tenker om sikkerhetssituasjonen fremover.<\/p>\n<p class=\"_paragraph_o9xde_4 _paragraph_xtcu6_10 layout-component text-serif-m layout-normal text-serif-m layout-padded\">\u2013 Vi har ingen norske gjester p\u00e5 Koh Chang for \u00f8yeblikket, og det er ikke umiddelbart noen som skal reise til omr\u00e5det, opplyser Ving-sjef Marie-Anne Zachrisson til VG.<\/p>\n<p class=\"_paragraph_o9xde_4 _paragraph_xtcu6_10 layout-component text-serif-m layout-normal text-serif-m layout-padded\"><strong class=\"_strong_o9xde_25\">\u2013 Men vi f\u00f8lger alltid med p\u00e5 \u2013 og forholder oss til \u2013 det UD kommuniserer, understreker hun.<\/strong><\/p>\n<p class=\"_paragraph_o9xde_4 _paragraph_xtcu6_10 layout-component text-serif-m layout-normal text-serif-m layout-padded\">Kommunikasjonssjef Anne M\u00f8rk-L\u00f8wengreen i Tui skriver at heller ikke de har noen norske gjester p\u00e5 \u00f8ya.<\/p>\n<p class=\"_paragraph_o9xde_4 _paragraph_xtcu6_10 layout-component text-serif-m layout-normal text-serif-m layout-padded\">\u2013 Vi f\u00f8lger alltid UDs reiseanbefalinger og deres vurdering av sikkerhetssituasjonen p\u00e5 ulike reisem\u00e5l. Dette er ikke en aktuell problemstilling per n\u00e5, men jeg blir ikke overrasket om ogs\u00e5 UD \u00a0utvider grensen, skriver M\u00f8rk-L\u00f8wengreen<\/p>\n<p class=\"_paragraph_o9xde_4 _paragraph_xtcu6_10 layout-component text-serif-m layout-normal text-serif-m layout-padded\">Begge turoperat\u00f8rene understreker at det store flertallet av nordmenn som skal til Thailand i desember, reiser til Phuket og andre reisem\u00e5l som ligger langt fra konfliktomr\u00e5dene.<\/p>\n","protected":false},"excerpt":{"rendered":"I Sverige blir charterturer til Koh Chang og Koh Kood innstilt, men nordmenn kan fortsatt velge seg reisem\u00e5lene.&hellip;\n","protected":false},"author":2,"featured_media":112409,"comment_status":"","ping_status":"","sticky":false,"template":"","format":"standard","meta":{"footnotes":""},"categories":[12],"tags":[20,21,24,25,15,3549,22,23,13,30,28,29,14,16,10483,745,26,27,42,43,44,45],"class_list":{"0":"post-112408","1":"post","2":"type-post","3":"status-publish","4":"format-standard","5":"has-post-thumbnail","7":"category-verden","8":"tag-breaking-news","9":"tag-breakingnews","10":"tag-featured-news","11":"tag-featurednews","12":"tag-headlines","13":"tag-kambodsja","14":"tag-latest-news","15":"tag-latestnews","16":"tag-news","17":"tag-no","18":"tag-norge","19":"tag-norway","20":"tag-nyheter","21":"tag-overskrifter","22":"tag-reiserad","23":"tag-thailand","24":"tag-top-stories","25":"tag-topstories","26":"tag-verden","27":"tag-world","28":"tag-world-news","29":"tag-worldnews"},"share_on_mastodon":{"url":"https:\/\/pubeurope.com\/@no\/115713655504190568","error":""},"_links":{"self":[{"href":"https:\/\/www.europesays.com\/no\/wp-json\/wp\/v2\/posts\/112408","targetHints":{"allow":["GET"]}}],"collection":[{"href":"https:\/\/www.europesays.com\/no\/wp-json\/wp\/v2\/posts"}],"about":[{"href":"https:\/\/www.europesays.com\/no\/wp-json\/wp\/v2\/types\/post"}],"author":[{"embeddable":true,"href":"https:\/\/www.europesays.com\/no\/wp-json\/wp\/v2\/users\/2"}],"replies":[{"embeddable":true,"href":"https:\/\/www.europesays.com\/no\/wp-json\/wp\/v2\/comments?post=112408"}],"version-history":[{"count":0,"href":"https:\/\/www.europesays.com\/no\/wp-json\/wp\/v2\/posts\/112408\/revisions"}],"wp:featuredmedia":[{"embeddable":true,"href":"https:\/\/www.europesays.com\/no\/wp-json\/wp\/v2\/media\/112409"}],"wp:attachment":[{"href":"https:\/\/www.europesays.com\/no\/wp-json\/wp\/v2\/media?parent=112408"}],"wp:term":[{"taxonomy":"category","embeddable":true,"href":"https:\/\/www.europesays.com\/no\/wp-json\/wp\/v2\/categories?post=112408"},{"taxonomy":"post_tag","embeddable":true,"href":"https:\/\/www.europesays.com\/no\/wp-json\/wp\/v2\/tags?post=112408"}],"curies":[{"name":"wp","href":"https:\/\/api.w.org\/{rel}","templated":true}]}}