{"id":112419,"date":"2025-12-13T18:36:15","date_gmt":"2025-12-13T18:36:15","guid":{"rendered":"https:\/\/www.europesays.com\/no\/112419\/"},"modified":"2025-12-13T18:36:15","modified_gmt":"2025-12-13T18:36:15","slug":"ytre-hoyre-usa-og-europa","status":"publish","type":"post","link":"https:\/\/www.europesays.com\/no\/112419\/","title":{"rendered":"Ytre h\u00f8yre, USA og Europa"},"content":{"rendered":"\n<p>\u2013 Europa befinner seg n\u00e5 i en ideologisk skvis, mellom USA og Russland, sier statsviter og seniorforsker \u00d8yvind Svendsen ved Norsk utenrikspolitisk institutt (NUPI) til Nettavisen.<\/p>\n<p>\u2013 P\u00e5 den ene siden har vi det vi er vant til; russisk p\u00e5virkning og fors\u00f8k p\u00e5 \u00e5 underminere den politiske stabiliteten. N\u00e5 f\u00e5r vi det samme fra USA. Der sies det h\u00f8yt at de \u00f8nsker \u00e5 p\u00e5virke det ideologiske grunnlaget for Europa og vil tvinge kontinentet i en ytre h\u00f8yre-retning \u2013 og det helst utenom EU i det hele tatt.<\/p>\n<p>Skytset rammer et Europa som er svekket. Svaret for det politiske sentrum, sier Svendsen, m\u00e5 v\u00e6re \u00e5 m\u00f8te folks behov.<\/p>\n<p>Mektige venner<\/p>\n<p>M\u00fcnchen-talen til USAs visepresident J.D. Vance i februar og n\u00e5 Trump-administrasjonens nye sikkerhetsstrategi har gitt -kreftene i Europa fornyet selvtillit.<\/p>\n<p>En av dem som takker for drahjelpen er den radikale innvandringsmotstanderen Tommy Robinson som gjestet Norge og Oslo 9. desember p\u00e5 invitasjon fra nettstedet Document.<\/p>\n<p>\u2013 Det gir et moralsk l\u00f8ft for oss alle \u00e5 vite vite at vi har fiender i v\u00e5re egne regjeringer, men venner p\u00e5 de mektigste stedene i verden n\u00e5, sa briten, som ogs\u00e5 lovpriste st\u00f8tten han har f\u00e5tt fra tech-milliard\u00e6r Elon Musk.<\/p>\n<p><b>Les ogs\u00e5: <a class=\"simple-relation related-teaser article--c-eRUmMG article--c-eRUmMG-fZoQSp-design-nettavisen article--c-eRUmMG-gwthdJ-cv\" href=\"https:\/\/www.nettavisen.no\/nei-flertallet-vokser-pa-ny-eu-maling\/s\/5-95-2777151\" rel=\"nofollow noopener\" target=\"_blank\">Nei-flertallet vokser p\u00e5 ny EU-m\u00e5ling<\/a><\/b><\/p>\n<p>   <img decoding=\"async\" width=\"3046\" height=\"1716\" fetchpriority=\"low\"  loading=\"lazy\"  src=\"https:\/\/www.europesays.com\/no\/wp-content\/uploads\/2025\/12\/TOMMY_ROBINSON_OSLO_CF3307E8-38DB-4F4B-AD93-44B0A0AD163B-26307-0000036CD41728E8.jpg\" alt=\"I OSLO: Tommy Robinson p\u00e5 bes\u00f8k i Oslo denne uken.\" class=\"brick-c-cFOWSL\" style=\"--brick-image-ratio: 3046 \/ 1716;\"\/><\/p>\n<p>      I OSLO: Tommy Robinson p\u00e5 bes\u00f8k i Oslo denne uken.<br \/>\n      Foto: Trond Lepper\u00f8d (Nettavisen)\n    <\/p>\n<p>Robinson er tidligere frontfigur i English Defence League. Han har sonet flere fengselsstrafffer de siste \u00e5rene.<\/p>\n<p>Han sto bak en rekordstor protestmarsj mot innvandring i London i september og et nytt stort arrangement i dag, l\u00f8rdag 13. desember, \u00abPutting the Christ back into Christmas\u00bb.<\/p>\n<p>I sin siste bok, <a href=\"https:\/\/www.nettavisen.no\/tommy-robinson\/faktaboks\/ytre-hoyre\/dette-er-tommy-robinsons-bok-manifest\/x\/5-95-2771576\" rel=\"Follow nofollow noopener\" target=\"_blank\">Manifesto<\/a>, hevder han at demokratiet er et bedrag, at Storbritannia er en \u00abfasciststat\u00bb og at masseinnvandring er en konspirasjon.<\/p>\n<p>Da han talte i Oslo var det med ord som \u00abscum of the Middle East\u00bb i omtalen av migranter fra Syria, Afghanistan, Somalia og Pakistan og et budskap om at kampen mot islamisering og masseinnvandring b\u00e6rer frukter.<\/p>\n<p>\u2013 N\u00e5 ser det ut som Liz Truss og Nigel Farage leser fra mine taler, sa han blant annet.<\/p>\n<p>Nettavisen var til stede p\u00e5 arrangementet i Oslo.<\/p>\n<p>   <img decoding=\"async\" width=\"8640\" height=\"5760\" fetchpriority=\"low\"  loading=\"lazy\"  src=\"https:\/\/www.europesays.com\/no\/wp-content\/uploads\/2025\/12\/NTB_7Tv07lMuYCE.jpg\" alt=\"People demonstrate during the Tommy Robinson-led Unite the Kingdom march and rally in London, Saturday, Sept. 13, 2025. (AP Photo\/Joanna Chan)\" class=\"brick-c-cFOWSL\" style=\"--brick-image-ratio: 8640 \/ 5760;\"\/><\/p>\n<p>      PROTESTMARSJ: Deltakere p\u00e5 protestmarsjen Unite the Kingdom i London 13. september.<br \/>\n      Foto: Joanna Chan (AP)\n    <\/p>\n<p>            Tommy Robinson<\/p>\n<p>Stephen Yaxley-Lennon, bedre kjent som Tommy Robinson, er f\u00f8dt i 1982 og kommer fra Luton i England.<\/p>\n<p>Han var en av grunnleggerne av den fremmedfiendtlige protestgruppen English Defence League (EDL) og har siden blitt en profilert figur p\u00e5 ytre h\u00f8yre i Storbritannia.<\/p>\n<p>Han har sitt eget medieselskap, Urban Scoop, og har gitt ut fire b\u00f8ker. Den siste \u00abManifesto\u00bb er ute p\u00e5 norsk med Document Media AS som utgiver.<\/p>\n<p>I begynnelsen av november 2025 ble Tommy Robinson frikjent for \u00e5 ha unnlatt \u00e5 gi fra seg mobilen sin til politiet da han skulle forlate landet i juli 2024.<\/p>\n<p>Robinson risikerte tre m\u00e5neder i fengsel, men dommeren sa seg enig med forsvarerne, som mente at Robinson var blitt stoppet p\u00e5 grunn av sine politiske meninger.<\/p>\n<p>Mellom 2005 og 2025 har han sonet fem ulike fengselsstraffer.<\/p>\n<p>I oktober i fjor ble han d\u00f8mt for brudd p\u00e5 et rettslig p\u00e5legg om ikke \u00e5 komme med injurierende uttalelser mot en syrisk flyktning.<\/p>\n<p>Robinson sto bak \u00abUnite the Kingdom\u00bb-marsjen, en rekordstor ytre h\u00f8yre-mobilisering i London i september. Det som ble markedsf\u00f8rt som en feiring av ytringsfriheten, l\u00f8ftet ogs\u00e5 fram rasistiske konspirasjonsteorier og anti-islamsk hatytringer, skrev avisa <a href=\"https:\/\/www.theguardian.com\/uk-news\/2025\/sep\/13\/unite-the-kingdom-far-right-rally-london-tommy-robinson-police-assaulted\" target=\"_self\" rel=\"Follow nofollow noopener\">The Guardian <\/a>om arrangementet.<\/p>\n<p>Antallet som m\u00f8tte opp til protesten overgikk det politiet hadde forberedt seg p\u00e5, og det oppsto voldelige sammenst\u00f8t mellom politi og demonstranter. Minst 25 personer ble arrestert og 26 politifolk ble skadd, noen alvorlig. Deltakere i marsjen ble p\u00e5grepet siktet blant annet for slagsm\u00e5l, ordensforstyrrelse, overfall og skadeverk, if\u00f8lge The Guardian.<\/p>\n<p>Menneskemengden fikk blant annet h\u00f8re en appell fra den amerikanske tech-milliard\u00e6ren Elon Musk som snakket om at Storbritannia \u00aberoderer\u00bb og tok til orde for at parlamentet m\u00e5 oppl\u00f8ses.<\/p>\n<p>Den franske ytre h\u00f8yre-politikeren \u00c9ric Zemmour talte om \u00abthe great replacement\u00bb og advarte mot innvandrere fra s\u00f8r og muslimske land og sa at \u00abdere blir kolonisert av deres tidligere kolonier\u00bb.<\/p>\n<p>Tommy Robinson planlegger en ny markering og julekonsert 13. desember.<\/p>\n<p>Den har tittelen \u00abPutting the Christ Back into Christmas\u00bb og har splittet kristenfolket i Storbritannia.<\/p>\n<p>(Kilde: NTB, The Guardian, Nettavisen)<\/p>\n<p><b>Les ogs\u00e5: <a class=\"simple-relation related-teaser article--c-eRUmMG article--c-eRUmMG-fZoQSp-design-nettavisen article--c-eRUmMG-gwthdJ-cv\" href=\"https:\/\/www.nettavisen.no\/britisk-ytre-hoyre-aktivist-i-oslo-elon-musk-fikk-meg-fram\/s\/5-95-2771500\" rel=\"nofollow noopener\" target=\"_blank\">Britisk ytre h\u00f8yre-aktivist i Oslo: \u2013 Elon Musk fikk meg fram<\/a><\/b><\/p>\n<p>\u00abSivilisasjonsmessig utslettelse\u00bb<\/p>\n<p>I februar fortalte USAs visepresident europeiske ledere at det ikke er trusselen fra Russland og Kina de skal v\u00e6re redde for, men <a rel=\"Follow nofollow noopener\" href=\"https:\/\/www.nettavisen.no\/nyheter\/tyske-medier-usas-visepresident-jd-vance-slipper-trolig-mega-nyhet-i-m-nchen\/s\/5-95-2288057\" target=\"_blank\">\u00abtrusselen innenfra\u00bb<\/a>. I USAs nye <a rel=\"Follow nofollow noopener\" href=\"https:\/\/www.nettavisen.no\/usa-og-europa\/forsvars-og-sikkerhetspolitikk\/faktaboks\/usas-nye-sikkerhetsstrategi-kort-fortalt\/x\/5-95-2769306\" target=\"_blank\">National Security Strategy<\/a>, signert av Trump i november, snakkes det om et Europa i forfall som styrer mot \u00absivilisasjonsmessig utslettelse\u00bb.<\/p>\n<p>Budskapet ogs\u00e5 her er at masseinnvandringen fra muslimske land og press p\u00e5 ytringsfriheten truer Europa og at EU og andre mellomstatlige organer undergraver politisk frihet.<\/p>\n<p>\u2013 Vil p\u00e5virke ideologisk<\/p>\n<p>\u00d8yvind Svendsen sier skytset fra USA rammer et Europa som fra f\u00f8r er svekket.<\/p>\n<p>\u2013 Er det fare p\u00e5 ferde for demokratiet i Europa?<\/p>\n<p>\u2013 Utfordringen med demokratiet er at det legger til rette for sin egen undergang. Hvis  vinner neste valg og f\u00e5r statsministeren i Storbritannia, kan vi ikke si at det er udemokratisk. Sp\u00f8rsm\u00e5let er hva slags demokrati vi f\u00e5r, sier Svendsen om utsiktene til at Nigel Farage og hans h\u00f8yrepopulistiske parti f\u00e5r makten.<\/p>\n<p>Det er lokalvalg i England i mai neste \u00e5r. <a rel=\"Follow nofollow noopener\" href=\"https:\/\/yougov.co.uk\/politics\/articles\/53692-voting-intention-ref-27-lab-19-con-18-7-8-dec-2025\" target=\"_blank\">Meningsm\u00e5linger <\/a>gir Reform UK en oppslutning p\u00e5 27 prosent. Selv om det trolig ikke blir parlamentsvalg f\u00f8r i 2028 eller 2029, <a rel=\"Follow nofollow noopener\" href=\"https:\/\/www.economist.com\/interactive\/britain\/2025\/12\/04\/our-new-model-captures-the-lottery-of-britains-electoral-system\" target=\"_blank\">snakkes det allerede om muligheten for et politisk jordskjelv n\u00e5r den tid kommer<\/a>. I det britiske valgsystemet vinner \u00e9n kandidat et helt valgdistrikt. Sm\u00e5 endringer kan gi store utslag, og det bidrar til usikkerheten.<\/p>\n<p>Det er ogs\u00e5 parlamentsvalg i Skottland og Wales i mai. I Skottland leder fortsatt det skotske nasjonalistpartiet, SNP, p\u00e5 m\u00e5lingene, men Reform UK haler innp\u00e5.<\/p>\n<p>   <img decoding=\"async\" width=\"4496\" height=\"3000\" fetchpriority=\"low\"  loading=\"lazy\"  src=\"https:\/\/www.europesays.com\/no\/wp-content\/uploads\/2025\/12\/NTB_VNAfy9ZnCEY.jpg\" alt=\"Reform UK leader Nigel Farage (right) at the MacDonald Inchyra Hotel &amp; Spa in Falkirk, with Lord Malcolm Offord who was announced by Nigel Farage as the latest defector to join the party during the rally in Falkirk. Picture date: Saturday December 6, 2025.\" class=\"brick-c-cFOWSL\" style=\"--brick-image-ratio: 4496 \/ 3000;\"\/><\/p>\n<p>      I SKOTTLAND: Nigel Farage, leder for Reform UK, p\u00e5 et valgkampm\u00f8te i Falkirk 6. desember der Lord Malcolm Offord (til venstre) sto fram som fersk st\u00f8ttespiller og avhopper fra det konservative partiet. Det er parlamentsvalg i Skottland i 2026.<br \/>\n      Foto: Jane Barlow (PA)\n    <\/p>\n<p>  M\u00e5 m\u00f8te folks behov<\/p>\n<p>\u2013 Hvis man fjerner sivile rettigheter, tar bort retten til \u00e5 protestere, innskrenker pressefriheten og s\u00e5 videre, s\u00e5 forvitrer demokratiet. Ogs\u00e5 i USA ser vi tendensene der Trump har f\u00f8rt en t\u00f8ff kampanje for \u00e5 innskrenke demokratiske rettigheter i valgene, sier Svendsen.<\/p>\n<p>\u2013 Hva kan mainstream-partiene gj\u00f8re?<\/p>\n<p>\u2013 Svaret fra det politiske sentrum m\u00e5 v\u00e6re \u00e5 m\u00f8te folks behov. Migrasjon blir en politisk kampsak f\u00f8rst n\u00e5r folk ikke lenger har r\u00e5d til \u00e5 betale str\u00f8mregningene sine, opplever at varene i butikken er blitt mye dyrere, n\u00e5r det \u00e5 fylle tanken p\u00e5 bilen koster mye mer enn det pleide. Svaret ligger i \u00e5 bruke de demokratiske institusjonene til \u00e5 skape et godt liv for folk. Hvis ikke sentrum lykkes med det, kommer alternativene, og de kommer p\u00e5 de politiske ytterkantene.<\/p>\n<p><b>Les ogs\u00e5: <a class=\"simple-relation related-teaser article--c-eRUmMG article--c-eRUmMG-fZoQSp-design-nettavisen article--c-eRUmMG-gwthdJ-cv\" href=\"https:\/\/www.nettavisen.no\/sveriges-statsminister-reagerer-pa-trump-uttalelser\/s\/5-95-2771717\" rel=\"nofollow noopener\" target=\"_blank\">Sveriges statsminister reagerer p\u00e5 Trump-uttalelser<\/a><\/b><\/p>\n<p>EUs store frykt<\/p>\n<p>Svendsen tror den langsiktige frykten i EU er at de store landene som utgj\u00f8r motoren i europeisk integrasjon skal f\u00e5 et EU-skeptisk parti ved makten:<\/p>\n<p>\u2013 Ytre h\u00f8yre-b\u00f8lgen rir Tyskland og Frankrike. Jeg tror Marine Le Pen og Jordan Bardellas parti, , aldri har v\u00e6rt n\u00e6rmere enn de er n\u00e5 i \u00e5 f\u00e5 makten ved neste valg.<\/p>\n<p><b>Les ogs\u00e5: <a class=\"simple-relation related-teaser article--c-eRUmMG article--c-eRUmMG-fZoQSp-design-nettavisen article--c-eRUmMG-gwthdJ-cv\" href=\"https:\/\/www.nettavisen.no\/rister-pa-hodet-av-trumps-ukraina-plan\/s\/5-95-2773994\" rel=\"nofollow noopener\" target=\"_blank\">Rister p\u00e5 hodet av Trumps Ukraina-plan<\/a><\/b><\/p>\n<p>   <img decoding=\"async\" width=\"5652\" height=\"3768\" fetchpriority=\"low\"  loading=\"lazy\"  src=\"https:\/\/www.europesays.com\/no\/wp-content\/uploads\/2025\/12\/NTB_d_I88JNtJzQ.jpg\" alt=\"(FILES) Migrants wade into the sea to try to board smugglers' boats in an attempt to cross the English Channel off the beach of Gravelines, northern France on September 27, 2025. Prison sentences ranging from one to nine years were requested on December 9, 2025 against 17 suspected smugglers on trial since December 1 in Lille, accused of using \" taxi=\"\" boats=\"\" to=\"\" illegally=\"\" transport=\"\" migrants=\"\" britain=\"\" in=\"\" by=\"\" sameer=\"\" al-doumy=\"\" afp=\"\" class=\"brick-c-cFOWSL\" style=\"--brick-image-ratio: 5652 \/ 3768;\"\/><\/p>\n<p>      ILLEGAL TRANSPORT: Migranter vasser ut mot en smuglerb\u00e5t p\u00e5 stranda i Gravelines i Nord-Frankrike 27. september i h\u00e5p om om \u00e5 komme seg over Den engelske kanal.<br \/>\n      Foto: Sameer Al-Doumy (AFP)\n    <\/p>\n<p>  \u2013 Tilpasser seg ytre h\u00f8yre<\/p>\n<p>I EU mener han \u00e5 se en viss handlingslammelse som skyldes frykt for \u00e5 gjennomf\u00f8re politikk som kan gi ytre h\u00f8yre mer energi:<\/p>\n<p>\u2013 Mainstream-partiene tilpasser seg ytre h\u00f8yre, og n\u00e5 kan vi si at de ogs\u00e5 tilpasser seg Trump-administrasjonens angrep p\u00e5 Europa.<\/p>\n<p>Svendsen trekker fram to eksempler:<\/p>\n<p>Innsatsen for \u00e5 gj\u00f8re Europa mer konkurransekraftig, fjerne reguleringer og gj\u00f8re det enklere \u00e5 drive business og innstrammingene i migrasjonspolitikken.<\/p>\n<p>\u2013 Migrasjon har lenge v\u00e6rt den heteste politiske poteten i EU, helt siden flyktningkrisen. I 2024 vedtok EU en ny flyktningpolitikk, og n\u00e5 diskuteres det \u00e5 stramme inn ytterligere, blant annet med behandling av asyls\u00f8knader i tredjeland. Dette er det politiske sentrums fors\u00f8k p\u00e5 \u00e5 komme ytre h\u00f8yre-b\u00f8lgen i m\u00f8te, sier NUPI-forskeren.<\/p>\n<p><b><a class=\"simple-relation related-teaser article--c-eRUmMG article--c-eRUmMG-fZoQSp-design-nettavisen article--c-eRUmMG-gwthdJ-cv\" href=\"https:\/\/www.nettavisen.no\/norge-apner-for-asylmottak-i-utlandet\/s\/5-95-2773422\" rel=\"nofollow noopener\" target=\"_blank\">Norge \u00e5pner for asylmottak i utlandet<\/a><\/b><\/p>\n<p>    Vil du se neste video?<\/p>\n<p>    <a href=\"https:\/\/www.nettavisen.no\/nyheter\/ny-donal-trump-blemme-dumskalle\/v\/5-95-2774170\" class=\"recommend-poster\" data-adp-clicklabel=\"video-recommend\" data-adp-clickvalue=\"poster\" rel=\"nofollow noopener\" target=\"_blank\"><br \/>\n      <img decoding=\"async\" width=\"200\" height=\"200\" loading=\"lazy\" src=\"https:\/\/www.europesays.com\/no\/wp-content\/uploads\/2025\/12\/Trump+og+mobil+til+cue.jpg\" alt=\"\" class=\"brick-c-cFOWSL\" style=\"--brick-image-ratio: 200 \/ 200;\"\/><\/p>\n<p>Ny Trump-blemme: \u2013 Dumskalle0:57<\/p>\n<p>    <\/a><\/p>\n<p>        Statsminister Jonas Gahr St\u00f8re (Ap) holder felles pressekonferanse med den venezuelanske fredsprisvinneren Maria Corina Machado torsdag formiddag.<\/p>\n","protected":false},"excerpt":{"rendered":"\u2013 Europa befinner seg n\u00e5 i en ideologisk skvis, mellom USA og Russland, sier statsviter og seniorforsker \u00d8yvind&hellip;\n","protected":false},"author":2,"featured_media":112420,"comment_status":"","ping_status":"","sticky":false,"template":"","format":"standard","meta":{"footnotes":""},"categories":[12],"tags":[20,21,24,25,15,22,23,13,30,28,29,14,16,26,27,42,43,44,45],"class_list":{"0":"post-112419","1":"post","2":"type-post","3":"status-publish","4":"format-standard","5":"has-post-thumbnail","7":"category-verden","8":"tag-breaking-news","9":"tag-breakingnews","10":"tag-featured-news","11":"tag-featurednews","12":"tag-headlines","13":"tag-latest-news","14":"tag-latestnews","15":"tag-news","16":"tag-no","17":"tag-norge","18":"tag-norway","19":"tag-nyheter","20":"tag-overskrifter","21":"tag-top-stories","22":"tag-topstories","23":"tag-verden","24":"tag-world","25":"tag-world-news","26":"tag-worldnews"},"share_on_mastodon":{"url":"https:\/\/pubeurope.com\/@no\/115713709939500732","error":""},"_links":{"self":[{"href":"https:\/\/www.europesays.com\/no\/wp-json\/wp\/v2\/posts\/112419","targetHints":{"allow":["GET"]}}],"collection":[{"href":"https:\/\/www.europesays.com\/no\/wp-json\/wp\/v2\/posts"}],"about":[{"href":"https:\/\/www.europesays.com\/no\/wp-json\/wp\/v2\/types\/post"}],"author":[{"embeddable":true,"href":"https:\/\/www.europesays.com\/no\/wp-json\/wp\/v2\/users\/2"}],"replies":[{"embeddable":true,"href":"https:\/\/www.europesays.com\/no\/wp-json\/wp\/v2\/comments?post=112419"}],"version-history":[{"count":0,"href":"https:\/\/www.europesays.com\/no\/wp-json\/wp\/v2\/posts\/112419\/revisions"}],"wp:featuredmedia":[{"embeddable":true,"href":"https:\/\/www.europesays.com\/no\/wp-json\/wp\/v2\/media\/112420"}],"wp:attachment":[{"href":"https:\/\/www.europesays.com\/no\/wp-json\/wp\/v2\/media?parent=112419"}],"wp:term":[{"taxonomy":"category","embeddable":true,"href":"https:\/\/www.europesays.com\/no\/wp-json\/wp\/v2\/categories?post=112419"},{"taxonomy":"post_tag","embeddable":true,"href":"https:\/\/www.europesays.com\/no\/wp-json\/wp\/v2\/tags?post=112419"}],"curies":[{"name":"wp","href":"https:\/\/api.w.org\/{rel}","templated":true}]}}