{"id":112431,"date":"2025-12-13T18:44:12","date_gmt":"2025-12-13T18:44:12","guid":{"rendered":"https:\/\/www.europesays.com\/no\/112431\/"},"modified":"2025-12-13T18:44:12","modified_gmt":"2025-12-13T18:44:12","slug":"utenriks-usa-amerikanske-soldater-drept-i-syria","status":"publish","type":"post","link":"https:\/\/www.europesays.com\/no\/112431\/","title":{"rendered":"Utenriks, USA | Amerikanske soldater drept i Syria"},"content":{"rendered":"\n<p>If\u00f8lge en uttalelse fra forsvarsdepartementet Pentagon var det den ytterligg\u00e5ende islamistgruppen IS som sto bak angrepet i byen Palmyra l\u00f8rdag. I tillegg til de drepte ble tre personer s\u00e5ret.<\/p>\n<p>Det skal ha skjedd etter et bakholdsangrep fra en enslig angrepsmann. Mannen skal deretter ha blitt drept.<\/p>\n<p>Tidligere l\u00f8rdag opplyste lokale kilder i Syria at en milit\u00e6rpatrulje med syriske og amerikanske styrker var blitt angrepet i byen Palmyra midt i Syria.<\/p>\n<p>P\u00e5 sosiale medier meldes det om jagerfly av typen F-16 som har flydd lavt i omr\u00e5det. To fra de syriske styrkene skal v\u00e6re skadd.<\/p>\n<p>De syriske og amerikanske soldatene skal ha deltatt i den USA-ledede koalisjonen som ble opprettet i kampen mot IS for over ti \u00e5r siden.<\/p>\n<p>Sean Parnell i det amerikanske forsvarsdepartementet skriver p\u00e5 <a href=\"https:\/\/x.com\/SeanParnellASW\/status\/1999881329593258126\" rel=\"Follow nofollow\">X<\/a> at de amerikanske styrkene deltok i en st\u00f8ttefunksjon i et angrep mot en n\u00f8kkelperson i IS.<\/p>\n","protected":false},"excerpt":{"rendered":"If\u00f8lge en uttalelse fra forsvarsdepartementet Pentagon var det den ytterligg\u00e5ende islamistgruppen IS som sto bak angrepet i byen&hellip;\n","protected":false},"author":2,"featured_media":112432,"comment_status":"","ping_status":"","sticky":false,"template":"","format":"standard","meta":{"footnotes":""},"categories":[12],"tags":[20,21,24,25,15,22,23,13,30,28,29,14,16,26,27,42,43,44,45],"class_list":{"0":"post-112431","1":"post","2":"type-post","3":"status-publish","4":"format-standard","5":"has-post-thumbnail","7":"category-verden","8":"tag-breaking-news","9":"tag-breakingnews","10":"tag-featured-news","11":"tag-featurednews","12":"tag-headlines","13":"tag-latest-news","14":"tag-latestnews","15":"tag-news","16":"tag-no","17":"tag-norge","18":"tag-norway","19":"tag-nyheter","20":"tag-overskrifter","21":"tag-top-stories","22":"tag-topstories","23":"tag-verden","24":"tag-world","25":"tag-world-news","26":"tag-worldnews"},"share_on_mastodon":{"url":"https:\/\/pubeurope.com\/@no\/115713740962984573","error":""},"_links":{"self":[{"href":"https:\/\/www.europesays.com\/no\/wp-json\/wp\/v2\/posts\/112431","targetHints":{"allow":["GET"]}}],"collection":[{"href":"https:\/\/www.europesays.com\/no\/wp-json\/wp\/v2\/posts"}],"about":[{"href":"https:\/\/www.europesays.com\/no\/wp-json\/wp\/v2\/types\/post"}],"author":[{"embeddable":true,"href":"https:\/\/www.europesays.com\/no\/wp-json\/wp\/v2\/users\/2"}],"replies":[{"embeddable":true,"href":"https:\/\/www.europesays.com\/no\/wp-json\/wp\/v2\/comments?post=112431"}],"version-history":[{"count":0,"href":"https:\/\/www.europesays.com\/no\/wp-json\/wp\/v2\/posts\/112431\/revisions"}],"wp:featuredmedia":[{"embeddable":true,"href":"https:\/\/www.europesays.com\/no\/wp-json\/wp\/v2\/media\/112432"}],"wp:attachment":[{"href":"https:\/\/www.europesays.com\/no\/wp-json\/wp\/v2\/media?parent=112431"}],"wp:term":[{"taxonomy":"category","embeddable":true,"href":"https:\/\/www.europesays.com\/no\/wp-json\/wp\/v2\/categories?post=112431"},{"taxonomy":"post_tag","embeddable":true,"href":"https:\/\/www.europesays.com\/no\/wp-json\/wp\/v2\/tags?post=112431"}],"curies":[{"name":"wp","href":"https:\/\/api.w.org\/{rel}","templated":true}]}}