{"id":112471,"date":"2025-12-13T19:50:15","date_gmt":"2025-12-13T19:50:15","guid":{"rendered":"https:\/\/www.europesays.com\/no\/112471\/"},"modified":"2025-12-13T19:50:15","modified_gmt":"2025-12-13T19:50:15","slug":"meteorsvermen-geminidene-byr-pa-over-100-stjerneskudd-i-timen-nrk-sorlandet-lokale-nyheter-tv-og-radio","status":"publish","type":"post","link":"https:\/\/www.europesays.com\/no\/112471\/","title":{"rendered":"Meteorsvermen Geminidene byr p\u00e5 over 100 stjerneskudd i timen \u2013 NRK S\u00f8rlandet \u2013 Lokale nyheter, TV og radio"},"content":{"rendered":"<p>\u2013 <strong>I natt kan vi oppleve \u00e5rets flotteste meteorsverm Geminidene, hvor opptil 150 stjerneskudd er ventet \u00e5 fare over himmelen i timen.<\/strong><\/p>\n<p>Det sier astrofysiker Knut J\u00f8rgen R\u00f8ed \u00d8degaard. <\/p>\n<p>Han forteller at denne meteorsvermen i utgangspunktet kan ses hvert \u00e5r, men at det ikke alltid er s\u00e5 gode forhold.<\/p>\n<p>\u2013 Noen \u00e5r er det mye m\u00e5nelys, og da drukner de fleste stjerneskudd i det. I \u00e5r vil det v\u00e6re sv\u00e6rt lite forstyrrende m\u00e5nelys siden m\u00e5nen f\u00f8rst st\u00e5r opp i 3-tiden og bare en fjerdedel av den er opplyst. Det er et veldig bra utgangspunkt.<\/p>\n<p><img decoding=\"async\"   src=\"data:image\/gif;base64,R0lGODlhAQABAIAAAAAAAP\/\/\/yH5BAEAAAAALAAAAAABAAEAAAIBRAA7\" loading=\"eager\" alt=\"Geminidene over Saltdal\" title=\"Foto: Silja Akselsen\"\/><\/p>\n<p class=\"\">Geminidene over Saltdal i 2022. <\/p>\n<p>Foto: Silja Akselsen<\/p>\n<p>Lyssterke<\/p>\n<p>\u00d8degaard forteller at stjerneskuddene vil bli \u00e5 se som streker som farer over himmelen i en voldsom fart.<\/p>\n<p><strong>\u2013 Noen er skikkelig lyssterke og virkelig imponerende, s\u00e5 du skal kunne f\u00e5 med deg noen skikkelig flotte stjerneskudd, sier han.<\/strong><\/p>\n<p>Maksimum er rett f\u00f8r midnatt og frem til det gryr av morgenlys s\u00f8ndag. Natt til mandag vil det avta.<\/p>\n<p>Fakta om Geminidene:<\/p>\n<ul>\n<li>Geminidene er en meteorsverm for\u00e5rsaket av asteroiden 3200 Phaethon.<\/li>\n<li>Geminidene er den eneste meteorsvermen som ikke er for\u00e5rsaket av en komet.<\/li>\n<li>Geminidene viser seg rundt 12\u201314 desember hvert \u00e5r.<\/li>\n<li>Svermen ble f\u00f8rst observert for 150 \u00e5r siden. Den ser ut til \u00e5 komme fra stjernebildet Tvillingene (Gemini), derav navnet.<\/li>\n<li>Svermen later til \u00e5 bli mer intens for hvert \u00e5r, og man har observert 120-160 meteorer i timen under optimale forhold.<\/li>\n<li>Meteorene fra denne svermen er sakteg\u00e5ende.<\/li>\n<\/ul>\n<p>Kilde: https:\/\/no.wikipedia.org\/wiki\/Geminidene<\/p>\n<p>\u00d8degaard anbefaler folk som vil se stjerneskudd \u00e5 dra til et m\u00f8rkt sted, og planlegge for \u00e5 v\u00e6re ute i minst en halv time.<\/p>\n<p>Det fordi det gjerne tar 10\u201315 minutter \u00e5 f\u00e5 ordentlig nattsyn.<\/p>\n<p>\u2013 Du m\u00e5 kanskje st\u00e5 en stund for \u00e5 se de f\u00f8rste, men n\u00e5r du f\u00f8rst har f\u00e5tt \u00f8ye p\u00e5 dem, s\u00e5 dukker det opp flere etter hverandre. Da ser du at det str\u00e5ler ut i alle retninger.<\/p>\n<p>To i minuttet<\/p>\n<p>If\u00f8lge \u00d8degaard er \u00e5rsaken til svermen at jorden passerer gjennom de tetteste delene av st\u00f8vb\u00e5ndet fra asteroiden 3200 Phaethon.<\/p>\n<p>St\u00f8v og sandkorn kommer inn i atmosf\u00e6ren med 127.000 km\/t og brenner opp p\u00e5 grunn av varmen fra luftmotstanden.<\/p>\n<p>\u00d8degaard forteller at estimatene er opptil 120\u2013150 stjerneskudd i timen, noe som i gjennomsnitt vil gi to i minuttet. <\/p>\n<p>\u2013 Sammenlignet med andre svermer har disse stjerneskuddene middels hastighet, noe som gj\u00f8r dem ganske enkle \u00e5 oppdage.<\/p>\n<p><img decoding=\"async\"   src=\"data:image\/gif;base64,R0lGODlhAQABAIAAAAAAAP\/\/\/yH5BAEAAAAALAAAAAABAAEAAAIBRAA7\" loading=\"eager\" alt=\"Knut J\u00f8rgen R\u00f8ed \u00d8degaard med h\u00e5nden i v\u00e6ret\" title=\"Foto: NRK\"\/><\/p>\n<p class=\"\">Astrofysiker Knut J\u00f8rgen R\u00f8ed \u00d8degaard.<\/p>\n<p>Foto: NRK<\/p>\n<p>\u00d8degaard har sett litt p\u00e5 v\u00e6rmeldingen, og tror stjerneskudd kan ses fra flere steder i landet. <\/p>\n<p>\u2013 I Nord-Norge er det nok bedre sjanser enn mange andre steder, men her og der kan skylaget sprekke opp. Her jeg er p\u00e5 \u00d8stlandet, s\u00e5 har det begynt \u00e5 klarne opp n\u00e5, sier han l\u00f8rdag kveld.<\/p>\n<p>Publisert<\/p>\n<p>13.12.2025, kl. 18.23<\/p>\n<p>Oppdatert<\/p>\n<p>13.12.2025, kl. 20.17<\/p>\n","protected":false},"excerpt":{"rendered":"\u2013 I natt kan vi oppleve \u00e5rets flotteste meteorsverm Geminidene, hvor opptil 150 stjerneskudd er ventet \u00e5 fare&hellip;\n","protected":false},"author":2,"featured_media":112472,"comment_status":"","ping_status":"","sticky":false,"template":"","format":"standard","meta":{"footnotes":""},"categories":[5],"tags":[20,21,24,25,15,19,22,23,17,18,13,30,28,29,14,16,26,27],"class_list":{"0":"post-112471","1":"post","2":"type-post","3":"status-publish","4":"format-standard","5":"has-post-thumbnail","7":"category-overskrifter","8":"tag-breaking-news","9":"tag-breakingnews","10":"tag-featured-news","11":"tag-featurednews","12":"tag-headlines","13":"tag-hovedoppslag","14":"tag-latest-news","15":"tag-latestnews","16":"tag-main-news","17":"tag-mainnews","18":"tag-news","19":"tag-no","20":"tag-norge","21":"tag-norway","22":"tag-nyheter","23":"tag-overskrifter","24":"tag-top-stories","25":"tag-topstories"},"share_on_mastodon":{"url":"https:\/\/pubeurope.com\/@no\/115714000380323074","error":""},"_links":{"self":[{"href":"https:\/\/www.europesays.com\/no\/wp-json\/wp\/v2\/posts\/112471","targetHints":{"allow":["GET"]}}],"collection":[{"href":"https:\/\/www.europesays.com\/no\/wp-json\/wp\/v2\/posts"}],"about":[{"href":"https:\/\/www.europesays.com\/no\/wp-json\/wp\/v2\/types\/post"}],"author":[{"embeddable":true,"href":"https:\/\/www.europesays.com\/no\/wp-json\/wp\/v2\/users\/2"}],"replies":[{"embeddable":true,"href":"https:\/\/www.europesays.com\/no\/wp-json\/wp\/v2\/comments?post=112471"}],"version-history":[{"count":0,"href":"https:\/\/www.europesays.com\/no\/wp-json\/wp\/v2\/posts\/112471\/revisions"}],"wp:featuredmedia":[{"embeddable":true,"href":"https:\/\/www.europesays.com\/no\/wp-json\/wp\/v2\/media\/112472"}],"wp:attachment":[{"href":"https:\/\/www.europesays.com\/no\/wp-json\/wp\/v2\/media?parent=112471"}],"wp:term":[{"taxonomy":"category","embeddable":true,"href":"https:\/\/www.europesays.com\/no\/wp-json\/wp\/v2\/categories?post=112471"},{"taxonomy":"post_tag","embeddable":true,"href":"https:\/\/www.europesays.com\/no\/wp-json\/wp\/v2\/tags?post=112471"}],"curies":[{"name":"wp","href":"https:\/\/api.w.org\/{rel}","templated":true}]}}