{"id":112473,"date":"2025-12-13T19:52:35","date_gmt":"2025-12-13T19:52:35","guid":{"rendered":"https:\/\/www.europesays.com\/no\/112473\/"},"modified":"2025-12-13T19:52:35","modified_gmt":"2025-12-13T19:52:35","slug":"semifinale-i-skal-vi-danse","status":"publish","type":"post","link":"https:\/\/www.europesays.com\/no\/112473\/","title":{"rendered":"Semifinale i \u00abSkal vi danse\u00bb"},"content":{"rendered":"\n<p class=\"_lead_o9xde_2 _lead_xtcu6_50 layout-component text-serif-m layout-normal text-serif-l layout-component layout-wide layout-padded _wide_17hqh_1 layout-padded\">Fire kjendiser kjemper om en plass i finalen neste helg.<\/p>\n<p><img alt=\" Foto: Thomas Andersen \/ TV 2 \/ TV 2 \/ NTB\" class=\"_image_qp4xg_65 layout-component layout-wide\" data-fullscreen- data-track-element-type=\"Article image fullscreen\" data-track-name=\"ImageFullscreen\" fetchpriority=\"high\" decoding=\"sync\" loading=\"eager\" height=\"3000\" itemprop=\"image\"  src=\"https:\/\/www.europesays.com\/no\/wp-content\/uploads\/2025\/12\/cd479f8c-3aab-483f-a8e6-8f45a218c8fe\"  style=\"object-position:44.15555555555555% 41.65%\" width=\"4500\"\/> Foto: Thomas Andersen \/ TV 2 \/ TV 2 \/ NTB<\/p>\n<ul aria-hidden=\"true\" class=\"_images_ntbth_112\">\n<li><a class=\"_link_ntbth_117\" href=\"https:\/\/www.vg.no\/forfatter\/hannah-solstad-klepp\" style=\"z-index:1\" title=\"Hannah Solstad Klepp\" rel=\"nofollow noopener\" target=\"_blank\"><img alt=\"Bilde av Hannah Solstad Klepp\" class=\"_image_ntbth_93\" fetchpriority=\"low\" loading=\"lazy\" decoding=\"async\" itemprop=\"image\"  src=\"https:\/\/www.europesays.com\/no\/wp-content\/uploads\/2025\/12\/1765655538_360_f811f9c1-64f7-4c50-9133-b5735831a650\"  width=\"480\"\/><\/a><\/li>\n<\/ul>\n<p> Oppdatert l\u00f8rdag 13. desember kl. 20:50     <\/p>\n<p class=\"_paragraph_o9xde_4 _paragraph_xtcu6_10 layout-component text-serif-m layout-normal text-serif-m layout-padded\">L\u00f8rdag kveld braker det l\u00f8s med semifinale i \u00abSkal vi danse\u00bb. Denne gangen er det ingen felles temakveld, og danseparene har selv valgt hvilke danser de vil vise fram. Hver av dem skal i ilden med to individuelle danser.<\/p>\n<p class=\"_paragraph_o9xde_4 _paragraph_xtcu6_10 layout-component text-serif-m layout-normal text-serif-m layout-padded\">F\u00f8rst ut for kvelden var Tiril Eckhoff, som sammen med dansepartneren Santino hadde valgt \u00e5 danse en paso doble.<\/p>\n<p class=\"_paragraph_o9xde_4 _paragraph_xtcu6_10 layout-component text-serif-m layout-normal text-serif-m layout-padded\">Hun har tidligere f\u00e5tt litt blandede tilbakemeldinger fra dommerne.<\/p>\n<p class=\"_paragraph_o9xde_4 _paragraph_xtcu6_10 layout-component text-serif-m layout-normal text-serif-m layout-padded\">\u2013 Det er alltid en fryd \u00e5 se Tiril p\u00e5 gulvet. Du blir bedre og bedre og bedre. Jeg vil se mer feminine armer s\u00e5 de ikke blir s\u00e5 stive, vis meg det p\u00e5 scenen, sa dommer Merete M\u00f8rk Lingj\u00e6rde.<\/p>\n<p class=\"_paragraph_o9xde_4 _paragraph_xtcu6_10 layout-component text-serif-m layout-normal text-serif-m layout-padded\">\u2013 Jeg har dr\u00f8mt om deg hele uken. Jeg tror det er disse dansene her, og spesielt denne, som gj\u00f8r deg livsfarlig, sa dommer Jan Thomas entusiastisk. <\/p>\n<p class=\"_paragraph_o9xde_4 _paragraph_xtcu6_10 layout-component text-serif-m layout-normal text-serif-m layout-padded\">Tiril fikk til sammen 36 poeng av dommerne, hennes hittil beste poengscore.<\/p>\n<p><img alt=\"Foto: Thomas Andersen \/ TV 2 \/ TV 2 \/ NTB\" class=\"_image_qp4xg_65 layout-component layout-normal\" data-fullscreen- data-track-element-type=\"Article image fullscreen\" data-track-name=\"ImageFullscreen\" decoding=\"async\" loading=\"lazy\" height=\"3000\" itemprop=\"image\"  src=\"https:\/\/www.europesays.com\/no\/wp-content\/uploads\/2025\/12\/24b4e041-01e5-448a-bf61-ee62f58f8582\"  style=\"object-position:47.8% 47.449999999999996%\" width=\"4500\"\/>Foto: Thomas Andersen \/ TV 2 \/ TV 2 \/ NTB<\/p>\n<p class=\"_paragraph_o9xde_4 _paragraph_xtcu6_10 layout-component text-serif-m layout-normal text-serif-m layout-padded\">Neste par ut i ilden var Viggo Venn og Rikke. Til semifinalen hadde danseparet valgt \u00e5 danse en engelsk vals.<\/p>\n<p class=\"_paragraph_o9xde_4 _paragraph_xtcu6_10 layout-component text-serif-m layout-normal text-serif-m layout-padded\">\u2013 Viggo, dette var vakkert, og det kommer ikke noe \u00abmen\u00bb fra meg i dag, sier dommer Nadya Khamitskaya. <\/p>\n<p class=\"_paragraph_o9xde_4 _paragraph_xtcu6_10 layout-component text-serif-m layout-normal text-serif-m layout-padded\">\u2013 N\u00e5 falt alle brikkene p\u00e5 plass. Velkommen hjem, Viggo, fortsetter hun.<\/p>\n<p class=\"_paragraph_o9xde_4 _paragraph_xtcu6_10 layout-component text-serif-m layout-normal text-serif-m layout-padded\">Han sikret seg full pott med 40 poeng fra dommerne \u2013 noe han ikke har f\u00e5tt tidligere denne sesongen.<\/p>\n<p class=\"_paragraph_o9xde_4 _paragraph_xtcu6_10 layout-component text-serif-m layout-normal text-serif-m layout-padded\">\u2013 Det var utrolig kult \u00e5 danse engelsk vals. Jeg er utrolig stolt over det vi har f\u00e5tt til, sier Viggo etter dansen. <\/p>\n<p><img alt=\"Foto: Thomas Andersen \/ TV 2 \/ TV 2 \/ NTB\" class=\"_image_qp4xg_65 layout-component layout-normal\" data-fullscreen- data-track-element-type=\"Article image fullscreen\" data-track-name=\"ImageFullscreen\" decoding=\"async\" loading=\"lazy\" height=\"3000\" itemprop=\"image\"  src=\"https:\/\/www.europesays.com\/no\/wp-content\/uploads\/2025\/12\/c55f2592-d8bb-469b-925f-077e0a55ed4c\"  style=\"object-position:58.833333333333336% 37.516666666666666%\" width=\"4500\"\/>Foto: Thomas Andersen \/ TV 2 \/ TV 2 \/ NTB<\/p>\n<p class=\"_paragraph_o9xde_4 _paragraph_xtcu6_10 layout-component text-serif-m layout-normal text-serif-m layout-padded\">Etter kveldens f\u00f8rste pause var det Tale Torjussen og Antonio som viste fram sin argentinske tango. Hun forteller at parketten de siste ukene har blitt hennes fristed.<\/p>\n<p class=\"_paragraph_o9xde_4 _paragraph_xtcu6_10 layout-component text-serif-m layout-normal text-serif-m layout-padded\">\u2013 Du gj\u00f8r det igjen. Du st\u00e5r s\u00e5 st\u00f8tt i egne bein. Du balanserer den s\u00e5rbarheten og styrken i argentinsk tango. Jeg d\u00f8r for de beina!, sier Lingj\u00e6rde etter dansen. <\/p>\n<p class=\"_paragraph_o9xde_4 _paragraph_xtcu6_10 layout-component text-serif-m layout-normal text-serif-m layout-padded\">\u2013 Jeg har nesten ikke ord. Dere to sammen \u2013 ren magi, sier Jan Thomas.<\/p>\n<p class=\"_paragraph_o9xde_4 _paragraph_xtcu6_10 layout-component text-serif-m layout-normal text-serif-m layout-padded\">Tale og Antonio fikk ogs\u00e5 full pott fra dommerne. For Tales del var det andre gang denne sesongen.<\/p>\n<p><img alt=\"Foto: Thomas Andersen \/ TV 2 \/ TV 2 \/ NTB\" class=\"_image_qp4xg_65 layout-component layout-normal\" data-fullscreen- data-track-element-type=\"Article image fullscreen\" data-track-name=\"ImageFullscreen\" decoding=\"async\" loading=\"lazy\" height=\"3000\" itemprop=\"image\"  src=\"https:\/\/www.europesays.com\/no\/wp-content\/uploads\/2025\/12\/835b957b-c83e-458d-809b-2935bb176cd5\"  style=\"object-position:53.766666666666666% 41.11666666666667%\" width=\"4500\"\/>Foto: Thomas Andersen \/ TV 2 \/ TV 2 \/ NTB<\/p>\n<p class=\"_paragraph_o9xde_4 _paragraph_xtcu6_10 layout-component text-serif-m layout-normal text-serif-m layout-padded\">Siste par ut i semifinalen var Danby Choi og dansepartneren hans, Norunn, som hadde valgt \u00e5 danse slowfox til \u00abFly Me to the Moon\u00bb av Frank Sinatra.<\/p>\n<p class=\"_paragraph_o9xde_4 _paragraph_xtcu6_10 layout-component text-serif-m layout-normal text-serif-m layout-padded\">\u2013 Eleganse, flyt og kontroll &#8211; akkurat s\u00e5nn en slowfox skal v\u00e6re. Dette var alts\u00e5 s\u00e5 vakkert og s\u00f8ml\u00f8st. Dette var helt nydelig, sa Lingj\u00e6rde.<\/p>\n<p class=\"_paragraph_o9xde_4 _paragraph_xtcu6_10 layout-component text-serif-m layout-normal text-serif-m layout-padded\">\u2013 \u00abSkal vi danse\u00bb har virkelig v\u00e6rt et eventyr som har hjulpet meg med \u00e5 vise f\u00f8lelser. Jeg f\u00f8ler p\u00e5 en forelskelsesf\u00f8lelse n\u00e5r jeg danser med Norunn, sier Danby.<\/p>\n<p class=\"_paragraph_o9xde_4 _paragraph_xtcu6_10 layout-component text-serif-m layout-normal text-serif-m layout-padded\">Paret fikk ogs\u00e5 full pott fra dommerne med 40 poeng.<\/p>\n<p><img alt=\"Foto: Thomas Andersen \/ TV 2 \/ TV 2 \/ NTB\" class=\"_image_qp4xg_65 layout-component layout-normal\" data-fullscreen- data-track-element-type=\"Article image fullscreen\" data-track-name=\"ImageFullscreen\" decoding=\"async\" loading=\"lazy\" height=\"3000\" itemprop=\"image\"  src=\"https:\/\/www.europesays.com\/no\/wp-content\/uploads\/2025\/12\/44c7b8d5-8494-4039-8881-ad81d59b15ac\"  style=\"object-position:54.84444444444444% 39.78333333333333%\" width=\"4500\"\/>Foto: Thomas Andersen \/ TV 2 \/ TV 2 \/ NTB <\/p>\n<p class=\"_paragraph_o9xde_4 _paragraph_xtcu6_10 layout-component text-serif-m layout-normal text-serif-m layout-padded\"><strong class=\"_strong_o9xde_25\">Kjendisene som fortsatt er med er:<\/strong><\/p>\n<ul class=\"_list_o9xde_3 _list_xtcu6_9 _unordered_o9xde_106 layout-component text-serif-m layout-normal text-serif-m layout-padded\">\n<li class=\"_item_o9xde_30\">Tiril Eckhoff og Santino<\/li>\n<li class=\"_item_o9xde_30\">Viggo Venn og Rikke<\/li>\n<li class=\"_item_o9xde_30\">Danby Choi og Norunn<\/li>\n<li class=\"_item_o9xde_30\">Tale Torjussen og Antonio<\/li>\n<\/ul>\n<p class=\"_paragraph_o9xde_4 _paragraph_xtcu6_10 layout-component text-serif-m layout-normal text-serif-m layout-padded\">Forrige l\u00f8rdag var det <a href=\"https:\/\/www.vg.no\/i\/gkPkr5\" data-track-element-type=\"Link\" data-track-id=\"link:gkPkr5\" class=\"_link_o9xde_39\" rel=\"nofollow noopener\" target=\"_blank\">Carina Dahl som m\u00e5tte forlate dansekonkurransen<\/a> etter \u00e5 ha havnet i danseduell mot Tiril.<\/p>\n<p class=\"_paragraph_o9xde_4 _paragraph_xtcu6_10 layout-component text-serif-m layout-normal text-serif-m layout-padded\">Neste l\u00f8rdag er det finale, der <a href=\"https:\/\/www.vg.no\/i\/8pwmG1\" data-track-element-type=\"Link\" data-track-id=\"link:8pwmG1\" class=\"_link_o9xde_39\" rel=\"nofollow noopener\" target=\"_blank\">tre par skal danse mot hverandre<\/a>.<\/p>\n<p>Les ogs\u00e5<\/p>\n","protected":false},"excerpt":{"rendered":"Fire kjendiser kjemper om en plass i finalen neste helg. Foto: Thomas Andersen \/ TV 2 \/ TV&hellip;\n","protected":false},"author":2,"featured_media":112474,"comment_status":"","ping_status":"","sticky":false,"template":"","format":"standard","meta":{"footnotes":""},"categories":[58],"tags":[71,30,28,29,2280,72],"class_list":{"0":"post-112473","1":"post","2":"type-post","3":"status-publish","4":"format-standard","5":"has-post-thumbnail","7":"category-underholdning","8":"tag-entertainment","9":"tag-no","10":"tag-norge","11":"tag-norway","12":"tag-skal-vi-danse","13":"tag-underholdning"},"share_on_mastodon":{"url":"","error":""},"_links":{"self":[{"href":"https:\/\/www.europesays.com\/no\/wp-json\/wp\/v2\/posts\/112473","targetHints":{"allow":["GET"]}}],"collection":[{"href":"https:\/\/www.europesays.com\/no\/wp-json\/wp\/v2\/posts"}],"about":[{"href":"https:\/\/www.europesays.com\/no\/wp-json\/wp\/v2\/types\/post"}],"author":[{"embeddable":true,"href":"https:\/\/www.europesays.com\/no\/wp-json\/wp\/v2\/users\/2"}],"replies":[{"embeddable":true,"href":"https:\/\/www.europesays.com\/no\/wp-json\/wp\/v2\/comments?post=112473"}],"version-history":[{"count":0,"href":"https:\/\/www.europesays.com\/no\/wp-json\/wp\/v2\/posts\/112473\/revisions"}],"wp:featuredmedia":[{"embeddable":true,"href":"https:\/\/www.europesays.com\/no\/wp-json\/wp\/v2\/media\/112474"}],"wp:attachment":[{"href":"https:\/\/www.europesays.com\/no\/wp-json\/wp\/v2\/media?parent=112473"}],"wp:term":[{"taxonomy":"category","embeddable":true,"href":"https:\/\/www.europesays.com\/no\/wp-json\/wp\/v2\/categories?post=112473"},{"taxonomy":"post_tag","embeddable":true,"href":"https:\/\/www.europesays.com\/no\/wp-json\/wp\/v2\/tags?post=112473"}],"curies":[{"name":"wp","href":"https:\/\/api.w.org\/{rel}","templated":true}]}}