{"id":112507,"date":"2025-12-13T20:51:19","date_gmt":"2025-12-13T20:51:19","guid":{"rendered":"https:\/\/www.europesays.com\/no\/112507\/"},"modified":"2025-12-13T20:51:19","modified_gmt":"2025-12-13T20:51:19","slug":"louise-angelica-riise-utfordrer-seg-selv-i-vokteren-for-sonnens-skyld","status":"publish","type":"post","link":"https:\/\/www.europesays.com\/no\/112507\/","title":{"rendered":"Louise Angelica Riise utfordrer seg selv i \u00abVokteren\u00bb for s\u00f8nnens skyld"},"content":{"rendered":"<p class=\"kicker \" style=\"\">Louise Angelica Riise:<\/p>\n<p>  Louise Angelica Riise utfordrer seg selv i \u00abVokteren\u00bb &#8211; for s\u00f8nnens skyld!<\/p>\n<p>\n    KLAR FOR \u00abVOKTEREN\u00bb: I et \u00e6rlig innlegg p\u00e5 Instagram innr\u00f8mmer Louise hvorfor hun valgte \u00e5 delta i realityprogrammet. Her med samboer og kjendismanager David Eriksen. Foto: Shad Madian \/ Se og H\u00f8r\n  <\/p>\n<p>Det er ikke utenkelig at det b\u00e5de blir glamour og gr\u00f8sninger n\u00e5r Louise Angelica Riise (35) kaster seg inn i det mystiske og actionfylte realityprogrammet \u00abVokteren\u00bb.<\/p>\n<p>    <a itemprop=\"url\" href=\"https:\/\/www.seher.no\/kongelig\/bekrefter-ryktene\/83969125\" rel=\"nofollow noopener\" target=\"_blank\"><\/p>\n<p>        <img loading=\"lazy\" decoding=\"async\" src=\"https:\/\/www.europesays.com\/no\/wp-content\/uploads\/2025\/12\/83974187.webp\" width=\"980\" height=\"441\" title=\"Bekrefter ryktene\" alt=\"\" class=\"lazyload\" style=\"--aspect-ratio-image: 2.22; \"\/><\/p>\n<p>        Bekrefter ryktene<\/p>\n<p>    <\/a><\/p>\n<p>Noen ble kanskje litt overrasket over realitydeltakelsen. Louise har nemlig gjort det stort p\u00e5 sosiale medier, hvor hun viser en plettfri fasade og en forkj\u00e6rlighet for luksuri\u00f8se ferier.<\/p>\n<p>        M\u00d8TTES IGJEN: Nok en gang skal Marius Borg H\u00f8iby ha v\u00e6rt p\u00e5 byen med eks-kj\u00e6resten han har bes\u00f8ksforbud mot \u2013 denne gangen sammen med hennes familie. Reporter og klipp: Kine Falch<\/p>\n<p class=\"font-weight-bold m-font-weight-bold\" data-lab-font_weight=\"font-weight-bold\">\u00abVokteren\u00bb er verken det ene eller det andre. Der er det gj\u00f8rmete hinderl\u00f8yper og nattlige utfordringer i ukjent terreng &#8211; en stor kontrast til luksusleiligheten p\u00e5 Frogner, hvor hun og samboer og kjendismanager David Eriksen (58) bor.<\/p>\n<p>    <a itemprop=\"url\" href=\"https:\/\/www.seher.no\/kjendis\/jeg-var-en-drittsekk\/83953207\" rel=\"nofollow noopener\" target=\"_blank\"><\/p>\n<p>        <img loading=\"lazy\" decoding=\"async\" src=\"https:\/\/www.europesays.com\/no\/wp-content\/uploads\/2025\/12\/1765659074_467_82698230.webp\" width=\"980\" height=\"441\" title=\"- Jeg var en drittsekk\" alt=\"\" class=\"lazyload\" style=\"--aspect-ratio-image: 2.22; \"\/><\/p>\n<p>        &#8211; Jeg var en drittsekk<\/p>\n<p>    <\/a><\/p>\n<p>Den ellers s\u00e5 velpolerte influenseren og TV-profilen innr\u00f8mmer i et \u00e6rlig innlegg p\u00e5 Instagram at beslutningen om \u00e5 delta i det spennende realityprogrammet slett ikke var gjort i en h\u00e5ndvending.<\/p>\n<p>Hun r\u00f8per ogs\u00e5 at en av hoved\u00e5rsakene til at hun til slutt valgte \u00e5 takke ja til \u00e5 delta, var for \u00e5 gj\u00f8re s\u00f8nnen Colin (6) stolt.\u00a0<\/p>\n<p>        DATE: \u00abI Kissed a Boy\u00bb-deltaker Erik Rydning r\u00f8per hvorfor han ikke fant kj\u00e6rligheten, og hva sivilstatusen hans er i dag. Video: Thea Hope\/ R\u00f8d L\u00f8per<\/p>\n<p class=\"no_italic m-no_italic\" data-lab-italic=\"\">\u00abHver eneste fredag satt vi klistret foran TV-skjermen med dyne for \u00e5 se p\u00e5 yndlingsprogrammet til Colin &#8211; \u00abVokteren\u00bb &#8211; eller \u00abVakten\u00bb som han kalte det. Og under hver episode spurte Colin alltid: &#8216;Mamma, hadde du turt det der?&#8217; Nei, var alltid svaret mitt.\u00a0 &#8216;Ikke jeg heller, fikk jeg tilbake&#8217;\u00bb, skriver Louise innledningsvis.\u00a0<\/p>\n<p class=\"font-weight-bold m-font-weight-bold no_italic m-no_italic\" data-lab-italic=\"\" data-lab-font_weight=\"font-weight-bold\">\u00abSvaret var alltid det samme som mitt. \u00abHvilket forbilde er det?\u00bb tenkte jeg. Plutselig dukket muligheten opp, og jeg gikk mange runder med meg selv. For s\u00e5 ut av komfortsonen har jeg aldri v\u00e6rt. S\u00e5 det her er for deg, kompis! Jeg h\u00e5per jeg kan gj\u00f8re deg stolt n\u00e5!\u00bb fortsetter hun.\u00a0<\/p>\n<p>    <a itemprop=\"url\" href=\"https:\/\/www.seher.no\/kjendis\/han-ble-sa-stolt\/83960731\" rel=\"nofollow noopener\" target=\"_blank\"><\/p>\n<p>        <img loading=\"lazy\" decoding=\"async\" src=\"https:\/\/www.europesays.com\/no\/wp-content\/uploads\/2025\/12\/1765659074_403_74934627.webp\" width=\"147\" height=\"98\" title=\"Bekrefter skilsmisse: - Det skjer\" alt=\"\" class=\"lazyload\" style=\"--aspect-ratio-image: 1.50; \"\/><\/p>\n<p>        Bekrefter skilsmisse: &#8211; Det skjer<\/p>\n<p>    <\/a><\/p>\n<p>Det tok ikke lang tid f\u00f8r kommentarfeltet flommet over av hjerte-emojies og lykk\u00f8nskninger.<\/p>\n<p>        <img loading=\"lazy\" decoding=\"async\" src=\"https:\/\/www.europesays.com\/no\/wp-content\/uploads\/2025\/12\/83975010.webp\" width=\"686\" height=\"858\" title=\"STOLT MAMMA: Louise Angelica legger ikke skjul p\u00e5 at Colins begeistring for \u00abVokteren\u00bb, var med p\u00e5 \u00e5 avgj\u00f8re om hun skulle delta eller ikke. Foto: Skjermbilde: @louiseangelicariise \/ Instagram\" alt=\"\" class=\"\" style=\"--aspect-ratio-image: 0.80; \"\/><\/p>\n<p>\n        STOLT MAMMA: Louise Angelica legger ikke skjul p\u00e5 at Colins begeistring for \u00abVokteren\u00bb, var med p\u00e5 \u00e5 avgj\u00f8re om hun skulle delta eller ikke. Foto: Skjermbilde: @louiseangelicariise \/ Instagram\n    <\/p>\n<p>Supermodell Hanneli Mustaparta (43) har skrevet:\u00a0\u00abS\u00e5 fin mamma du er\u00bb, mens Harlem Alexander (38) kaster seg p\u00e5 og skriver:\u00a0<\/p>\n<p class=\"font-weight-light m-font-weight-light\" data-lab-font_weight=\"font-weight-light\">\u00abOmg. Jeg gleder meg til \u00e5 se!\u00bb\u00a0etterfulgt av fire store r\u00f8de hjerter.<\/p>\n<p>        <img loading=\"lazy\" decoding=\"async\" src=\"https:\/\/www.europesays.com\/no\/wp-content\/uploads\/2025\/12\/83962913.webp\" width=\"686\" height=\"645\" title=\"GOD KLEM: Louise Angelica Riise filmet \u00f8yeblikket da hun fortalte s\u00f8nnen at hun skulle delta i programmet. Hun forteller at han reagerte med \u00e5 bli stolt av henne. Foto: Skjermbilde: @louiseangelicariise \/ Instagram\" alt=\"\" class=\"\" style=\"--aspect-ratio-image: 1.06; \"\/><\/p>\n<p>\n        GOD KLEM: Louise Angelica Riise filmet \u00f8yeblikket da hun fortalte s\u00f8nnen at hun skulle delta i programmet. Hun forteller at han reagerte med \u00e5 bli stolt av henne. Foto: Skjermbilde: @louiseangelicariise \/ Instagram\n    <\/p>\n<p class=\"font-weight-bold m-font-weight-bold\" data-lab-font_weight=\"font-weight-bold\">\u00abHan (Colin, journ.anm) har ikke visst noen ting f\u00f8r n\u00e5. Vi filmet reaksjonen hans, og han ble s\u00e5 stolt. Han kastet seg inn i armene mine og ga meg en lang klem\u00bb, fortalte en oppgl\u00f8dd Louise da Se og H\u00f8r m\u00f8tte henne tidligere denne uken.<\/p>\n<p>        TATT P\u00c5 FERSKEN: Hva befinner seg under Skal vi danse-dommernes bord? Jan Thomas har svaret. Reporter: Nora Skavhaug \/ Foto: Danny Son To \/ R\u00f8d L\u00f8per <\/p>\n<p class=\"font-weight-light m-font-weight-light\" data-lab-font_weight=\"font-weight-light\">Da Se og H\u00f8r <a href=\"https:\/\/www.seher.no\/kjendis\/han-ble-sa-stolt\/83960731\" rel=\"nofollow noopener\" target=\"_blank\">m\u00f8tte Louise i anledning pressetreffet for \u00abVokteren\u00bb<\/a> tidligere denne uken, fortalte Louise at Colin likte karakteren \u00abVokteren\u00bb godt, og at hun skulle \u00f8nske han var mer med i programmet:\u00a0<\/p>\n<p>&#8211; Han var jo veldig skuffet over at denne \u00abVokteren\u00bb ikke var s\u00e5 mye med. Jeg h\u00f8rte fra produksjonen at han ville f\u00f8lge veldig n\u00f8ye med denne sesongen, og da tenkte jeg at: \u00abDet kommer s\u00f8nnen min til \u00e5 digge\u00bb.\u00a0<\/p>\n<p class=\"italic m-italic font-weight-normal m-font-weight-normal\" data-lab-font_weight=\"font-weight-normal\" data-lab-italic=\"italic\">Det har ikke lyktes Se og H\u00f8r \u00e5 komme i kontakt med Louise Angelica Riise i forbindelse med denne saken.<\/p>\n","protected":false},"excerpt":{"rendered":"Louise Angelica Riise: Louise Angelica Riise utfordrer seg selv i \u00abVokteren\u00bb &#8211; for s\u00f8nnens skyld! KLAR FOR \u00abVOKTEREN\u00bb:&hellip;\n","protected":false},"author":2,"featured_media":112508,"comment_status":"","ping_status":"","sticky":false,"template":"","format":"standard","meta":{"footnotes":""},"categories":[58],"tags":[3252,4104,71,479,3251,30,28,29,72,13220],"class_list":{"0":"post-112507","1":"post","2":"type-post","3":"status-publish","4":"format-standard","5":"has-post-thumbnail","7":"category-underholdning","8":"tag-david-eriksen","9":"tag-eksklusivt","10":"tag-entertainment","11":"tag-kjendis","12":"tag-louise-angelica-riise","13":"tag-no","14":"tag-norge","15":"tag-norway","16":"tag-underholdning","17":"tag-vokteren"},"share_on_mastodon":{"url":"https:\/\/pubeurope.com\/@no\/115714240444262140","error":""},"_links":{"self":[{"href":"https:\/\/www.europesays.com\/no\/wp-json\/wp\/v2\/posts\/112507","targetHints":{"allow":["GET"]}}],"collection":[{"href":"https:\/\/www.europesays.com\/no\/wp-json\/wp\/v2\/posts"}],"about":[{"href":"https:\/\/www.europesays.com\/no\/wp-json\/wp\/v2\/types\/post"}],"author":[{"embeddable":true,"href":"https:\/\/www.europesays.com\/no\/wp-json\/wp\/v2\/users\/2"}],"replies":[{"embeddable":true,"href":"https:\/\/www.europesays.com\/no\/wp-json\/wp\/v2\/comments?post=112507"}],"version-history":[{"count":0,"href":"https:\/\/www.europesays.com\/no\/wp-json\/wp\/v2\/posts\/112507\/revisions"}],"wp:featuredmedia":[{"embeddable":true,"href":"https:\/\/www.europesays.com\/no\/wp-json\/wp\/v2\/media\/112508"}],"wp:attachment":[{"href":"https:\/\/www.europesays.com\/no\/wp-json\/wp\/v2\/media?parent=112507"}],"wp:term":[{"taxonomy":"category","embeddable":true,"href":"https:\/\/www.europesays.com\/no\/wp-json\/wp\/v2\/categories?post=112507"},{"taxonomy":"post_tag","embeddable":true,"href":"https:\/\/www.europesays.com\/no\/wp-json\/wp\/v2\/tags?post=112507"}],"curies":[{"name":"wp","href":"https:\/\/api.w.org\/{rel}","templated":true}]}}