{"id":112511,"date":"2025-12-13T21:01:09","date_gmt":"2025-12-13T21:01:09","guid":{"rendered":"https:\/\/www.europesays.com\/no\/112511\/"},"modified":"2025-12-13T21:01:09","modified_gmt":"2025-12-13T21:01:09","slug":"et-tilfeldig-mote-pa-en-benk-hun-forsvant-og-jeg-satt-igjen-med-en-karamell-og-et-lite-kort","status":"publish","type":"post","link":"https:\/\/www.europesays.com\/no\/112511\/","title":{"rendered":"Et tilfeldig m\u00f8te p\u00e5 en benk: Hun forsvant, og jeg satt igjen med en karamell og et lite kort"},"content":{"rendered":"\n<p>Publisert:<br \/>\n  13. desember 2025 kl. 20:15<br \/>\n  Oppdatert:<br \/>\n  13. desember 2025 kl. 20:15\n <\/p>\n<p>Dette er et debattinnlegg. Det gir uttrykk for debattantens egen holdning.<\/p>\n<p><img decoding=\"async\" src=\"data:image\/gif;base64,R0lGODlhEAAJAIAAAP\/\/\/wAAACH5BAEAAAAALAAAAAAQAAkAAAIKhI+py+0Po5yUFQA7\" alt=\"\"\/><br \/>\n  Amalie V\u00e5gen Ysteb\u00f8<br \/>\n  <strong>Foto:<\/strong> Privat<\/p>\n<p><strong>Sm\u00e5 mellommenneskelige<\/strong> m\u00f8ter binder oss sammen. Det ble jeg minnet om i dag.<\/p>\n<p>Jeg satt p\u00e5 en benk p\u00e5 Festningen og s\u00e5 ut over Trondheim. Solen glimtet gjennom skylaget. Luften var kald. F\u00f8r jeg satte meg p\u00e5 benken, mens jeg gikk bortover, ble jeg minnet om en sang jeg ofte h\u00f8rte p\u00e5 for noen \u00e5r siden mens jeg satt s\u00e5nn som jeg gjorde i dag \u2013 p\u00e5 en benk p\u00e5 Festningen og med blikket rettet mot byen. \u00abSonja\u00bb av No. 4. Den sangen h\u00f8rer hjemme p\u00e5 Festningen for meg.<\/p>\n<p><strong>P\u00e5 benken<\/strong> ved siden av meg kom en annen ung kvinne. Hun satte seg slik som jeg satt. Blikket mot byen. Vi delte utsikten over Trondheim by denne ettermiddagen mens solen var p\u00e5 vei ned.<\/p>\n<p><strong>\u00c5 rette blikket<\/strong> mot byen fra Festningen gir meg en egen ro. Herfra kan man se alt. Nidelva som snirkler seg gjennom byen. Nidarosdomen som mektig st\u00e5r. Hovedbygget og sentralblokkene p\u00e5 Gl\u00f8shaugen, hvor jeg har studert og n\u00e5 jobber. Singsaker studenterhjem, mitt tidligere hjem. Og huset hvor jeg n\u00e5 har min lille leilighet. Jeg kunne fortsatt. Hele mitt trondheimsliv finnes i utsikten fra Festningen.<\/p>\n<p><img decoding=\"async\" src=\"data:image\/gif;base64,R0lGODlhEAAJAIAAAP\/\/\/wAAACH5BAEAAAAALAAAAAAQAAkAAAIKhI+py+0Po5yUFQA7\" alt=\"\"\/><br \/>\n  Jeg har en s\u00e5nn greie i desember, der jeg skal gj\u00f8re noe hyggelig for noen andre hver dag, sier hun.<\/p>\n<p>Vi satt der en stund sammen. P\u00e5 hver v\u00e5r benk. P\u00e5 hver v\u00e5r kant. Hun reiste seg og gikk. Jeg tenkte p\u00e5 hvem hun er. Hva hun tenker p\u00e5 n\u00e5r hun retter blikket mot byen fra Festningen.<\/p>\n<p><strong>Jeg tok meg selv<\/strong> i \u00e5 nynne p\u00e5 sangen. For meg selv. Trodde jeg. S\u00e5 h\u00f8rer jeg en stemme bak meg. \u00abHei. Unnskyld.\u00bb, sier den forsiktig. \u00abJeg har en s\u00e5nn greie i desember, der jeg skal gj\u00f8re noe hyggelig for noen andre hver dag\u00bb, sier hun og rekker meg et lite kort og en karamell.<\/p>\n<blockquote>\n<p>Hun forsvinner, og jeg sitter igjen med en karamell og et lite kort.<\/p>\n<\/blockquote>\n<p>Overrasket og litt perpleks takker jeg. \u00abTusen takk, s\u00e5 utrolig hyggelig!\u00bb Like fort som det skjedde, er det over. Hun forsvinner, og jeg sitter igjen med en karamell og et lite kort med en skikkelse som strekker h\u00e5nden mot en stjerne, og i bakgrunnen kan vi skimte en by.<\/p>\n<p><strong>\u00abVerden vil deg vel\u00bb<\/strong> st\u00e5r det p\u00e5 baksiden av kortet. Det finnes s\u00e5 mye godt i verden, tenkte jeg for meg selv. R\u00f8rt og fortsatt litt satt ut. Det er lett \u00e5 glemme alt det gode som finnes i verden.<\/p>\n<p><img decoding=\"async\" src=\"data:image\/gif;base64,R0lGODlhEAAJAIAAAP\/\/\/wAAACH5BAEAAAAALAAAAAAQAAkAAAIKhI+py+0Po5yUFQA7\" alt=\"\"\/><br \/>\n  Det finnes s\u00e5 mye godt i verden, tenkte jeg for meg selv.<\/p>\n<p>Kanskje s\u00e6rlig i en verden som preges av krig og kriser, \u00f8kte forskjeller mellom oss og verdensledere som slettes ikke handler godt.<\/p>\n<p><strong>Livet er ikke<\/strong> et eventyr. Virkeligheten ender ikke alltid godt, s\u00e5nn som i eventyrene. Det er lett \u00e5 f\u00f8le seg maktesl\u00f8s mot det som virkelig er brutal ondskap, men denne ettermiddagen m\u00f8tte jeg en slik \u00abstjerne\u00bb som No. 4 synger om \u2013 \u00absom lyser opp og viser vei\u00bb. Til inspirasjon og etterf\u00f8lgelse.<\/p>\n<p>Vi kan ikke gj\u00f8re alt, men vi kan alle gj\u00f8re noe for \u00e5 skape og ta vare p\u00e5 det gode i verden. Livet best\u00e5r av sm\u00e5 og store \u00f8yeblikk. Det er lett \u00e5 glemme hvor viktige de er og hvilken kraft de kan ha, de sm\u00e5 \u00f8yeblikkene som binder oss sammen.<\/p>\n<p><strong>Hva mener du? Send inn din tekst til <a href=\"https:\/\/www.adressa.no\/debatt\/i\/L40WdV\/mailto:debatt@adresseavisen.no\" rel=\"noopener nofollow\" target=\"_blank\">debatt@adresseavisen.no<\/a> eller delta i debatten i kommentarfeltet nederst \u2013 og husk fullt navn!<\/strong><\/p>\n","protected":false},"excerpt":{"rendered":"Publisert: 13. desember 2025 kl. 20:15 Oppdatert: 13. desember 2025 kl. 20:15 Dette er et debattinnlegg. Det gir&hellip;\n","protected":false},"author":2,"featured_media":112512,"comment_status":"","ping_status":"","sticky":false,"template":"","format":"standard","meta":{"footnotes":""},"categories":[5],"tags":[20,21,37,1843,6645,24,25,1174,15,19,5593,6683,22,23,4016,17,18,13,30,28,29,14,16,26,27],"class_list":{"0":"post-112511","1":"post","2":"type-post","3":"status-publish","4":"format-standard","5":"has-post-thumbnail","7":"category-overskrifter","8":"tag-breaking-news","9":"tag-breakingnews","10":"tag-debatt","11":"tag-debatt-og-kronikk","12":"tag-desember","13":"tag-featured-news","14":"tag-featurednews","15":"tag-festningen","16":"tag-headlines","17":"tag-hovedoppslag","18":"tag-jul","19":"tag-jul-2025","20":"tag-latest-news","21":"tag-latestnews","22":"tag-livet","23":"tag-main-news","24":"tag-mainnews","25":"tag-news","26":"tag-no","27":"tag-norge","28":"tag-norway","29":"tag-nyheter","30":"tag-overskrifter","31":"tag-top-stories","32":"tag-topstories"},"share_on_mastodon":{"url":"https:\/\/pubeurope.com\/@no\/115714279537025966","error":""},"_links":{"self":[{"href":"https:\/\/www.europesays.com\/no\/wp-json\/wp\/v2\/posts\/112511","targetHints":{"allow":["GET"]}}],"collection":[{"href":"https:\/\/www.europesays.com\/no\/wp-json\/wp\/v2\/posts"}],"about":[{"href":"https:\/\/www.europesays.com\/no\/wp-json\/wp\/v2\/types\/post"}],"author":[{"embeddable":true,"href":"https:\/\/www.europesays.com\/no\/wp-json\/wp\/v2\/users\/2"}],"replies":[{"embeddable":true,"href":"https:\/\/www.europesays.com\/no\/wp-json\/wp\/v2\/comments?post=112511"}],"version-history":[{"count":0,"href":"https:\/\/www.europesays.com\/no\/wp-json\/wp\/v2\/posts\/112511\/revisions"}],"wp:featuredmedia":[{"embeddable":true,"href":"https:\/\/www.europesays.com\/no\/wp-json\/wp\/v2\/media\/112512"}],"wp:attachment":[{"href":"https:\/\/www.europesays.com\/no\/wp-json\/wp\/v2\/media?parent=112511"}],"wp:term":[{"taxonomy":"category","embeddable":true,"href":"https:\/\/www.europesays.com\/no\/wp-json\/wp\/v2\/categories?post=112511"},{"taxonomy":"post_tag","embeddable":true,"href":"https:\/\/www.europesays.com\/no\/wp-json\/wp\/v2\/tags?post=112511"}],"curies":[{"name":"wp","href":"https:\/\/api.w.org\/{rel}","templated":true}]}}