{"id":112532,"date":"2025-12-13T21:21:52","date_gmt":"2025-12-13T21:21:52","guid":{"rendered":"https:\/\/www.europesays.com\/no\/112532\/"},"modified":"2025-12-13T21:21:52","modified_gmt":"2025-12-13T21:21:52","slug":"carina-dahl-om-mammaens-stotte-i-skal-vi-danse-en-rorende-historie","status":"publish","type":"post","link":"https:\/\/www.europesays.com\/no\/112532\/","title":{"rendered":"Carina Dahl om mammaens st\u00f8tte i Skal vi danse: En r\u00f8rende historie"},"content":{"rendered":"<p class=\"kicker \" style=\"\">\u00abSkal vi danse\u00bb-Carina f\u00e5r tr\u00f8st hos moren<\/p>\n<p>  N\u00e5r presset p\u00e5 parketten er som st\u00f8rst, er det godt \u00e5 kjenne tryggheten fra mamma i ryggen. Og Inger Lise er utrolig stolt av datteren sin.<\/p>\n<p>\n    ET SPESIELT B\u00c5ND: Mor-datter-b\u00e5ndet st\u00e5r sterkt hos Carina Dahl og moren Inger Lise. Midt i \u00abSkal vi danse\u00bb-presset fant artisten tid til \u00e5 treffe mamma, som hadde tatt turen fra Trondheim. Foto: Espen Solli\n  <\/p>\n<p>\u2013 Det er godt \u00e5 ha mamma som roser og st\u00f8tter meg s\u00e5nn, sier <a href=\"https:\/\/www.seher.no\/kjendis\/sjekkes-opp-av-menn-fra-16-til-80\/83912518\" rel=\"nofollow noopener\" target=\"_blank\">Carina Dahl<\/a> (40) med et smil og titter bort p\u00e5 moren Inger Lise (65). <\/p>\n<p>Den popul\u00e6re artisten har imponert stort p\u00e5 parketten og seilt opp som en av storfavorittene i \u00abSkal vi danse\u00bb.<\/p>\n<p>        NY SESONG: \u00abAlle elsker David\u00bb gj\u00f8r endringer i sin syvende sesong. Video: TV 2\/ Danny Son Ngoc To \/ Thea Hope\/ R\u00f8d L\u00f8per<\/p>\n<p>Nesten all tid har g\u00e5tt med til \u00e5 terpe p\u00e5 tango og wienervals p\u00e5 dansesenteret, men da Inger Lise tok en helgetur til hovedstaden, ryddet Carina plass i kalenderen for litt etterlengtet mor-datter-tid.<\/p>\n<p>        <img loading=\"lazy\" decoding=\"async\" src=\"https:\/\/www.europesays.com\/no\/wp-content\/uploads\/2025\/12\/83931259.webp\" width=\"686\" height=\"796\" title=\"STO P\u00c5: Da barna var sm\u00e5 hadde Inger Lise fire jobber for \u00e5 fors\u00f8rge familien, mens ektemannen \u2013 senere eksmannen \u2013 fulgte rockedr\u00f8mmen. Foto: Privat\" alt=\"\" class=\"\" style=\"--aspect-ratio-image: 0.86; \"\/><\/p>\n<p>\n        STO P\u00c5: Da barna var sm\u00e5 hadde Inger Lise fire jobber for \u00e5 fors\u00f8rge familien, mens ektemannen \u2013 senere eksmannen \u2013 fulgte rockedr\u00f8mmen. Foto: Privat\n    <\/p>\n<p>Carina forteller at moren alltid har v\u00e6rt en trygg st\u00f8ttespiller, som har heiet entusiastisk p\u00e5 datteren.<\/p>\n<p>&#8211; Vi bor langt unna hverandre, men mamma sender meg alltid fine meldinger. Hun er min st\u00f8rste supporter, og n\u00e5r vi er sammen passer vi p\u00e5 \u00e5 ikke lage for mange planer, men bare hygge oss. Hjemme hos mamma kan jeg senke skuldrene og bare slappe av, sier Carina til Se og H\u00f8r.<\/p>\n<p>Til vanlig er timeplanen fullstappet.\u00a0<\/p>\n<p>        <img loading=\"lazy\" decoding=\"async\" src=\"https:\/\/www.europesays.com\/no\/wp-content\/uploads\/2025\/12\/83931267.webp\" width=\"686\" height=\"968\" title=\"MUSIKALSK FAMILIE: Musikk og kultur var viktig i Carinas barndom. Inger Lise var danser og skuespiller, mens pappa Morten \u00abDiesel\u00bb Dahl er trommeslager. Foto: Privat\" alt=\"\" class=\"\" style=\"--aspect-ratio-image: 0.71; \"\/><\/p>\n<p>\n        MUSIKALSK FAMILIE: Musikk og kultur var viktig i Carinas barndom. Inger Lise var danser og skuespiller, mens pappa Morten \u00abDiesel\u00bb Dahl er trommeslager. Foto: Privat\n    <\/p>\n<p>Carina reiser Norge rundt og holder konserter, og har gjerne hatt over 200 reised\u00f8gn i \u00e5ret. Men i h\u00f8st ble kalenderen ryddet, for at hun skulle kunne satse hundre prosent p\u00e5 konkurransen.<\/p>\n<p>        NY SESONG: \u00abAlle elsker David\u00bb gj\u00f8r endringer i sin syvende sesong. Video: TV 2\/ Danny Son Ngoc To \/ Thea Hope\/ R\u00f8d L\u00f8per<\/p>\n<p>L\u00e6ringskurven har v\u00e6rt bratt, og framgangen stor. Men for Inger Lise kommer det ikke som noen overraskelse at datteren gj\u00f8r det bra. Stemmen brister nesten n\u00e5r hun snakker om innsatsen p\u00e5 dansegulvet.<\/p>\n<p>&#8211; F\u00f8rste gang jeg s\u00e5 Carina danse fikk jeg g\u00e5sehud. Jeg skj\u00f8nner nesten ikke hvordan hun har blitt s\u00e5 flink. Jeg er superstolt, sier hun r\u00f8rt.<\/p>\n<p>        <img loading=\"lazy\" decoding=\"async\" src=\"https:\/\/www.europesays.com\/no\/wp-content\/uploads\/2025\/12\/83931270.webp\" width=\"686\" height=\"810\" title=\"STORFAVORITT: Uke etter uke har Carina f\u00e5tt skryt for innsatsen p\u00e5 parketten sammen med dansepartner Ole Thomas Hansen (26). Foto: Andreas Fadum\" alt=\"\" class=\"\" style=\"--aspect-ratio-image: 0.85; \"\/><\/p>\n<p>\n        STORFAVORITT: Uke etter uke har Carina f\u00e5tt skryt for innsatsen p\u00e5 parketten sammen med dansepartner Ole Thomas Hansen (26). Foto: Andreas Fadum\n    <\/p>\n<p>Holder \u00abregnskap\u00bb\t<\/p>\n<p>\u00a0N\u00e5r hun er i Oslo, sitter 65-\u00e5ringen p\u00e5 f\u00f8rste rad i TV-studio.\u00a0<\/p>\n<p>Hjemme i Trondheim f\u00f8lger hun direktesendingene tett \u2013 s\u00e5 tett at hun skriver ned detaljer fra b\u00e5de dansene og dommernes tilbakemeldinger i en egen notatbok.<\/p>\n<p>    <a itemprop=\"url\" href=\"https:\/\/www.seher.no\/kjendis\/jeg-har-fatt-ny-jobb\/83928359\" rel=\"nofollow noopener\" target=\"_blank\"><\/p>\n<p>        <img loading=\"lazy\" decoding=\"async\" src=\"https:\/\/www.europesays.com\/no\/wp-content\/uploads\/2025\/12\/1765660893_111_83889343.webp\" width=\"147\" height=\"98\" title=\"- Jeg har f\u00e5tt ny jobb\" alt=\"\" class=\"lazyload\" style=\"--aspect-ratio-image: 1.50; \"\/><\/p>\n<p>        &#8211; Jeg har f\u00e5tt ny jobb<\/p>\n<p>    <\/a><\/p>\n<p>&#8211; Jeg f\u00f8lger spent med, og skriver ned alle detaljer. Det blir ogs\u00e5 en del stemmer selvf\u00f8lgelig, sier hun med et smil.<\/p>\n<p>Over en lunsj p\u00e5 Grand Hotel prater mor og datter om stort og sm\u00e5tt. Inger Lise beskriver Carina som et barn med uendelig energi, som stadig ville pr\u00f8ve nye fritidsaktiviteter &#8211; dans, sang, kor, drill, hest og til og med trylling.<\/p>\n<p>        <img loading=\"lazy\" decoding=\"async\" src=\"https:\/\/www.europesays.com\/no\/wp-content\/uploads\/2025\/12\/83931284.webp\" width=\"686\" height=\"686\" title=\"SHOPPING P\u00c5 MENYEN: Under Inger Lises bes\u00f8k i hovedstaden ble det ogs\u00e5 tid til et bes\u00f8k p\u00e5 julemarked og litt shopping. Foto: Espen Solli\" alt=\"\" class=\"\" style=\"--aspect-ratio-image: 1.00; \"\/><\/p>\n<p>\n        SHOPPING P\u00c5 MENYEN: Under Inger Lises bes\u00f8k i hovedstaden ble det ogs\u00e5 tid til et bes\u00f8k p\u00e5 julemarked og litt shopping. Foto: Espen Solli\n    <\/p>\n<p>Inger Lise selv er tidligere danser og skuespiller, mens pappa er TNT- trommis Morten \u00abDiesel\u00bb Dahl (66). Dermed var barndomshjemmet fylt av kultur og musikk, og Carina trivdes tidlig p\u00e5 scenen.<\/p>\n<p>&#8211; Musikk, dans og scene interesserte meg. Jeg sto p\u00e5 scenen s\u00e5 fort anledningen b\u00f8d seg, og jeg elsket \u00e5 underholde.<\/p>\n<p>        SKAL VI DANSE: Under Skal vi danse danset influenser Tale Torjussen for bestevenninnen sin, Leah Behn. Video: TV2 \/ Dagbladet<\/p>\n<p>Foreldrene skilte seg da Carina var \u00e5tte \u00e5r gammel, og lilles\u00f8steren Amanda var ett. Faren var fortsatt en viktig del av livene deres, men var mye ute og reiste med bandet. I hverdagen var det stort sett Inger Lise og jentene \u2013 et tett trekl\u00f8ver.<\/p>\n<p>        <img loading=\"lazy\" decoding=\"async\" src=\"https:\/\/www.europesays.com\/no\/wp-content\/uploads\/2025\/12\/83931298.webp\" width=\"686\" height=\"481\" title=\"R\u00d8RENDE \u00d8YEBLIKK: S\u00f8strene Amanda og Carina st\u00e5r hverandre n\u00e6r, og Carina dedikerte en dans til henne p\u00e5 direkten i \u00abSkal vi danse\u00bb. Foto: Andreas Fadum\" alt=\"\" class=\"\" style=\"--aspect-ratio-image: 1.43; \"\/><\/p>\n<p>\n        R\u00d8RENDE \u00d8YEBLIKK: S\u00f8strene Amanda og Carina st\u00e5r hverandre n\u00e6r, og Carina dedikerte en dans til henne p\u00e5 direkten i \u00abSkal vi danse\u00bb. Foto: Andreas Fadum\n    <\/p>\n<p>\u2013 For meg var ikke skilsmissen s\u00e5 tung. Jeg var jo allerede vant til at pappa var mye borte p\u00e5 spillejobber og turn\u00e9, forteller Carina. <\/p>\n<p>Kj\u00e6rlighet var det mye av, men \u00f8konomien var trang. Inger Lise hadde tre\u2013fire jobber for \u00e5 fors\u00f8rge d\u00f8trene \u2013 likevel strakk pengene ikke alltid til.<\/p>\n<p>        <img loading=\"lazy\" decoding=\"async\" src=\"https:\/\/www.europesays.com\/no\/wp-content\/uploads\/2025\/12\/83931280.webp\" width=\"686\" height=\"748\" title=\"PASSET P\u00c5: \u00c5tte \u00e5r skiller stores\u00f8ster Carina og Amanda. De har alltid hatt et n\u00e6rt forhold. Foto: Privat\" alt=\"\" class=\"\" style=\"--aspect-ratio-image: 0.92; \"\/><\/p>\n<p>\n        PASSET P\u00c5: \u00c5tte \u00e5r skiller stores\u00f8ster Carina og Amanda. De har alltid hatt et n\u00e6rt forhold. Foto: Privat\n    <\/p>\n<p>\u2013 Jeg tok str\u00f8jobber for \u00e5 f\u00e5 endene til \u00e5 m\u00f8tes, men det var ikke lett. Stort sett gikk l\u00f8nningen til husleie og barnehage, og det var ikke alltid nok til mat eller str\u00f8m, forteller hun.<\/p>\n<p class=\"font-weight-bold m-font-weight-bold\" data-lab-font_weight=\"font-weight-bold\">Men hun var opptatt av \u00e5 sk\u00e5ne d\u00f8trene for alvoret.<\/p>\n<p>\u2013 Jeg husker en gang de tok str\u00f8mmen. Da la jeg tepper over stoler i stuen og lot som at vi var p\u00e5 telttur, forteller hun.<\/p>\n<p>        \u00abSKAL VI DANSE\u00bb: Tale Torjussen har tatt med dansepartner Antonio Careri hjem til familien. Video: Tiktok\/@antonio_careri<\/p>\n<p>Ofret mye\t<\/p>\n<p>Til tross for utfordringene, opplevde ikke Carina at hun manglet noe.<\/p>\n<p>&#8211; Mamma er veldig snill og raus. Hun har ofret mye for oss. Jeg f\u00f8lte alltid at vi hadde det vi trengte, og tenkte ikke over at vi hadde lite penger, sier hun.<\/p>\n<p>    <a itemprop=\"url\" href=\"https:\/\/www.seher.no\/kjendis\/vekker-oppsikt-med-nytt-bilde\/83923870\" rel=\"nofollow noopener\" target=\"_blank\"><\/p>\n<p>        <img loading=\"lazy\" decoding=\"async\" src=\"https:\/\/www.europesays.com\/no\/wp-content\/uploads\/2025\/12\/1765660902_165_83923974.webp\" width=\"980\" height=\"441\" title=\"Vekker oppsikt med nytt bilde\" alt=\"\" class=\"lazyload\" style=\"--aspect-ratio-image: 2.22; \"\/><\/p>\n<p>        Vekker oppsikt med nytt bilde<\/p>\n<p>    <\/a><\/p>\n<p class=\"font-weight-bold m-font-weight-bold\" data-lab-font_weight=\"font-weight-bold\">De to s\u00f8strene skulle egentlig ha v\u00e6rt en s\u00f8skenflokk p\u00e5 tre. Broren Dennis d\u00f8de i mammas mage, etter at Inger Lise hadde g\u00e5tt over termin. Glede og forventning ble br\u00e5tt til sorg og smerte for familien. <\/p>\n<p>Carina som var fem \u00e5r gammel, hadde ventet spent p\u00e5 \u00e5 bli stores\u00f8ster.<\/p>\n<p>        KLINTE TIL: Artist Adrian Sellevoll kliner til i f\u00f8rste episode av \u00abRampenissen\u00bb, og r\u00f8per at han ble singel rett etter innspillingen. Reporter: Sanne Holt. Video: TV 2\/ \u00abRampenissen\u00bb\/ Sanne Holt\/ Vicotoria L\u00f8vik\/ R\u00f8d L\u00f8per<\/p>\n<p>&#8211; Jeg skulle jo f\u00e5 en lillebror, men s\u00e5 kom han ikke. Jeg gledet meg veldig, og hadde sagt det til alle i barnehagen. De trodde jeg hadde funnet det p\u00e5, og ertet meg da han aldri dukket opp, forteller hun.<\/p>\n<p>        <img loading=\"lazy\" decoding=\"async\" src=\"https:\/\/www.europesays.com\/no\/wp-content\/uploads\/2025\/12\/83931275.webp\" width=\"686\" height=\"1002\" title=\"GLEDE BLE TIL SORG: Carina var fem \u00e5r og gledet seg til \u00e5 bli stores\u00f8ster, men lillebroren d\u00f8de i mammas mage. Foto: Privat\" alt=\"\" class=\"\" style=\"--aspect-ratio-image: 0.68; \"\/><\/p>\n<p>\n        GLEDE BLE TIL SORG: Carina var fem \u00e5r og gledet seg til \u00e5 bli stores\u00f8ster, men lillebroren d\u00f8de i mammas mage. Foto: Privat\n    <\/p>\n<p>Musikken ble en m\u00e5te \u00e5 finne tr\u00f8st &#8211; og gi tr\u00f8st &#8211; p\u00e5.\u00a0<\/p>\n<p>Inger Lise skrev sangen \u00abWhen sorrow comes alive\u00bb om tapet. Den ble f\u00f8rst utgitt av TNT, og senere av Carina, og alle inntekter gikk til Landsforeningen for uventet barned\u00f8d.<\/p>\n<p>        <img loading=\"lazy\" decoding=\"async\" src=\"https:\/\/www.europesays.com\/no\/wp-content\/uploads\/2025\/12\/83931290.webp\" width=\"686\" height=\"542\" title=\"GLEMMER ALDRI: P\u00e5 armen har Inger Lise tatovert navnene til sine tre barn: Carina, Dennis og Amanda. Foto: Espen Solli\" alt=\"\" class=\"\" style=\"--aspect-ratio-image: 1.27; \"\/><\/p>\n<p>\n        GLEMMER ALDRI: P\u00e5 armen har Inger Lise tatovert navnene til sine tre barn: Carina, Dennis og Amanda. Foto: Espen Solli\n    <\/p>\n<p>Etter tragedien ble Inger Lise mer beskyttende overfor d\u00f8trene, som fortsatt er det aller kj\u00e6reste hun har. Morskj\u00e6rligheten er tydelig n\u00e5r hun viser frem adventskalenderen og julestr\u00f8mpen hun har tatt med til Carina. <\/p>\n<p>Artisten forteller at de sammen er blitt sterkere gjennom t\u00f8ffe perioder, og at moren alltid har v\u00e6rt hennes viktigste st\u00f8tte.<\/p>\n<p>        <img loading=\"lazy\" decoding=\"async\" src=\"https:\/\/www.europesays.com\/no\/wp-content\/uploads\/2025\/12\/83931273.webp\" width=\"686\" height=\"488\" title=\"STORT SAVN: I 1990 d\u00f8de Carinas lillebror Dennis i morens mage \u2013 etter termin. For Inger Lise er det mye tr\u00f8st i \u00e5 komme til gravstedet i Trondheim. Foto: Frode Thingstad\" alt=\"\" class=\"\" style=\"--aspect-ratio-image: 1.41; \"\/><\/p>\n<p>\n        STORT SAVN: I 1990 d\u00f8de Carinas lillebror Dennis i morens mage \u2013 etter termin. For Inger Lise er det mye tr\u00f8st i \u00e5 komme til gravstedet i Trondheim. Foto: Frode Thingstad\n    <\/p>\n<p>\u2013 I starten av karrieren var jeg veldig nerv\u00f8s og ville helst stikke av f\u00f8r jeg skulle p\u00e5 scenen. Da var mamma utrolig god \u00e5 ha, hun st\u00f8ttet meg. N\u00e5 gj\u00f8r hun det gjennom deltakelsen min i \u00abSkal vi danse\u00bb. S\u00e5nn har det alltid v\u00e6rt, og det kommer nok ikke til \u00e5 endre seg, sier Carina til Se og H\u00f8r.<\/p>\n","protected":false},"excerpt":{"rendered":"\u00abSkal vi danse\u00bb-Carina f\u00e5r tr\u00f8st hos moren N\u00e5r presset p\u00e5 parketten er som st\u00f8rst, er det godt \u00e5&hellip;\n","protected":false},"author":2,"featured_media":112533,"comment_status":"","ping_status":"","sticky":false,"template":"","format":"standard","meta":{"footnotes":""},"categories":[58],"tags":[2288,4104,71,479,30,28,29,2280,72],"class_list":{"0":"post-112532","1":"post","2":"type-post","3":"status-publish","4":"format-standard","5":"has-post-thumbnail","7":"category-underholdning","8":"tag-carina-dahl","9":"tag-eksklusivt","10":"tag-entertainment","11":"tag-kjendis","12":"tag-no","13":"tag-norge","14":"tag-norway","15":"tag-skal-vi-danse","16":"tag-underholdning"},"share_on_mastodon":{"url":"https:\/\/pubeurope.com\/@no\/115714363070944923","error":""},"_links":{"self":[{"href":"https:\/\/www.europesays.com\/no\/wp-json\/wp\/v2\/posts\/112532","targetHints":{"allow":["GET"]}}],"collection":[{"href":"https:\/\/www.europesays.com\/no\/wp-json\/wp\/v2\/posts"}],"about":[{"href":"https:\/\/www.europesays.com\/no\/wp-json\/wp\/v2\/types\/post"}],"author":[{"embeddable":true,"href":"https:\/\/www.europesays.com\/no\/wp-json\/wp\/v2\/users\/2"}],"replies":[{"embeddable":true,"href":"https:\/\/www.europesays.com\/no\/wp-json\/wp\/v2\/comments?post=112532"}],"version-history":[{"count":0,"href":"https:\/\/www.europesays.com\/no\/wp-json\/wp\/v2\/posts\/112532\/revisions"}],"wp:featuredmedia":[{"embeddable":true,"href":"https:\/\/www.europesays.com\/no\/wp-json\/wp\/v2\/media\/112533"}],"wp:attachment":[{"href":"https:\/\/www.europesays.com\/no\/wp-json\/wp\/v2\/media?parent=112532"}],"wp:term":[{"taxonomy":"category","embeddable":true,"href":"https:\/\/www.europesays.com\/no\/wp-json\/wp\/v2\/categories?post=112532"},{"taxonomy":"post_tag","embeddable":true,"href":"https:\/\/www.europesays.com\/no\/wp-json\/wp\/v2\/tags?post=112532"}],"curies":[{"name":"wp","href":"https:\/\/api.w.org\/{rel}","templated":true}]}}