{"id":112534,"date":"2025-12-13T21:27:29","date_gmt":"2025-12-13T21:27:29","guid":{"rendered":"https:\/\/www.europesays.com\/no\/112534\/"},"modified":"2025-12-13T21:27:29","modified_gmt":"2025-12-13T21:27:29","slug":"kommentar-store-lover-toffere-asylpolitikk","status":"publish","type":"post","link":"https:\/\/www.europesays.com\/no\/112534\/","title":{"rendered":"Kommentar: St\u00f8re lover t\u00f8ffere asylpolitikk"},"content":{"rendered":"\n<p class=\"_paragraph_o9xde_4 _paragraph_xtcu6_10 layout-component text-serif-m layout-normal text-serif-m layout-padded\">Mandag legger statsminister <a href=\"https:\/\/www.vg.no\/tag\/jonas-gahr-stoere?utm_source=vg-article&amp;utm_medium=auto-tagger&amp;utm_campaign=JO12MR\" class=\"_link_o9xde_39\" rel=\"nofollow noopener\" target=\"_blank\">Jonas Gahr St\u00f8re<\/a> frem sin \u201cPlan for Norge\u201d. Regjeringen \u00e5pner blant annet for at asyls\u00f8kereasyls\u00f8kerePersoner som s\u00f8ker om beskyttelse i et annet land fordi de frykter forf\u00f8lgelse i hjemlandet sitt. kan sendes til andre land og f\u00e5 sine asyls\u00f8knader behandlet der. Og for flere utvisningerutvisningerN\u00e5r en person blir tvunget til \u00e5 forlate et land, ofte fordi de har brutt loven eller ikke har lovlig opphold.<\/p>\n<p> &#8211; og t\u00f8ffere krav for \u00e5 f\u00e5 familiemedlemmer til Norge.<\/p>\n<p class=\"_paragraph_o9xde_4 _paragraph_xtcu6_10 layout-component text-serif-m layout-normal text-serif-m layout-padded\">Forel\u00f8pig er det litt ullent. S\u00e6rlig punktet om \u00e5 behandle asyls\u00f8knader i et annet land. Det skal skje i samarbeid med andre europeiske land. De landene som har fors\u00f8kt dette, har s\u00e5 langt ikke f\u00e5tt det til.<\/p>\n<p class=\"_paragraph_o9xde_4 _paragraph_xtcu6_10 layout-component text-serif-m layout-normal text-serif-m layout-padded\">Likevel &#8211; Ap er p\u00e5 mange m\u00e5ter p\u00e5 vei tilbake til der partiet tradisjonelt har befunnet seg.<\/p>\n<p class=\"_paragraph_o9xde_4 _paragraph_xtcu6_10 layout-component text-serif-m layout-normal text-serif-m layout-padded\">Tidligere statsminister Jens Stoltenberg minner i sin bok, \u201cMin historie\u201d, om at det var Ap, med dav\u00e6rende statsminister Trygve Bratteli, som i 1975 innf\u00f8rte innvandringsstopp.innvandringsstopp.En politikk der et land midlertidig eller permanent slutter \u00e5 tillate nye innvandrere \u00e5 komme inn.<\/p>\n<p><img alt=\"Jens Stoltenberg har holdt p\u00e5 en stram linje i innvandringspolitikken.  Foto: OLIVIER MATTHYS \/ EPA \/ NTB\" class=\"_image_qp4xg_65 layout-component layout-normal\" data-fullscreen- data-track-element-type=\"Article image fullscreen\" data-track-name=\"ImageFullscreen\" decoding=\"async\" loading=\"lazy\" height=\"2001\" itemprop=\"image\"  src=\"https:\/\/www.europesays.com\/no\/wp-content\/uploads\/2025\/12\/6fd577a2-5cb8-421c-8ffe-f139b1f259a8\"  style=\"object-position:0% 0%\" width=\"3000\"\/>Jens Stoltenberg har holdt p\u00e5 en stram linje i innvandringspolitikken.  Foto: OLIVIER MATTHYS \/ EPA \/ NTB<\/p>\n<p class=\"_paragraph_o9xde_4 _paragraph_xtcu6_10 layout-component text-serif-m layout-normal text-serif-m layout-padded\">I Stoltenbergs regjeringsperiode, fra 2005 til 2013, strammet Ap inn asylpolitikken p\u00e5 mange omr\u00e5der. I boken sin skriver han blant annet:<\/p>\n<p class=\"_paragraph_o9xde_4 _paragraph_xtcu6_10 layout-component text-serif-m layout-normal text-serif-m layout-padded\">\u00abFlere sosialdemokratiske partier i Europa har undervurdert den kraften som ligger i asyl- og innvandringspolitikken. De mister sin posisjon som dominerende partier. Arbeiderpartiet har klart \u00e5 st\u00e5 p\u00e5 en streng og rettferdig linje i \u00e5rtier.\u00bb<\/p>\n<p class=\"_paragraph_o9xde_4 _paragraph_xtcu6_10 layout-component text-serif-m layout-normal text-serif-m layout-padded\">Da Stoltenberg gikk av som Ap-leder i 2014, ble tonen fra Ap i en periode en annen. P\u00e5 sitt f\u00f8rste landsm\u00f8te som ny partileder, holdt Jonas Gahr St\u00f8re en tale der han gikk inn for at Norge skulle ta imot 10.000 flyktninger fra Syria.<\/p>\n<p class=\"_paragraph_o9xde_4 _paragraph_xtcu6_10 layout-component text-serif-m layout-normal text-serif-m layout-padded\">Mange, b\u00e5de i og utenfor Ap, opplevde St\u00f8res tale den gangen som en oppmykning, og et avvik fra Aps tradisjonelle linje i disse sp\u00f8rsm\u00e5lene. Med rette.<\/p>\n<p class=\"_paragraph_o9xde_4 _paragraph_xtcu6_10 layout-component text-serif-m layout-normal text-serif-m layout-padded\">Partiet fant etter hvert tilbake til en strengere politikk igjen. Men inntrykket av en mykere linje hadde festet seg. Frem til Ap igjen fikk regjeringsmakt, i 2021. Da bidro regjeringspartner Senterpartiet til \u00e5 stramme til igjen.<\/p>\n<p><img alt=\"Frp-leder Sylvi Listhaugs innvandringspolitikk skiller seg fra Ap sin mest i ordbruk, mindre i praktisk politikk.  Foto: G\u00f8ran Bohlin \/ VG\" class=\"_image_qp4xg_65 layout-component layout-normal\" data-fullscreen- data-track-element-type=\"Article image fullscreen\" data-track-name=\"ImageFullscreen\" decoding=\"async\" loading=\"lazy\" height=\"5504\" itemprop=\"image\"  src=\"https:\/\/www.europesays.com\/no\/wp-content\/uploads\/2025\/12\/25b859f1-a880-413b-a6ae-ca3ccedb22b9\"  style=\"object-position:0% 0%\" width=\"8256\"\/>Frp-leder Sylvi Listhaugs innvandringspolitikk skiller seg fra Ap sin mest i ordbruk, mindre i praktisk politikk.  Foto: G\u00f8ran Bohlin \/ VG<\/p>\n<p class=\"_paragraph_o9xde_4 _paragraph_xtcu6_10 layout-component text-serif-m layout-normal text-serif-m layout-padded\">Det har alltid v\u00e6rt ulike syn p\u00e5 innvandringspolitikken i Ap. Vi kommer til \u00e5 se det samme n\u00e5. AUFAUF Arbeidernes Ungdomsfylking, ungdomsorganisasjonen til Arbeiderpartiet i Norge. og venstresiden i Ap ligger ofte tett p\u00e5 SV, de vil ha en mer \u00e5pen og liberal politikk. Mens de i partiet som sitter med makt og ansvar, vil ha en strengere linje.<\/p>\n<p class=\"_paragraph_o9xde_4 _paragraph_xtcu6_10 layout-component text-serif-m layout-normal text-serif-m layout-padded\">For i praktisk politikk har Ap som regel ligget tett p\u00e5 Frp. Sylvi Listhaug og hennes folk strammet ikke inn i s\u00e6rlig grad gjennom de n\u00e6r \u00e5tte \u00e5rene de styrte Justisdepartementet under Erna Solbergs regjering.<\/p>\n<p class=\"_paragraph_o9xde_4 _paragraph_xtcu6_10 layout-component text-serif-m layout-normal text-serif-m layout-padded\">Det er mest av alt i m\u00e5ten de to partiene snakker om disse sp\u00f8rsm\u00e5lene p\u00e5, at Ap og Frp skiller lag.<\/p>\n<p class=\"_paragraph_o9xde_4 _paragraph_xtcu6_10 layout-component text-serif-m layout-normal text-serif-m layout-padded\">B\u00e5de Norge og Europa har hatt stor innvandring gjennom de siste par ti\u00e5rene. Befolkningssammensetningen er kraftig endret. S\u00e6rlig etter flyktningkrisen i 2015flyktningkrisen i 2015En periode med stor \u00f8kning i antall flyktninger som kom til Europa, hovedsakelig p\u00e5 grunn av konflikter i Midt\u00f8sten, spesielt Syria..<\/p>\n<p class=\"_paragraph_o9xde_4 _paragraph_xtcu6_10 layout-component text-serif-m layout-normal text-serif-m layout-padded\">Siden 1970 har andelen nordmenn med innvandrerbakgrunn \u00f8kt fra 1,5 prosent til dr\u00f8yt 20 prosent, dersom vi regner b\u00e5de innvandrere, og deres norskf\u00f8dte barn. <a href=\"https:\/\/www.imdi.no\/globalassets\/rapporter\/2024\/hvordan-gar-det-med-integreringen-i-norge-2024-2.pdf?utm_source=sdrn%3Avg%3Aarticle%3A43jOdE\" class=\"_link_o9xde_39\" rel=\"nofollow noopener\" target=\"_blank\">Litt mer enn halvparten av disse har europeisk eller annen vestlig bakgrunn. Tre av ti er fra Asia, og en av ti fra Afrika.<\/a><\/p>\n<p><img alt=\"Oslo er en delt by. I noen bydeler bor det sv\u00e6rt mange med innvandrerbakgrunn, i andre bydeler knapt noen.  Foto: J\u00f8rgen Braastad \/ VG\" class=\"_image_qp4xg_65 layout-component layout-normal\" data-fullscreen- data-track-element-type=\"Article image fullscreen\" data-track-name=\"ImageFullscreen\" decoding=\"async\" loading=\"lazy\" height=\"5464\" itemprop=\"image\"  src=\"https:\/\/www.europesays.com\/no\/wp-content\/uploads\/2025\/12\/da4b73bc-376e-430d-9f8b-ca9212714ea6\"  style=\"object-position:0% 0%\" width=\"8192\"\/>Oslo er en delt by. I noen bydeler bor det sv\u00e6rt mange med innvandrerbakgrunn, i andre bydeler knapt noen.  Foto: J\u00f8rgen Braastad \/ VG<\/p>\n<p class=\"_paragraph_o9xde_4 _paragraph_xtcu6_10 layout-component text-serif-m layout-normal text-serif-m layout-padded\">Integreringen har g\u00e5tt bedre i Norge enn i mange andre land i Europa. Men det har ikke g\u00e5tt knirkefritt her heller.<\/p>\n<p class=\"_paragraph_o9xde_4 _paragraph_xtcu6_10 layout-component text-serif-m layout-normal text-serif-m layout-padded\">Familier med innvandrerbakgrunn bor gjerne i samme omr\u00e5der. Det kan handle b\u00e5de om \u00f8konomi, og om et \u00f8nske om \u00e5 v\u00e6re sammen med \u201csine egne\u201d. Resultatet er ofte at barna g\u00e5r p\u00e5 skoler der knapt noen av barna har norsk som hjemmespr\u00e5k. Det blir vanskeligere \u00e5 bli kjent med kulturen i landet de har kommet til, og det kan bli st\u00f8rre avstand mellom nykommerne og de som har bodd her i mange generasjoner.<\/p>\n<p class=\"_paragraph_o9xde_4 _paragraph_xtcu6_10 layout-component text-serif-m layout-normal text-serif-m layout-padded\">Det kan f\u00f8re til konflikter og misforst\u00e5elser.<\/p>\n<p class=\"_paragraph_o9xde_4 _paragraph_xtcu6_10 layout-component text-serif-m layout-normal text-serif-m layout-padded\">Vi vet at mye av ungdomskriminaliteten springer ut av innvandrermilj\u00f8er.<\/p>\n<p class=\"_paragraph_o9xde_4 _paragraph_xtcu6_10 layout-component text-serif-m layout-normal text-serif-m layout-padded\">Det overveldende flertallet av norske ungdommer, b\u00e5de med og uten innvandrerbakgrunn, er lovlydige og oppf\u00f8rer seg skikkelig. Men n\u00e5r s\u00e5 mange av de unge som beg\u00e5r lovbrudd, har innvandrerbakgrunn, s\u00e5 rammer det ogs\u00e5 alle de som ikke raner eller bruker vold. Unge med innvandrerbakgrunn som kanskje opplever at de blir sett skjevt p\u00e5, eller at de f\u00f8ler seg stemplet i den offentlige debatten.<\/p>\n<p><img alt=\"Aps nestleder Tonje Brenna er en tydelig stemme i innvandringsdebatten.  Foto: Terje Bendiksby \/ NTB\" class=\"_image_qp4xg_65 layout-component layout-normal\" data-fullscreen- data-track-element-type=\"Article image fullscreen\" data-track-name=\"ImageFullscreen\" decoding=\"async\" loading=\"lazy\" height=\"4000\" itemprop=\"image\"  src=\"https:\/\/www.europesays.com\/no\/wp-content\/uploads\/2025\/12\/717f165b-1083-4643-88e4-e3b76067ce7c\"  style=\"object-position:0% 0%\" width=\"6000\"\/>Aps nestleder Tonje Brenna er en tydelig stemme i innvandringsdebatten.  Foto: Terje Bendiksby \/ NTB<\/p>\n<p class=\"_paragraph_o9xde_4 _paragraph_xtcu6_10 layout-component text-serif-m layout-normal text-serif-m layout-padded\">Disse ungdommene er heller ikke tjent med at det kommer mange nykommere som sliter med \u00e5 finne sin plass i det norske samfunnet.<\/p>\n<p class=\"_paragraph_o9xde_4 _paragraph_xtcu6_10 layout-component text-serif-m layout-normal text-serif-m layout-padded\">Tvert om. De som allerede er her, er avhengige av en raus og god integreringspolitikk. Av et samfunn som stiller med norskoppl\u00e6ring for nykommere, gode skoler og barnehager, fritidstilbud til ungdommene. Og ikke minst: et samfunn der ulike grupper omg\u00e5s naturlig og tillitsfullt.<\/p>\n<p class=\"_paragraph_o9xde_4 _paragraph_xtcu6_10 layout-component text-serif-m layout-normal text-serif-m layout-padded\">Det er nordmenn med r\u00f8tter andre steder som har aller mest \u00e5 tjene p\u00e5 at det f\u00f8res en innvandringspolitikk som har legitimitet og aksept i befolkningen. En politikk som gj\u00f8r at folk flest f\u00f8ler at myndighetene har kontroll. Og ser hvilke utfordringer de st\u00e5r overfor i sitt daglige liv. I sine nabolag, p\u00e5 barnas skole.<\/p>\n<p class=\"_paragraph_o9xde_4 _paragraph_xtcu6_10 layout-component text-serif-m layout-normal text-serif-m layout-padded\">Aps nestleder Tonje Brenna er den i Ap-ledelsen som argumenterer tydeligst langs dette sporet. I NRKs Politisk kvarter denne uken trakk hun frem det moralske ansvaret politikerne har dersom det kommer flere nykommere enn det samfunnet klarer \u00e5 integrere.<\/p>\n<p class=\"_paragraph_o9xde_4 _paragraph_xtcu6_10 layout-component text-serif-m layout-normal text-serif-m layout-padded\">Dette er kjernen, b\u00e5de for Norge og resten av Europa. Politikk. Ikke retorikk og store ord.<\/p>\n<p class=\"_paragraph_o9xde_4 _paragraph_xtcu6_10 layout-component text-serif-m layout-normal layout-padded\"><a href=\"https:\/\/www.vg.no\/nyheter\/i\/43jOdE\/baade-ap-og-frp-har-rett-i-innvandringspolitikken\" data-track-element-type=\"Link\" data-track-id=\"link:43jOdE\" class=\"_link_o9xde_39\" rel=\"nofollow noopener\" target=\"_blank\">B\u00e5de Ap og Frp har rett<\/a><\/p>\n<p class=\"_paragraph_o9xde_4 _paragraph_xtcu6_10 layout-component text-serif-m layout-normal layout-padded\"><a href=\"https:\/\/www.vg.no\/nyheter\/i\/RzMd0W\/asylpolitikken-har-kollapset\" data-track-element-type=\"Link\" data-track-id=\"link:RzMd0W\" class=\"_link_o9xde_39\" rel=\"nofollow noopener\" target=\"_blank\">St\u00f8res asyln\u00f8tt<\/a><\/p>\n<p>   Dette er en kommentar. Kommentaren gir uttrykk for skribentens holdning. <\/p>\n","protected":false},"excerpt":{"rendered":"Mandag legger statsminister Jonas Gahr St\u00f8re frem sin \u201cPlan for Norge\u201d. Regjeringen \u00e5pner blant annet for at asyls\u00f8kereasyls\u00f8kerePersoner&hellip;\n","protected":false},"author":2,"featured_media":112535,"comment_status":"","ping_status":"","sticky":false,"template":"","format":"standard","meta":{"footnotes":""},"categories":[10],"tags":[12043,20,21,24,25,15,240,201,22,23,13,30,28,29,14,16,26,27,103],"class_list":{"0":"post-112534","1":"post","2":"type-post","3":"status-publish","4":"format-standard","5":"has-post-thumbnail","7":"category-norge","8":"tag-asylpolitikk","9":"tag-breaking-news","10":"tag-breakingnews","11":"tag-featured-news","12":"tag-featurednews","13":"tag-headlines","14":"tag-jens-stoltenberg","15":"tag-jonas-gahr-store","16":"tag-latest-news","17":"tag-latestnews","18":"tag-news","19":"tag-no","20":"tag-norge","21":"tag-norway","22":"tag-nyheter","23":"tag-overskrifter","24":"tag-top-stories","25":"tag-topstories","26":"tag-vgmeninger"},"share_on_mastodon":{"url":"https:\/\/pubeurope.com\/@no\/115714382126094711","error":""},"_links":{"self":[{"href":"https:\/\/www.europesays.com\/no\/wp-json\/wp\/v2\/posts\/112534","targetHints":{"allow":["GET"]}}],"collection":[{"href":"https:\/\/www.europesays.com\/no\/wp-json\/wp\/v2\/posts"}],"about":[{"href":"https:\/\/www.europesays.com\/no\/wp-json\/wp\/v2\/types\/post"}],"author":[{"embeddable":true,"href":"https:\/\/www.europesays.com\/no\/wp-json\/wp\/v2\/users\/2"}],"replies":[{"embeddable":true,"href":"https:\/\/www.europesays.com\/no\/wp-json\/wp\/v2\/comments?post=112534"}],"version-history":[{"count":0,"href":"https:\/\/www.europesays.com\/no\/wp-json\/wp\/v2\/posts\/112534\/revisions"}],"wp:featuredmedia":[{"embeddable":true,"href":"https:\/\/www.europesays.com\/no\/wp-json\/wp\/v2\/media\/112535"}],"wp:attachment":[{"href":"https:\/\/www.europesays.com\/no\/wp-json\/wp\/v2\/media?parent=112534"}],"wp:term":[{"taxonomy":"category","embeddable":true,"href":"https:\/\/www.europesays.com\/no\/wp-json\/wp\/v2\/categories?post=112534"},{"taxonomy":"post_tag","embeddable":true,"href":"https:\/\/www.europesays.com\/no\/wp-json\/wp\/v2\/tags?post=112534"}],"curies":[{"name":"wp","href":"https:\/\/api.w.org\/{rel}","templated":true}]}}