{"id":112538,"date":"2025-12-13T21:29:12","date_gmt":"2025-12-13T21:29:12","guid":{"rendered":"https:\/\/www.europesays.com\/no\/112538\/"},"modified":"2025-12-13T21:29:12","modified_gmt":"2025-12-13T21:29:12","slug":"babyen-live-11-uker-folger-med-ntb-fotograf-mamma-beate-oma-dahle-pa-jobb","status":"publish","type":"post","link":"https:\/\/www.europesays.com\/no\/112538\/","title":{"rendered":"Babyen Live (11 uker) f\u00f8lger med NTB-fotograf-mamma Beate Oma Dahle p\u00e5 jobb"},"content":{"rendered":"\n<p class=\"_paragraph_o9xde_4 _paragraph_xtcu6_10 layout-component text-serif-m layout-normal text-serif-m layout-padded\">\u2013 Det er fantastisk \u00e5 v\u00e6re mamma. Noen stunder er tunge og t\u00f8ffe. Men vi har planlagt dette veldig godt. Logistikken fungerer. Det g\u00e5r egentlig veldig bra \u00e5 kombinere mammalivet og fotograflivet, smiler Beate Oma Dahle.<\/p>\n<p class=\"_paragraph_o9xde_4 _paragraph_xtcu6_10 layout-component text-serif-m layout-normal text-serif-m layout-padded\">Hun fikk sitt f\u00f8rste barn tidlig p\u00e5 h\u00f8sten. I de seks f\u00f8rste kampene var hun eneste norske pressefotograf p\u00e5 Norges kamper.<\/p>\n<p class=\"_paragraph_o9xde_4 _paragraph_xtcu6_10 layout-component text-serif-m layout-normal text-serif-m layout-padded\">Kravene til prestasjon er h\u00f8ye for Dahle Oma. Bildene leveres direkte hjem til Norge fra kamera. P\u00e5 kampfrie dager er hun p\u00e5 plass p\u00e5 Norges pressetreff og gir stort sett hele Media-Norge service med bilder av Norges spillere og trenere.<\/p>\n<p class=\"_paragraph_o9xde_4 _paragraph_xtcu6_10 layout-component text-serif-m layout-normal text-serif-m layout-padded\">Babyen starter intervjuet med \u00e5 skrike litt.<\/p>\n<p><img alt=\"Foto: Bj\u00f8rn S. Delebekk \/ VG\" class=\"_image_qp4xg_65 layout-component layout-normal\" data-fullscreen- data-track-element-type=\"Article image fullscreen\" data-track-name=\"ImageFullscreen\" decoding=\"async\" loading=\"lazy\" height=\"5309\" itemprop=\"image\"  src=\"https:\/\/www.europesays.com\/no\/wp-content\/uploads\/2025\/12\/19142274-0866-4300-b397-b3801b17d60c\"  style=\"object-position:0% 0%\" width=\"7893\"\/>Foto: Bj\u00f8rn S. Delebekk \/ VG<\/p>\n<p class=\"_paragraph_o9xde_4 _paragraph_xtcu6_10 layout-component text-serif-m layout-normal text-serif-m layout-padded\">Live krever sitt selv om mamma er opptatt med VG.<\/p>\n<p class=\"_paragraph_o9xde_4 _paragraph_xtcu6_10 layout-component text-serif-m layout-normal text-serif-m layout-padded\">Rett i n\u00e6rheten er NTB-fotografens bakkemannskap. Mormor Guro Oma har tatt ferie fra jobben hjemme p\u00e5 Vestlandet. Hun har v\u00e6rt med sine to etterkommere i Tyskland og Nederland siden 25. november.<\/p>\n<p class=\"_paragraph_o9xde_4 _paragraph_xtcu6_10 layout-component text-serif-m layout-normal text-serif-m layout-padded\">\u2013 Jeg tror jeg m\u00e5 sette i gang med en amming, jeg. Hvis det er greit. Har du en gulpeklut mamma?<\/p>\n<p class=\"_paragraph_o9xde_4 _paragraph_xtcu6_10 layout-component text-serif-m layout-normal text-serif-m layout-padded\">Live finner roen ved matstasjonen. Det er ikke bare Nora M\u00f8rk (fikk Thyra i mai) og Veronica Kristiansen (f\u00f8dte Odin i januar) som er nybakte m\u00f8dre i h\u00e5ndball-VM.<\/p>\n<p class=\"_paragraph_o9xde_4 _paragraph_xtcu6_10 layout-component text-serif-m layout-normal text-serif-m layout-padded\">\u2013 Dette er fullt og helt mitt valg. Det sitter langt inne ikke \u00e5 dekke VM. Jeg har fulgt h\u00e5ndballjentene i 4\u20135 \u00e5r n\u00e5 og har lyst til \u00e5 fortsette med det. Jeg gj\u00f8r dette kun fordi jeg har lyst. Jeg er ikke typen til \u00e5 sitte inne, forklarer mamma.<\/p>\n<p class=\"_paragraph_o9xde_4 _paragraph_xtcu6_10 layout-component text-serif-m layout-normal text-serif-m layout-padded\">Hun kunne valgt \u00e5 bli hjemme hos ektemannen, herrelandslagets Kevin Gulliksen, i Elverum.<\/p>\n<p><img alt=\"\" class=\"_image_qp4xg_65 layout-component layout-normal\" data-fullscreen- data-track-element-type=\"Article image fullscreen\" data-track-name=\"ImageFullscreen\" decoding=\"async\" loading=\"lazy\" height=\"4032\" itemprop=\"image\"  src=\"https:\/\/www.europesays.com\/no\/wp-content\/uploads\/2025\/12\/7fd15dcd-bd55-473a-b01d-ffc3042a44ac\"  style=\"object-position:0% 0%\" width=\"3024\"\/><\/p>\n<p class=\"_paragraph_o9xde_4 _paragraph_xtcu6_10 layout-component text-serif-m layout-normal text-serif-m layout-padded\">\u2013 Jeg kunne har gjort det, men det beste er \u00e5 v\u00e6re ute i felt, forklarer \u00abBea\u00bb som hun kalles i pressemilj\u00f8et.<\/p>\n<p class=\"_paragraph_o9xde_4 _paragraph_xtcu6_10 layout-component text-serif-m layout-normal text-serif-m layout-padded\">\u2013 Hvordan fungerer det under VM-kampene?<\/p>\n<p class=\"_paragraph_o9xde_4 _paragraph_xtcu6_10 layout-component text-serif-m layout-normal text-serif-m layout-padded\">\u2013 Det siste jeg gj\u00f8r f\u00f8r jeg drar til hallen er enten \u00e5 pumpe eller amme. Mamma og Live kommer som regel etter meg til hallen. Ettersom pappa ogs\u00e5 spiller h\u00e5ndball har hun allerede litt erfaring med h\u00e5ndballhaller. S\u00e5 hun har \u00f8reklokkene klare, beskriver hun.<\/p>\n<p class=\"_paragraph_o9xde_4 _paragraph_xtcu6_10 layout-component text-serif-m layout-normal text-serif-m layout-padded\">Live har f\u00e5tt mat i enkelte av de 15 minutter lange pausene.<\/p>\n<p><img alt=\"Foto: Bj\u00f8rn S. Delebekk \/ VG\" class=\"_image_qp4xg_65 layout-component layout-normal\" data-fullscreen- data-track-element-type=\"Article image fullscreen\" data-track-name=\"ImageFullscreen\" decoding=\"async\" loading=\"lazy\" height=\"5329\" itemprop=\"image\"  src=\"https:\/\/www.europesays.com\/no\/wp-content\/uploads\/2025\/12\/962cc058-7055-49e4-a5c5-e6c25a33a6fc\"  style=\"object-position:0% 0%\" width=\"7736\"\/>Foto: Bj\u00f8rn S. Delebekk \/ VG<\/p>\n<p class=\"_paragraph_o9xde_4 _paragraph_xtcu6_10 layout-component text-serif-m layout-normal text-serif-m layout-padded\">\u2013 Jeg l\u00f8per bort i pausen og ammer. Det er litt logistikk, men det g\u00e5r veldig fint.<\/p>\n<p class=\"_paragraph_o9xde_4 _paragraph_xtcu6_10 layout-component text-serif-m layout-normal text-serif-m layout-padded\">\u2013 Du blir ikke stresset?<\/p>\n<p class=\"_paragraph_o9xde_4 _paragraph_xtcu6_10 layout-component text-serif-m layout-normal text-serif-m layout-padded\">\u2013 De f\u00f8rste dagene var jeg sm\u00e5stresset for om det skulle funke. Om det var greit \u00e5 v\u00e6re borte s\u00e5 i mange timer fra henne enkelte dager. Det viser seg \u00e5 g\u00e5 helt supert. Hun er en veldig forn\u00f8yd jente.<\/p>\n<p class=\"_paragraph_o9xde_4 _paragraph_xtcu6_10 layout-component text-serif-m layout-normal text-serif-m layout-padded\">Beate Oma Dahle, opprinnelig fra Haugesund, har selv spilt h\u00e5ndball i mange \u00e5r. Hun har et tett forhold til sporten. NTB-fotografen har markert seg med mange blinkskudd de siste \u00e5rene.<\/p>\n<p class=\"_paragraph_o9xde_4 _paragraph_xtcu6_10 layout-component text-serif-m layout-normal text-serif-m layout-padded\">Et av dem av Danmark-keeper Althea Reinhardt, som fikk ballen midt i fleisen i en VM-kamp.<\/p>\n<p><img alt=\"Foto: Beate Oma Dahle \/ NTB\" class=\"_image_qp4xg_65 layout-component layout-normal\" data-fullscreen- data-track-element-type=\"Article image fullscreen\" data-track-name=\"ImageFullscreen\" decoding=\"async\" loading=\"lazy\" height=\"3360\" itemprop=\"image\"  src=\"https:\/\/www.europesays.com\/no\/wp-content\/uploads\/2025\/12\/f31bc07c-1246-4aa1-910d-ada46e73749a\"  style=\"object-position:0% 0%\" width=\"5040\"\/>Foto: Beate Oma Dahle \/ NTB<\/p>\n<p class=\"_paragraph_o9xde_4 _paragraph_xtcu6_10 layout-component text-serif-m layout-normal text-serif-m layout-padded\">Hun har ikke f\u00e5tt sure kommentarer p\u00e5 at hun stiller p\u00e5 jobb med en s\u00e5 fersk verdensborger.<\/p>\n<p class=\"_paragraph_o9xde_4 _paragraph_xtcu6_10 layout-component text-serif-m layout-normal text-serif-m layout-padded\">\u2013 Jeg hadde forventet at noen skulle si at dette er for tidlig. Men nei, ingen sure kommentarer. Jeg har heller ikke m\u00f8tt noen som er overrasket. Det er mer litt s\u00e5nn \u00abselvf\u00f8lgelig skal du det!\u00bb.<\/p>\n<p class=\"_paragraph_o9xde_4 _paragraph_xtcu6_10 layout-component text-serif-m layout-normal text-serif-m layout-padded\">\u2013 Du m\u00e5 v\u00e6re en ganske t\u00f8ff f\u00f8rstegangsmamma?<\/p>\n<p class=\"_paragraph_o9xde_4 _paragraph_xtcu6_10 layout-component text-serif-m layout-normal text-serif-m layout-padded\">\u2013 Man f\u00f8ler seg ikke n\u00f8dvendigvis s\u00e5 t\u00f8ff. Vi er i en s\u00e5rbar situasjon uansett. Men dette har vel bare \u00e5 gj\u00f8re med \u00abpassion\u00bb. Og selvsagt at datteren min er frisk, at hun kan ta flasken, og at min mamma kunne ta ferie, sier hun og er klar p\u00e5 \u00e9n ting.<\/p>\n<p class=\"_paragraph_o9xde_4 _paragraph_xtcu6_10 layout-component text-serif-m layout-normal text-serif-m layout-padded\">\u2013 Hadde dette g\u00e5tt ut over Live helsemessig, s\u00e5 hadde vi aldri dratt.<\/p>\n<p><img alt=\"Foto: Bj\u00f8rn S. Delebekk \/ VG\" class=\"_image_qp4xg_65 layout-component layout-normal\" data-fullscreen- data-track-element-type=\"Article image fullscreen\" data-track-name=\"ImageFullscreen\" decoding=\"async\" loading=\"lazy\" height=\"4630\" itemprop=\"image\"  src=\"https:\/\/www.europesays.com\/no\/wp-content\/uploads\/2025\/12\/afa8b53e-d759-4b2d-ae3e-3f1f5b6e23fd\"  style=\"object-position:0% 0%\" width=\"5883\"\/>Foto: Bj\u00f8rn S. Delebekk \/ VG<\/p>\n<p class=\"_paragraph_o9xde_4 _paragraph_xtcu6_10 layout-component text-serif-m layout-normal text-serif-m layout-padded\">\u2013 Er det vanskelig \u00e5 finne det profesjonelle drivet n\u00e5r du nylig har blitt mamma?<\/p>\n<p class=\"_paragraph_o9xde_4 _paragraph_xtcu6_10 layout-component text-serif-m layout-normal text-serif-m layout-padded\">\u2013 Driv har man alltid. Men etter at jeg har tatt et lite avbrekk fra fotografjobben s\u00e5 ser jeg kanskje mesterskapet med litt nye \u00f8yne. Det er lenge siden jeg har fulgt laget. Det har v\u00e6rt spennende.<\/p>\n<p class=\"_paragraph_o9xde_4 _paragraph_xtcu6_10 layout-component text-serif-m layout-normal text-serif-m layout-padded\"> \u2013 Er det like morsomt \u00e5 jobbe p\u00e5 h\u00e5ndballmesterskap som tidligere?<\/p>\n<p class=\"_paragraph_o9xde_4 _paragraph_xtcu6_10 layout-component text-serif-m layout-normal text-serif-m layout-padded\">\u2013 S\u00e5 absolutt. Jeg har kanskje litt mer adrenalin n\u00e5 enn tidligere. Det er en st\u00f8rre kabal som skal g\u00e5 opp. Flere ting skal klaffe. Men dette er veldig g\u00f8y.<\/p>\n<p><img alt=\"Foto: Bj\u00f8rn S. Delebekk \/ VG\" class=\"_image_qp4xg_65 layout-component layout-normal\" data-fullscreen- data-track-element-type=\"Article image fullscreen\" data-track-name=\"ImageFullscreen\" decoding=\"async\" loading=\"lazy\" height=\"5178\" itemprop=\"image\"  src=\"https:\/\/www.europesays.com\/no\/wp-content\/uploads\/2025\/12\/d91d14dd-eac6-4b82-b155-cf38f9a3fa9c\"  style=\"object-position:0% 0%\" width=\"7369\"\/>Foto: Bj\u00f8rn S. Delebekk \/ VG<\/p>\n<p class=\"_paragraph_o9xde_4 _paragraph_xtcu6_10 layout-component text-serif-m layout-normal text-serif-m layout-padded\">VG er p\u00e5 bes\u00f8k i babyhjemmet i 10. etasje p\u00e5 Hotel Ibis Styles.<\/p>\n<p class=\"_paragraph_o9xde_4 _paragraph_xtcu6_10 layout-component text-serif-m layout-normal text-serif-m layout-padded\">Vi forst\u00e5r dimensjonene i mamma-operasjonen. Den har beveget seg gjennom tre byer og to land med 100 kg bagasje p\u00e5 toget. Fordelt p\u00e5 fem kolli og tre stykk h\u00e5ndbagasje.<\/p>\n<p class=\"_paragraph_o9xde_4 _paragraph_xtcu6_10 layout-component text-serif-m layout-normal text-serif-m layout-padded\">Et lite kaos av fotoutstyr, pumpeutstyr, babyleker og mye annet preger rommet til Beate, Live og Guro. NTB-fotografen pakker bagen klar mens mormor synger for babyen.<\/p>\n<p><img alt=\"Foto: Bj\u00f8rn S. Delebekk \/ VG\" class=\"_image_qp4xg_65 layout-component layout-normal\" data-fullscreen- data-track-element-type=\"Article image fullscreen\" data-track-name=\"ImageFullscreen\" decoding=\"async\" loading=\"lazy\" height=\"5504\" itemprop=\"image\"  src=\"https:\/\/www.europesays.com\/no\/wp-content\/uploads\/2025\/12\/cb3e1fa3-c675-46b0-86f4-1c57fde2205e\"  style=\"object-position:0% 0%\" width=\"8256\"\/>Foto: Bj\u00f8rn S. Delebekk \/ VG<\/p>\n<p class=\"_paragraph_o9xde_4 _paragraph_xtcu6_10 layout-component text-serif-m layout-normal text-serif-m layout-padded\">Alt har selvsagt ikke g\u00e5tt helt knirkefritt for babyen, mamma og mormor.<\/p>\n<p class=\"_paragraph_o9xde_4 _paragraph_xtcu6_10 layout-component text-serif-m layout-normal text-serif-m layout-padded\">\u2013 Vi m\u00e5tte f\u00f8rst skifte rom p\u00e5 hotellet fordi det manglet kj\u00f8leskap. Det er jeg avhengig av n\u00e5r jeg m\u00e5 pumpe meg flere ganger om dagen, forteller Beate.<\/p>\n<p class=\"_paragraph_o9xde_4 _paragraph_xtcu6_10 layout-component text-serif-m layout-normal text-serif-m layout-padded\">S\u00e5 m\u00e5tte hele hotellet byttes ut i Dortmund.<\/p>\n<p class=\"_paragraph_o9xde_4 _paragraph_xtcu6_10 layout-component text-serif-m layout-normal text-serif-m layout-padded\">\u2013 \u00c9n time f\u00f8r kamp luktet det mistenkelig p\u00e5 rommet. Vi fant raskt ut at det var fullt hasjparty p\u00e5 naborommet. Da var det rett ut og inn p\u00e5 et nytt hotell.<\/p>\n<p class=\"_paragraph_o9xde_4 _paragraph_xtcu6_10 layout-component text-serif-m layout-normal text-serif-m layout-padded\">Etter VM skal hun tilbake i mammapermisjon, men Sony-utstyret kommer nok i bruk ogs\u00e5 i f\u00f8rste halvdel av 2026.<\/p>\n<p><img alt=\"Foto: Bj\u00f8rn S. Delebekk \/ VG\" class=\"_image_qp4xg_65 layout-component layout-normal\" data-fullscreen- data-track-element-type=\"Article image fullscreen\" data-track-name=\"ImageFullscreen\" decoding=\"async\" loading=\"lazy\" height=\"5504\" itemprop=\"image\"  src=\"https:\/\/www.europesays.com\/no\/wp-content\/uploads\/2025\/12\/dda64869-2019-4dfc-9a41-a268ae16eeb7\"  style=\"object-position:0% 0%\" width=\"7522\"\/>Foto: Bj\u00f8rn S. Delebekk \/ VG<\/p>\n<p class=\"_paragraph_o9xde_4 _paragraph_xtcu6_10 layout-component text-serif-m layout-normal text-serif-m layout-padded\">\u2013 Jeg har sagt meg villig til \u00e5 gj\u00f8re noen flere oppdrag f\u00f8r neste sommer. S\u00e5 f\u00e5r vi se om det lar seg gjennomf\u00f8re eller ikke.<\/p>\n<p class=\"_paragraph_o9xde_4 _paragraph_xtcu6_10 layout-component text-serif-m layout-normal text-serif-m layout-padded\">H\u00e5ndball-EM for menn er uansett ikke aktuelt \u00e5 f\u00f8lge profesjonelt med kamera. Pappa Kevin Gulliksen gj\u00f8r sannsynligvis comeback for Norge i mesterskapet. EM-uttaket kommer 17. desember.<\/p>\n<p class=\"_paragraph_o9xde_4 _paragraph_xtcu6_10 layout-component text-serif-m layout-normal text-serif-m layout-padded\">\u2013 Vi satser p\u00e5 at Kevin spiller ja. Han har gjort det veldig bra. Vi har billetter til alle landslagets kamperalle landslagets kamperNorge starter EM med kamper mot Ukraina (15.1), Tsjekkia (17.1) og Frankrike (19.1). her i Norge, forteller mamma.<\/p>\n<p class=\"_paragraph_o9xde_4 _paragraph_xtcu6_10 layout-component text-serif-m layout-normal text-serif-m layout-padded\">\u2013 Vi liker \u00e5 reise litt!<\/p>\n","protected":false},"excerpt":{"rendered":"\u2013 Det er fantastisk \u00e5 v\u00e6re mamma. Noen stunder er tunge og t\u00f8ffe. Men vi har planlagt dette&hellip;\n","protected":false},"author":2,"featured_media":112539,"comment_status":"","ping_status":"","sticky":false,"template":"","format":"standard","meta":{"footnotes":""},"categories":[59],"tags":[105,9443,13737,1528,30,28,29,1557,83,82],"class_list":{"0":"post-112538","1":"post","2":"type-post","3":"status-publish","4":"format-standard","5":"has-post-thumbnail","7":"category-sport","8":"tag-handball","9":"tag-handball-vm","10":"tag-kevin-gulliksen","11":"tag-kvinnelandslaget-handball","12":"tag-no","13":"tag-norge","14":"tag-norway","15":"tag-ntb","16":"tag-sport","17":"tag-sports"},"share_on_mastodon":{"url":"https:\/\/pubeurope.com\/@no\/115714390507115689","error":""},"_links":{"self":[{"href":"https:\/\/www.europesays.com\/no\/wp-json\/wp\/v2\/posts\/112538","targetHints":{"allow":["GET"]}}],"collection":[{"href":"https:\/\/www.europesays.com\/no\/wp-json\/wp\/v2\/posts"}],"about":[{"href":"https:\/\/www.europesays.com\/no\/wp-json\/wp\/v2\/types\/post"}],"author":[{"embeddable":true,"href":"https:\/\/www.europesays.com\/no\/wp-json\/wp\/v2\/users\/2"}],"replies":[{"embeddable":true,"href":"https:\/\/www.europesays.com\/no\/wp-json\/wp\/v2\/comments?post=112538"}],"version-history":[{"count":0,"href":"https:\/\/www.europesays.com\/no\/wp-json\/wp\/v2\/posts\/112538\/revisions"}],"wp:featuredmedia":[{"embeddable":true,"href":"https:\/\/www.europesays.com\/no\/wp-json\/wp\/v2\/media\/112539"}],"wp:attachment":[{"href":"https:\/\/www.europesays.com\/no\/wp-json\/wp\/v2\/media?parent=112538"}],"wp:term":[{"taxonomy":"category","embeddable":true,"href":"https:\/\/www.europesays.com\/no\/wp-json\/wp\/v2\/categories?post=112538"},{"taxonomy":"post_tag","embeddable":true,"href":"https:\/\/www.europesays.com\/no\/wp-json\/wp\/v2\/tags?post=112538"}],"curies":[{"name":"wp","href":"https:\/\/api.w.org\/{rel}","templated":true}]}}