{"id":112545,"date":"2025-12-13T21:36:12","date_gmt":"2025-12-13T21:36:12","guid":{"rendered":"https:\/\/www.europesays.com\/no\/112545\/"},"modified":"2025-12-13T21:36:12","modified_gmt":"2025-12-13T21:36:12","slug":"tiril-eckhoff-avslorer-skade-pa-santino-etter-skal-vi-danse-generalprove","status":"publish","type":"post","link":"https:\/\/www.europesays.com\/no\/112545\/","title":{"rendered":"Tiril Eckhoff avsl\u00f8rer skade p\u00e5 Santino etter \u00abSkal vi danse\u00bb-generalpr\u00f8ve"},"content":{"rendered":"<p>  To amerikanske soldater og en amerikansk tolk ble drept da en v\u00e6pnet mann \u00e5pnet ild i byen Palmyra i Syria l\u00f8rdag. Tre andre amerikanere ble skadd.<\/p>\n<p>\n    LOVER HEVN: USAs president Donald Trump lover hevn etter l\u00f8rdagens angrep. Foto: Jonathan Ernst \/ Reuters \/ NTB\n  <\/p>\n<p>B\u00e5de amerikanske og syriske myndigheter mener angriperen var tilknyttet den ytterligg\u00e5ende islamistgruppa IS.<\/p>\n<p>Nyhetsbyr\u00e5et Reuters har snakket med lokale kilder som sier han var medlem av de syriske sikkerhetsstyrkene. Syrias innenriksdepartement sier han ikke hadde noen lederrolle i sikkerhetsstyrkene.<\/p>\n<p class=\"font-weight-bold m-font-weight-bold\" data-lab-font_weight=\"font-weight-bold\">USAs president Donald Trump beskriver hendelsen som et \u00abforferdelig angrep\u00bb &#8211; og i et innlegg p\u00e5 Truth Social lover han en \u00absv\u00e6rt alvorlig gjengjeldelse\u00bb, if\u00f8lge Reuters.<\/p>\n<p>Tidligere l\u00f8rdag opplyste lokale kilder i Syria at en milit\u00e6rpatrulje med syriske og amerikanske styrker var blitt angrepet i Palmyra. Statlige syriske medier meldte at flere amerikanske soldater var s\u00e5ret.<\/p>\n<p>De syriske og amerikanske soldatene skal ha deltatt i den USA-ledede koalisjonen som ble opprettet i kampen mot IS for over it \u00e5r siden.<\/p>\n","protected":false},"excerpt":{"rendered":"To amerikanske soldater og en amerikansk tolk ble drept da en v\u00e6pnet mann \u00e5pnet ild i byen Palmyra&hellip;\n","protected":false},"author":2,"featured_media":112546,"comment_status":"","ping_status":"","sticky":false,"template":"","format":"standard","meta":{"footnotes":""},"categories":[59],"tags":[479,30,28,29,2280,83,82],"class_list":{"0":"post-112545","1":"post","2":"type-post","3":"status-publish","4":"format-standard","5":"has-post-thumbnail","7":"category-sport","8":"tag-kjendis","9":"tag-no","10":"tag-norge","11":"tag-norway","12":"tag-skal-vi-danse","13":"tag-sport","14":"tag-sports"},"share_on_mastodon":{"url":"https:\/\/pubeurope.com\/@no\/115714417531228315","error":""},"_links":{"self":[{"href":"https:\/\/www.europesays.com\/no\/wp-json\/wp\/v2\/posts\/112545","targetHints":{"allow":["GET"]}}],"collection":[{"href":"https:\/\/www.europesays.com\/no\/wp-json\/wp\/v2\/posts"}],"about":[{"href":"https:\/\/www.europesays.com\/no\/wp-json\/wp\/v2\/types\/post"}],"author":[{"embeddable":true,"href":"https:\/\/www.europesays.com\/no\/wp-json\/wp\/v2\/users\/2"}],"replies":[{"embeddable":true,"href":"https:\/\/www.europesays.com\/no\/wp-json\/wp\/v2\/comments?post=112545"}],"version-history":[{"count":0,"href":"https:\/\/www.europesays.com\/no\/wp-json\/wp\/v2\/posts\/112545\/revisions"}],"wp:featuredmedia":[{"embeddable":true,"href":"https:\/\/www.europesays.com\/no\/wp-json\/wp\/v2\/media\/112546"}],"wp:attachment":[{"href":"https:\/\/www.europesays.com\/no\/wp-json\/wp\/v2\/media?parent=112545"}],"wp:term":[{"taxonomy":"category","embeddable":true,"href":"https:\/\/www.europesays.com\/no\/wp-json\/wp\/v2\/categories?post=112545"},{"taxonomy":"post_tag","embeddable":true,"href":"https:\/\/www.europesays.com\/no\/wp-json\/wp\/v2\/tags?post=112545"}],"curies":[{"name":"wp","href":"https:\/\/api.w.org\/{rel}","templated":true}]}}