{"id":112551,"date":"2025-12-13T21:42:46","date_gmt":"2025-12-13T21:42:46","guid":{"rendered":"https:\/\/www.europesays.com\/no\/112551\/"},"modified":"2025-12-13T21:42:46","modified_gmt":"2025-12-13T21:42:46","slug":"trafikk-trafikkulykke-koyrde-inn-i-fjellvegg-store-materielle-skadar","status":"publish","type":"post","link":"https:\/\/www.europesays.com\/no\/112551\/","title":{"rendered":"Trafikk, Trafikkulykke | K\u00f8yrde inn i fjellvegg: \u2013 Store materielle skadar"},"content":{"rendered":"\n<p>Natt til laurdag fekk 110-sentralen melding om ulykka.<\/p>\n<p>Kvinna, i 20-\u00e5ra, var oppeg\u00e5ande d\u00e5 naudetatane kom til staden. Ho opplyste om smertar i brystet, og blei tatt med av ambulanse til legevakta i Flor\u00f8 fr\u00e5 staden.<\/p>\n<p>Bilen hennar skal hatt store materielle skadar etter \u00e5 ho hamna i motg\u00e5ande k\u00f8yrefelt vest for Helg\u00f8ytunnelen, treft fjellveggen, g\u00e5tt tilbake over vegen og stansa i autovernet p\u00e5 andre sida.<\/p>\n<p>Det er 80-sone p\u00e5 staden.<\/p>\n<p><b>\u2013 Det er opplyst per no at vassplaning er ein medverkande \u00e5rsaka til hendinga. Politiet gjer unders\u00f8kingar p\u00e5 staden, melde Vest politidistrikt i natt.<\/b><\/p>\n<p>Vegen var stengd i ein times tid etter ulykka til bilbergar hadde f\u00e5tt bilen vekk. Det l\u00e5g og bildelar i vegen. Vegen opna att like etter kl. 02.<\/p>\n<p>Entrepren\u00f8r er varsla og send til staden for \u00e5 unders\u00f8ke skadane p\u00e5 autovernet.<\/p>\n<p><b>Det er ingen mistanke om rusk\u00f8yring. F\u00f8rarkortet blei heller ikkje tatt.<\/b><\/p>\n","protected":false},"excerpt":{"rendered":"Natt til laurdag fekk 110-sentralen melding om ulykka. Kvinna, i 20-\u00e5ra, var oppeg\u00e5ande d\u00e5 naudetatane kom til staden.&hellip;\n","protected":false},"author":2,"featured_media":231,"comment_status":"","ping_status":"","sticky":false,"template":"","format":"standard","meta":{"footnotes":""},"categories":[5],"tags":[36,20,21,24,25,15,19,6234,22,23,17,18,13,30,28,29,14,16,1045,1510,26,27,224,666],"class_list":{"0":"post-112551","1":"post","2":"type-post","3":"status-publish","4":"format-standard","5":"has-post-thumbnail","7":"category-overskrifter","8":"tag-art","9":"tag-breaking-news","10":"tag-breakingnews","11":"tag-featured-news","12":"tag-featurednews","13":"tag-headlines","14":"tag-hovedoppslag","15":"tag-kinn","16":"tag-latest-news","17":"tag-latestnews","18":"tag-main-news","19":"tag-mainnews","20":"tag-news","21":"tag-no","22":"tag-norge","23":"tag-norway","24":"tag-nyheter","25":"tag-overskrifter","26":"tag-rv-5","27":"tag-story","28":"tag-top-stories","29":"tag-topstories","30":"tag-trafikk","31":"tag-trafikkulykke"},"share_on_mastodon":{"url":"https:\/\/pubeurope.com\/@no\/115714440747122704","error":""},"_links":{"self":[{"href":"https:\/\/www.europesays.com\/no\/wp-json\/wp\/v2\/posts\/112551","targetHints":{"allow":["GET"]}}],"collection":[{"href":"https:\/\/www.europesays.com\/no\/wp-json\/wp\/v2\/posts"}],"about":[{"href":"https:\/\/www.europesays.com\/no\/wp-json\/wp\/v2\/types\/post"}],"author":[{"embeddable":true,"href":"https:\/\/www.europesays.com\/no\/wp-json\/wp\/v2\/users\/2"}],"replies":[{"embeddable":true,"href":"https:\/\/www.europesays.com\/no\/wp-json\/wp\/v2\/comments?post=112551"}],"version-history":[{"count":0,"href":"https:\/\/www.europesays.com\/no\/wp-json\/wp\/v2\/posts\/112551\/revisions"}],"wp:featuredmedia":[{"embeddable":true,"href":"https:\/\/www.europesays.com\/no\/wp-json\/wp\/v2\/media\/231"}],"wp:attachment":[{"href":"https:\/\/www.europesays.com\/no\/wp-json\/wp\/v2\/media?parent=112551"}],"wp:term":[{"taxonomy":"category","embeddable":true,"href":"https:\/\/www.europesays.com\/no\/wp-json\/wp\/v2\/categories?post=112551"},{"taxonomy":"post_tag","embeddable":true,"href":"https:\/\/www.europesays.com\/no\/wp-json\/wp\/v2\/tags?post=112551"}],"curies":[{"name":"wp","href":"https:\/\/api.w.org\/{rel}","templated":true}]}}