{"id":112565,"date":"2025-12-13T22:05:38","date_gmt":"2025-12-13T22:05:38","guid":{"rendered":"https:\/\/www.europesays.com\/no\/112565\/"},"modified":"2025-12-13T22:05:38","modified_gmt":"2025-12-13T22:05:38","slug":"forste-gang-pa-seks-ar","status":"publish","type":"post","link":"https:\/\/www.europesays.com\/no\/112565\/","title":{"rendered":"F\u00f8rste gang p\u00e5 seks \u00e5r"},"content":{"rendered":"<p>  Iranske myndigheter har innf\u00f8rt et nytt prisniv\u00e5 p\u00e5 drivstoff. Det er f\u00f8rste gang siden 2019 at prisen justeres.<\/p>\n<p>\n    Fra og med l\u00f8rdag m\u00e5 iranske bilister forholde seg til en tretrinns prisstige for statlig subsidiert bensin. Selv med den nye pris\u00f8kningen er bensinen billigere i Iran enn de fleste andre steder i verden. Illustrasjonsfoto: Vahid Salemi \/ AP \/ NTB\n  <\/p>\n<p>Endringen kommer i en tid der landet sliter med en stadig svakere valuta og \u00f8konomisk sanksjoner.<\/p>\n<p>Det nye systemet, som innf\u00f8res l\u00f8rdag, inneb\u00e6rer at det kommer inn et tredje prisniv\u00e5 p\u00e5 bensin. Bilister kan heretter f\u00e5 60 liter i m\u00e5neden til den laveste subsidierte prisen p\u00e5 15.000 rial per liter. Det tilsvarer rundt 4 amerikanske cent eller 40 \u00f8re p\u00e5 det \u00e5pne valutamarkedet, men nesten ti ganger s\u00e5 mye for den som f\u00f8lger den offisielle vekslingskursen.<\/p>\n<p>Deretter dobles prisen for de neste 100 literne, mens alt over det selges for den nye prisen p\u00e5 50.000 rial per liter. Selv etter endringen vil Iran han noen av de laveste bensinprisene i verden.<\/p>\n<p>    <a itemprop=\"url\" href=\"https:\/\/sol.no\/nyheter\/handballjentene-klare-for-vm-finale\/83979057\" rel=\"nofollow noopener\" target=\"_blank\"><\/p>\n<p>        <img loading=\"lazy\" decoding=\"async\" src=\"https:\/\/www.europesays.com\/no\/wp-content\/uploads\/2025\/12\/83979062.webp\" width=\"980\" height=\"441\" title=\"H\u00e5ndballjentene klare for VM-finale\" alt=\"\" class=\"lazyload\" style=\"--aspect-ratio-image: 2.22; \"\/><\/p>\n<p>        H\u00e5ndballjentene klare for VM-finale<\/p>\n<p>sol.no<\/p>\n<p>    <\/a><\/p>\n<p>En betydelig pris\u00f8kning for seks \u00e5r siden utl\u00f8ste omfattende protester over hele landet. Over 300 mennesker skal ha blitt drept da myndighetene slo ned p\u00e5 uroen.<\/p>\n<p>Ogs\u00e5 tidligere har justeringer av landets lave bensinpriser f\u00f8rt til store protester. I 1964 m\u00e5tte sjahen sette inn milit\u00e6re kj\u00f8ret\u00f8y for erstatte streikende taxier da prisen ble satt opp.<\/p>\n","protected":false},"excerpt":{"rendered":"Iranske myndigheter har innf\u00f8rt et nytt prisniv\u00e5 p\u00e5 drivstoff. Det er f\u00f8rste gang siden 2019 at prisen justeres.&hellip;\n","protected":false},"author":2,"featured_media":112566,"comment_status":"","ping_status":"","sticky":false,"template":"","format":"standard","meta":{"footnotes":""},"categories":[12],"tags":[20,21,24,25,15,22,23,13,30,28,29,14,16,26,27,42,43,44,45],"class_list":{"0":"post-112565","1":"post","2":"type-post","3":"status-publish","4":"format-standard","5":"has-post-thumbnail","7":"category-verden","8":"tag-breaking-news","9":"tag-breakingnews","10":"tag-featured-news","11":"tag-featurednews","12":"tag-headlines","13":"tag-latest-news","14":"tag-latestnews","15":"tag-news","16":"tag-no","17":"tag-norge","18":"tag-norway","19":"tag-nyheter","20":"tag-overskrifter","21":"tag-top-stories","22":"tag-topstories","23":"tag-verden","24":"tag-world","25":"tag-world-news","26":"tag-worldnews"},"share_on_mastodon":{"url":"https:\/\/pubeurope.com\/@no\/115714531450206146","error":""},"_links":{"self":[{"href":"https:\/\/www.europesays.com\/no\/wp-json\/wp\/v2\/posts\/112565","targetHints":{"allow":["GET"]}}],"collection":[{"href":"https:\/\/www.europesays.com\/no\/wp-json\/wp\/v2\/posts"}],"about":[{"href":"https:\/\/www.europesays.com\/no\/wp-json\/wp\/v2\/types\/post"}],"author":[{"embeddable":true,"href":"https:\/\/www.europesays.com\/no\/wp-json\/wp\/v2\/users\/2"}],"replies":[{"embeddable":true,"href":"https:\/\/www.europesays.com\/no\/wp-json\/wp\/v2\/comments?post=112565"}],"version-history":[{"count":0,"href":"https:\/\/www.europesays.com\/no\/wp-json\/wp\/v2\/posts\/112565\/revisions"}],"wp:featuredmedia":[{"embeddable":true,"href":"https:\/\/www.europesays.com\/no\/wp-json\/wp\/v2\/media\/112566"}],"wp:attachment":[{"href":"https:\/\/www.europesays.com\/no\/wp-json\/wp\/v2\/media?parent=112565"}],"wp:term":[{"taxonomy":"category","embeddable":true,"href":"https:\/\/www.europesays.com\/no\/wp-json\/wp\/v2\/categories?post=112565"},{"taxonomy":"post_tag","embeddable":true,"href":"https:\/\/www.europesays.com\/no\/wp-json\/wp\/v2\/tags?post=112565"}],"curies":[{"name":"wp","href":"https:\/\/api.w.org\/{rel}","templated":true}]}}