{"id":112567,"date":"2025-12-13T22:06:10","date_gmt":"2025-12-13T22:06:10","guid":{"rendered":"https:\/\/www.europesays.com\/no\/112567\/"},"modified":"2025-12-13T22:06:10","modified_gmt":"2025-12-13T22:06:10","slug":"politi-fratatt-forerkort-levert-tilbake","status":"publish","type":"post","link":"https:\/\/www.europesays.com\/no\/112567\/","title":{"rendered":"Politi fratatt f\u00f8rerkort: Levert tilbake"},"content":{"rendered":"<p class=\"kicker \" style=\"\">\u00abSkal vi danse\u00bb:<\/p>\n<p>  N\u00e5 er det klart hvilke par som m\u00e5 i duell.\u00a0<\/p>\n<p>\n    M\u00d8TES: Tiril Eckhoff m\u00f8ter Danby Choi i duell. Foto: Thomas Andersen\/ TV 2\n  <\/p>\n<p>Siste: Danby Choi r\u00f8k ut av Skal vi danse<\/p>\n<p>FORNEBU (Dagbladet): I semifinalen av\u00a0\u00abSkal vi danse\u00bb skal det avgj\u00f8res hvilke tre par som f\u00e5r bli med videre til finalen, og hvem som m\u00e5 ta til takke med den sure fjerdeplassen.<\/p>\n<p>        TABBE: Det gikk ikke helt som planlagt for dommer Merete Lingj\u00e6rde da hun skulle si navnet p\u00e5 en av danserne under kveldens \u00abSkal vi danse\u00bb. Dette sier hun etter glippen. Video: Bilder fra TV 2 \/ Karolina Grace Rusov-Hansen \/ Sanne Holt.<\/p>\n<p>Etter at alle fire danseparene hadde levert to danser hver, ble det klart at det var Danby Choi og Norunn Ringvoll og Tiril Eckhoff og Santino\u00a0Mirenna som hadde f\u00e5tt f\u00e6rrest sammenlagt poeng, og derfor m\u00e5tte ut i en avgj\u00f8rende danseduell.<\/p>\n","protected":false},"excerpt":{"rendered":"\u00abSkal vi danse\u00bb: N\u00e5 er det klart hvilke par som m\u00e5 i duell.\u00a0 M\u00d8TES: Tiril Eckhoff m\u00f8ter Danby&hellip;\n","protected":false},"author":2,"featured_media":112568,"comment_status":"","ping_status":"","sticky":false,"template":"","format":"standard","meta":{"footnotes":""},"categories":[10],"tags":[20,21,24,25,15,2539,22,23,13,30,28,29,14,16,26,27],"class_list":{"0":"post-112567","1":"post","2":"type-post","3":"status-publish","4":"format-standard","5":"has-post-thumbnail","7":"category-norge","8":"tag-breaking-news","9":"tag-breakingnews","10":"tag-featured-news","11":"tag-featurednews","12":"tag-headlines","13":"tag-innenriks","14":"tag-latest-news","15":"tag-latestnews","16":"tag-news","17":"tag-no","18":"tag-norge","19":"tag-norway","20":"tag-nyheter","21":"tag-overskrifter","22":"tag-top-stories","23":"tag-topstories"},"share_on_mastodon":{"url":"https:\/\/pubeurope.com\/@no\/115714535183350549","error":""},"_links":{"self":[{"href":"https:\/\/www.europesays.com\/no\/wp-json\/wp\/v2\/posts\/112567","targetHints":{"allow":["GET"]}}],"collection":[{"href":"https:\/\/www.europesays.com\/no\/wp-json\/wp\/v2\/posts"}],"about":[{"href":"https:\/\/www.europesays.com\/no\/wp-json\/wp\/v2\/types\/post"}],"author":[{"embeddable":true,"href":"https:\/\/www.europesays.com\/no\/wp-json\/wp\/v2\/users\/2"}],"replies":[{"embeddable":true,"href":"https:\/\/www.europesays.com\/no\/wp-json\/wp\/v2\/comments?post=112567"}],"version-history":[{"count":0,"href":"https:\/\/www.europesays.com\/no\/wp-json\/wp\/v2\/posts\/112567\/revisions"}],"wp:featuredmedia":[{"embeddable":true,"href":"https:\/\/www.europesays.com\/no\/wp-json\/wp\/v2\/media\/112568"}],"wp:attachment":[{"href":"https:\/\/www.europesays.com\/no\/wp-json\/wp\/v2\/media?parent=112567"}],"wp:term":[{"taxonomy":"category","embeddable":true,"href":"https:\/\/www.europesays.com\/no\/wp-json\/wp\/v2\/categories?post=112567"},{"taxonomy":"post_tag","embeddable":true,"href":"https:\/\/www.europesays.com\/no\/wp-json\/wp\/v2\/tags?post=112567"}],"curies":[{"name":"wp","href":"https:\/\/api.w.org\/{rel}","templated":true}]}}