{"id":112577,"date":"2025-12-13T22:15:04","date_gmt":"2025-12-13T22:15:04","guid":{"rendered":"https:\/\/www.europesays.com\/no\/112577\/"},"modified":"2025-12-13T22:15:04","modified_gmt":"2025-12-13T22:15:04","slug":"rana-gruben-rana-kommune-gjor-klar-korttidsavdeling-for-berorte-beboere","status":"publish","type":"post","link":"https:\/\/www.europesays.com\/no\/112577\/","title":{"rendered":"Rana, Gruben | Rana kommune gj\u00f8r klar korttidsavdeling for ber\u00f8rte beboere"},"content":{"rendered":"\n<p>Det er i en pressemelding Rana kommune l\u00f8rdag melder at kommunen i ettermiddag vil gjennomf\u00f8re et informasjonsm\u00f8te for de ber\u00f8rte og deres p\u00e5r\u00f8rende etter fredagens tragiske brann i omsorgsboligene p\u00e5 Gruben.<\/p>\n<p>\u2013 Vi har gjort klar en korttidsavdeling for beboerne som er ber\u00f8rt. Der har vi kapasitet til \u00e5 gi de som har behov for det et godt botilbud inntil vi vet mer om hvilke konsekvenser brannen f\u00e5r for videre bruk av bygget, sier Sissel Karin Andersen, kommunedirekt\u00f8r for helse- og omsorg i Rana kommune.<\/p>\n<p>\u2013 Brannen i omsorgsboligene p\u00e5 Gruben fredag kveld hadde et verst tenkelig utfall, Et ungt liv gikk tapt. Det preger oss sterkt, sier Geir Waage, ordf\u00f8rer i Rana, og fortsetter:<\/p>\n<p>\u2013 Hendelsen er dypt tragisk. Vi vil ikke spekulere i hva som er \u00e5rsak til brannen, og er opptatt av at politiet som etterforsker brannen f\u00e5r gj\u00f8re jobben sin.<\/p>\n<p>Rana kommune satte krisestab fredag kveld for \u00e5 h\u00e5ndtere hendelsen og konsekvensene av den. Ivaretakelse av de ber\u00f8rte beboerne i omsorgsboligene, deres p\u00e5r\u00f8rende og de ansatte prioriteres av kommunen.<\/p>\n<p><b>Les mer: <a class=\"simple-relation related-teaser article--c-eRUmMG article--c-eRUmMG-jKCPdD-design-default article--c-eRUmMG-iBPVJb-cv\" href=\"https:\/\/www.ranablad.no\/mindrearig-gutt-funnet-omkommet-pa-branntomta-pa-gruben\/s\/5-42-1532695\" rel=\"nofollow noopener\" target=\"_blank\">Mindre\u00e5rig gutt funnet omkommet p\u00e5 branntomta p\u00e5 Gruben<\/a><\/b><\/p>\n<p><b>Les mer: <a class=\"simple-relation related-teaser article--c-eRUmMG article--c-eRUmMG-jKCPdD-design-default article--c-eRUmMG-iBPVJb-cv\" href=\"https:\/\/www.ranablad.no\/rana-kommune-setter-kriseledelse-etter-dodsbrannen-skal-straks-i-mote-det-viktigste-er-a-ivareta-de-berorte-og-parorende\/s\/5-42-1532776\" rel=\"nofollow noopener\" target=\"_blank\">Rana kommune setter kriseledelse etter d\u00f8dsbrannen &#8211; skal straks i m\u00f8te. \u2013 Det viktigste er \u00e5 ivareta de ber\u00f8rte og p\u00e5r\u00f8rende<\/a><\/b><\/p>\n<p><b>Les mer: <a class=\"simple-relation related-teaser article--c-eRUmMG article--c-eRUmMG-jKCPdD-design-default article--c-eRUmMG-iBPVJb-cv\" href=\"https:\/\/www.ranablad.no\/dette-vet-vi-per-na-om-brannen-i-omsorgsboligen-pa-gruben\/s\/5-42-1532692\" rel=\"nofollow noopener\" target=\"_blank\">Dette vet vi per n\u00e5 om brannen i omsorgsboligen p\u00e5 Gruben<\/a><\/b><\/p>\n","protected":false},"excerpt":{"rendered":"Det er i en pressemelding Rana kommune l\u00f8rdag melder at kommunen i ettermiddag vil gjennomf\u00f8re et informasjonsm\u00f8te for&hellip;\n","protected":false},"author":2,"featured_media":112578,"comment_status":"","ping_status":"","sticky":false,"template":"","format":"standard","meta":{"footnotes":""},"categories":[5],"tags":[36,367,20,21,24,25,11557,15,19,22,23,17,18,13,30,28,29,14,16,1360,1510,26,27],"class_list":{"0":"post-112577","1":"post","2":"type-post","3":"status-publish","4":"format-standard","5":"has-post-thumbnail","7":"category-overskrifter","8":"tag-art","9":"tag-brann","10":"tag-breaking-news","11":"tag-breakingnews","12":"tag-featured-news","13":"tag-featurednews","14":"tag-gruben","15":"tag-headlines","16":"tag-hovedoppslag","17":"tag-latest-news","18":"tag-latestnews","19":"tag-main-news","20":"tag-mainnews","21":"tag-news","22":"tag-no","23":"tag-norge","24":"tag-norway","25":"tag-nyheter","26":"tag-overskrifter","27":"tag-rana","28":"tag-story","29":"tag-top-stories","30":"tag-topstories"},"share_on_mastodon":{"url":"https:\/\/pubeurope.com\/@no\/115714570712552302","error":""},"_links":{"self":[{"href":"https:\/\/www.europesays.com\/no\/wp-json\/wp\/v2\/posts\/112577","targetHints":{"allow":["GET"]}}],"collection":[{"href":"https:\/\/www.europesays.com\/no\/wp-json\/wp\/v2\/posts"}],"about":[{"href":"https:\/\/www.europesays.com\/no\/wp-json\/wp\/v2\/types\/post"}],"author":[{"embeddable":true,"href":"https:\/\/www.europesays.com\/no\/wp-json\/wp\/v2\/users\/2"}],"replies":[{"embeddable":true,"href":"https:\/\/www.europesays.com\/no\/wp-json\/wp\/v2\/comments?post=112577"}],"version-history":[{"count":0,"href":"https:\/\/www.europesays.com\/no\/wp-json\/wp\/v2\/posts\/112577\/revisions"}],"wp:featuredmedia":[{"embeddable":true,"href":"https:\/\/www.europesays.com\/no\/wp-json\/wp\/v2\/media\/112578"}],"wp:attachment":[{"href":"https:\/\/www.europesays.com\/no\/wp-json\/wp\/v2\/media?parent=112577"}],"wp:term":[{"taxonomy":"category","embeddable":true,"href":"https:\/\/www.europesays.com\/no\/wp-json\/wp\/v2\/categories?post=112577"},{"taxonomy":"post_tag","embeddable":true,"href":"https:\/\/www.europesays.com\/no\/wp-json\/wp\/v2\/tags?post=112577"}],"curies":[{"name":"wp","href":"https:\/\/api.w.org\/{rel}","templated":true}]}}