{"id":112605,"date":"2025-12-13T22:36:16","date_gmt":"2025-12-13T22:36:16","guid":{"rendered":"https:\/\/www.europesays.com\/no\/112605\/"},"modified":"2025-12-13T22:36:16","modified_gmt":"2025-12-13T22:36:16","slug":"nyheter-vaeret-julevaeret-det-ser-ikke-sa-lovende-ut","status":"publish","type":"post","link":"https:\/\/www.europesays.com\/no\/112605\/","title":{"rendered":"Nyheter, V\u00e6ret | Julev\u00e6ret: \u2013 Det ser ikke s\u00e5 lovende ut"},"content":{"rendered":"\n<p>Framover blir det fortsatt lavtrykksaktivitet, opplyser vakthavende meteorolog Rebecca Roggentin.<\/p>\n<p>\u2013 Det blir stort sett gr\u00e5tt, sier hun til NTB.<\/p>\n<p>En front passerer over \u00d8stlandet l\u00f8rdag, og bak der er det ikke like mye nedb\u00f8r som det har v\u00e6rt. Men lenger vest blir det en del nedb\u00f8r. L\u00f8rdag er det bare meldt enkelte regnbyger p\u00e5 Vestlandet, men fra s\u00f8ndag og framover de neste dagene kommer det mye regn.<\/p>\n<p>D\u00e5rlig julenytt<\/p>\n<p>Ii Oslo og alle kystn\u00e6re steder blir det trolig mildt.<\/p>\n<p>Nord i landet er det muligheter i indre str\u00f8k, der det holder seg noe kaldere.<\/p>\n<p>\u2013 Her er det aktuelt med sn\u00f8 og hvit jul, men i kystomr\u00e5dene ser det veldig mildt ut framover ogs\u00e5 i nord, sier Roggentin.<\/p>\n<p>Farevarsel om flom<\/p>\n<p>I S\u00f8r-Norge blir det vindfullt fra vest-s\u00f8rvest, mens vinden i nord kommer fra s\u00f8rvestlig retning.<\/p>\n<p>For s\u00f8ndag er det sendt ut farevarsel om kraftige vindkast for Troms og Vest-Finnmark, med vindkast opp mot 32 meter i sekundet.<\/p>\n<p>Det er ogs\u00e5 sendt ut gult farevarsel om flom og skred i deler av Vestland og Rogaland fra s\u00f8ndag ettermiddag til mandag kveld. Det ventes opp mot 150 millimeter regn i l\u00f8pet av 48 timer. Omr\u00e5det strekker seg fra Stavanger i s\u00f8r til nord for Bergen langs kysten.<\/p>\n","protected":false},"excerpt":{"rendered":"Framover blir det fortsatt lavtrykksaktivitet, opplyser vakthavende meteorolog Rebecca Roggentin. \u2013 Det blir stort sett gr\u00e5tt, sier hun&hellip;\n","protected":false},"author":2,"featured_media":112606,"comment_status":"","ping_status":"","sticky":false,"template":"","format":"standard","meta":{"footnotes":""},"categories":[10],"tags":[36,20,21,24,25,5327,15,5593,22,23,1427,13,30,28,29,14,13528,16,1510,26,27,387,13743],"class_list":{"0":"post-112605","1":"post","2":"type-post","3":"status-publish","4":"format-standard","5":"has-post-thumbnail","7":"category-norge","8":"tag-art","9":"tag-breaking-news","10":"tag-breakingnews","11":"tag-featured-news","12":"tag-featurednews","13":"tag-hafjell","14":"tag-headlines","15":"tag-jul","16":"tag-latest-news","17":"tag-latestnews","18":"tag-lillehammer","19":"tag-news","20":"tag-no","21":"tag-norge","22":"tag-norway","23":"tag-nyheter","24":"tag-otta","25":"tag-overskrifter","26":"tag-story","27":"tag-top-stories","28":"tag-topstories","29":"tag-vaeret","30":"tag-vinstra"},"share_on_mastodon":{"url":"https:\/\/pubeurope.com\/@no\/115714653153507158","error":""},"_links":{"self":[{"href":"https:\/\/www.europesays.com\/no\/wp-json\/wp\/v2\/posts\/112605","targetHints":{"allow":["GET"]}}],"collection":[{"href":"https:\/\/www.europesays.com\/no\/wp-json\/wp\/v2\/posts"}],"about":[{"href":"https:\/\/www.europesays.com\/no\/wp-json\/wp\/v2\/types\/post"}],"author":[{"embeddable":true,"href":"https:\/\/www.europesays.com\/no\/wp-json\/wp\/v2\/users\/2"}],"replies":[{"embeddable":true,"href":"https:\/\/www.europesays.com\/no\/wp-json\/wp\/v2\/comments?post=112605"}],"version-history":[{"count":0,"href":"https:\/\/www.europesays.com\/no\/wp-json\/wp\/v2\/posts\/112605\/revisions"}],"wp:featuredmedia":[{"embeddable":true,"href":"https:\/\/www.europesays.com\/no\/wp-json\/wp\/v2\/media\/112606"}],"wp:attachment":[{"href":"https:\/\/www.europesays.com\/no\/wp-json\/wp\/v2\/media?parent=112605"}],"wp:term":[{"taxonomy":"category","embeddable":true,"href":"https:\/\/www.europesays.com\/no\/wp-json\/wp\/v2\/categories?post=112605"},{"taxonomy":"post_tag","embeddable":true,"href":"https:\/\/www.europesays.com\/no\/wp-json\/wp\/v2\/tags?post=112605"}],"curies":[{"name":"wp","href":"https:\/\/api.w.org\/{rel}","templated":true}]}}