{"id":112630,"date":"2025-12-13T22:58:19","date_gmt":"2025-12-13T22:58:19","guid":{"rendered":"https:\/\/www.europesays.com\/no\/112630\/"},"modified":"2025-12-13T22:58:19","modified_gmt":"2025-12-13T22:58:19","slug":"ghita-norby-om-livets-slutt-gleder-seg-til-doden","status":"publish","type":"post","link":"https:\/\/www.europesays.com\/no\/112630\/","title":{"rendered":"Ghita N\u00f8rby om livets slutt: Gleder seg til d\u00f8den"},"content":{"rendered":"<p class=\"kicker \" style=\"\">Matador-stjernen har planlagt sin egen begravelse<\/p>\n<p>  &#8211; Jeg har opplevd s\u00e5 mye og har sett alt som er \u00e5 se, sier Ghita N\u00f8rby, som tror at \u00abneste kapittel\u00bb blir vidunderlig.<\/p>\n<p>\n    LATTER: \u2013 Hvis du ikke kan le av deg selv, er du et selvh\u00f8ytidelig fjols, har Ghita N\u00e6rby sagt til KK. Her st\u00e5r hun med favnen full av blomster under feiringen av sin egen 90-\u00e5rsdag. Foto: NTB\n  <\/p>\n<p>Nordmenn trykket danske <a href=\"https:\/\/www.seher.no\/kjendis\/dansk-filmlegende-skryter-av-norge\/64655192\" rel=\"nofollow noopener\" target=\"_blank\">Ghita N\u00f8rby<\/a> (90) til brystet da vi s\u00e5 henne i rollen som Ingeborg Skjern i TV-serien \u00abMatador\u00bb.<\/p>\n<p>Hun gjorde ogs\u00e5 stor suksess i filmen \u00abBabettes gjestebud\u00bb, og senere i Netflix-serien \u00abHjem til jul\u00bb.<\/p>\n<p>        <img loading=\"lazy\" decoding=\"async\" src=\"https:\/\/www.europesays.com\/no\/wp-content\/uploads\/2025\/12\/83953680.webp\" width=\"686\" height=\"549\" title=\"SLIK KJENNER VI HENNE: Nordmenn elsket TV-serien \u00abMatador\u00bb, hvor Ghita spilte en viktig rolle. Foto: NTB\" alt=\"\" class=\"\" style=\"--aspect-ratio-image: 1.25; \"\/><\/p>\n<p>\n        SLIK KJENNER VI HENNE: Nordmenn elsket TV-serien \u00abMatador\u00bb, hvor Ghita spilte en viktig rolle. Foto: NTB\n    <\/p>\n<p>N\u00e5 kan filmdivaen se tilbake p\u00e5 et rikt og spennende liv. Og mens mange blir skremt av tanken p\u00e5 at det en dag skal ta slutt, er Ghita av en annen oppfatning.<\/p>\n<p class=\"font-weight-bold m-font-weight-bold\" data-lab-font_weight=\"font-weight-bold\">Den folkekj\u00e6re damen avsl\u00f8rer n\u00e5 at hun rett og slett gleder seg til tiden kommer.<\/p>\n<p>        IKKE VENNER: Sebastian Solberg g\u00e5r hardt ut mot sine meddeltakere i den kommende sesongen av \u00abSpillet\u00bb. Influenseren r\u00f8per ogs\u00e5 hvorfor, like f\u00f8r \u00e9n av dem avbryter intervjuet med en uhyggelig beskjed. Reporter: Thea Hope. Video: Nora Skavhaug. \u00abSpillet\u00bb \/ TV2.<\/p>\n<p>&#8211; Jeg gleder meg til \u00e5 d\u00f8. Jeg tror det blir vidunderlig, sier hun i Morten Messerschmidts podkast \u00abIkke Et Ord Om Politikk\u00bb, if\u00f8lge Ekstrabladet.<\/p>\n<p>&#8211; Jeg har ikke noe imot tanken, jeg er ikke redd for det, fortsetter hun.<\/p>\n<p>        <img loading=\"lazy\" decoding=\"async\" src=\"https:\/\/www.europesays.com\/no\/wp-content\/uploads\/2025\/12\/83953696.webp\" width=\"686\" height=\"1029\" title=\"HELSA SVIKTER: \u2013 Jeg sitter ikke og gr\u00e5ter over at helsen svikter p\u00e5 et tidspunkt. Men s\u00e5 lenge jeg har hukommelsen, blir jeg ikke pensjonist, har Ghita sagt til danske Politiken. I dag benytter hun seg ofte av rullestol. Foto: NTB\" alt=\"\" class=\"\" style=\"--aspect-ratio-image: 0.67; \"\/><\/p>\n<p>\n        HELSA SVIKTER: \u2013 Jeg sitter ikke og gr\u00e5ter over at helsen svikter p\u00e5 et tidspunkt. Men s\u00e5 lenge jeg har hukommelsen, blir jeg ikke pensjonist, har Ghita sagt til danske Politiken. I dag benytter hun seg ofte av rullestol. Foto: NTB\n    <\/p>\n<p>Men selv om hun ikke er redd, er det scenarier hun gjerne vil unng\u00e5.<\/p>\n<p>\u2013 Jeg vil selvf\u00f8lgelig n\u00f8dig ha fryktelige smerter eller havne i en ulykke. Men det kan vi jo ikke bestemme, sier hun.<\/p>\n<p>90-\u00e5ringen ser aller helst at hun en dag bare sovner i sin egen seng, for s\u00e5 \u00e5 aldri v\u00e5kne igjen.<\/p>\n<p>\u2013 Det m\u00e5 v\u00e6re en gave!<\/p>\n<p>    <a itemprop=\"url\" href=\"https:\/\/www.seher.no\/kjendis\/hjerteskjaerende-avskjed\/83974784\" rel=\"nofollow noopener\" target=\"_blank\"><\/p>\n<p>        <img loading=\"lazy\" decoding=\"async\" src=\"https:\/\/www.europesays.com\/no\/wp-content\/uploads\/2025\/12\/1765666694_409_83974953.webp\" width=\"147\" height=\"98\" title=\"Hjerteskj\u00e6rende avskjed\" alt=\"\" class=\"lazyload\" style=\"--aspect-ratio-image: 1.50; \"\/><\/p>\n<p>        Hjerteskj\u00e6rende avskjed<\/p>\n<p>    <\/a><\/p>\n<p>Ta med husdyr\t<\/p>\n<p>Begravelsen har hun for lengst planlagt.<\/p>\n<p>\u2013 Kirken skal v\u00e6re full av blomster og tr\u00e6r og alt mulig, og alle de menneskene som gidder \u00e5 komme skal ta med seg husdyrene sine, og s\u00e5 skal de synge noen herlige sanger og tenke p\u00e5 meg, har hun sagt if\u00f8lge BilledBladet.<\/p>\n<p>        <img loading=\"lazy\" decoding=\"async\" src=\"https:\/\/www.europesays.com\/no\/wp-content\/uploads\/2025\/12\/83953708.webp\" width=\"686\" height=\"885\" title=\"GIFT MED POPSTJERNE: Ghita har v\u00e6rt gift med fire menn. Dette er hennes andre bryllup \u2013 med italienske Dario Campeotte. Foto: NTB\" alt=\"\" class=\"\" style=\"--aspect-ratio-image: 0.78; \"\/><\/p>\n<p>\n        GIFT MED POPSTJERNE: Ghita har v\u00e6rt gift med fire menn. Dette er hennes andre bryllup \u2013 med italienske Dario Campeotte. Foto: NTB\n    <\/p>\n<p>Ghita innr\u00f8mmer at hun kjenner p\u00e5 ensomhet.<\/p>\n<p>\u2013 Jeg har alltid v\u00e6rt omgitt av mennesker. Livet mitt har eksistert gjennom et stort samarbeid, og det blir mindre av det jo eldre du blir, sier hun.<\/p>\n<p>Hun er lite vant til \u00e5 v\u00e6re alene privat ogs\u00e5. Hun har v\u00e6rt gift med hele fire menn!<\/p>\n<p>        DATE: \u00abI Kissed a Boy\u00bb-deltaker Erik Rydning r\u00f8per hvorfor han ikke fant kj\u00e6rligheten, og hva sivilstatusen hans er i dag. Video: Thea Hope\/ R\u00f8d L\u00f8per<\/p>\n<p>Den f\u00f8rste gangen uhun giftet seg, var hun 21 \u00e5r gammel. Ektemannen var arkitekten Mogens Garth-Gr\u00fcner, som slet med depresjon, og tok sitt eget liv \u00e5ret etter.<\/p>\n<p>I 1963 giftet hun seg med popsangeren Dario Campeotto, som hun fikk sitt eneste barn med, s\u00f8nnen Giacomo. Etter seks \u00e5r ble paret skilt. I 1970 giftet hun seg med skuespiller J\u00f8rgen Reenberg, men i 1978 ble de skilt.<\/p>\n<p>        <img loading=\"lazy\" decoding=\"async\" src=\"https:\/\/www.europesays.com\/no\/wp-content\/uploads\/2025\/12\/83953710.webp\" width=\"686\" height=\"721\" title=\"TILBAKE: I 1984 lovet Ghita evig troskap til pianist Svenn Skipper. Men etter 27 \u00e5r gikk de fra hverandre. To \u00e5r senere fant de lykken igjen \u2013 og n\u00e5 varte det helt til i 2021, da d\u00f8den skilte dem ad. Foto: NTB\" alt=\"\" class=\"\" style=\"--aspect-ratio-image: 0.95; \"\/><\/p>\n<p>\n        TILBAKE: I 1984 lovet Ghita evig troskap til pianist Svenn Skipper. Men etter 27 \u00e5r gikk de fra hverandre. To \u00e5r senere fant de lykken igjen \u2013 og n\u00e5 varte det helt til i 2021, da d\u00f8den skilte dem ad. Foto: NTB\n    <\/p>\n<p>Og i 1984 lovet hun evig troskap med pianisten Svenn Skipper. 27 \u00e5r senere ble de skilt \u2013 da Ghita var 76 \u00e5r gammel. Men kj\u00e6rligheten tok ikke slutt \u2013 to \u00e5r senere var de sammen igjen.<\/p>\n<p>        DUKKET OPP: Mandag kveld var kronprinsesse Mette-Marit (52) tilbake p\u00e5 jobb, og til stede hos Kulturkirken Jakob i Oslo. Her arrangerte NRK-podkasten \u00abLeseklubben\u00bb h\u00f8ytlesing av boka \u00abStargate\u00bb &#8211; en julefortelling. Reporter\/video: Brage Hegg\u00f8y<\/p>\n<p>\u2013 Vi ble ikke skilt fordi vi var forelsket i andre. Noe mellom oss m\u00e5tte f\u00e5 en knekk for \u00e5 kunne gjenoppst\u00e5, sa Ghita til KK for en tid tilbake.<\/p>\n<p>Svenn d\u00f8de i 2021, og siden da har Ghita v\u00e6rt alene.<\/p>\n","protected":false},"excerpt":{"rendered":"Matador-stjernen har planlagt sin egen begravelse &#8211; Jeg har opplevd s\u00e5 mye og har sett alt som er&hellip;\n","protected":false},"author":2,"featured_media":112631,"comment_status":"","ping_status":"","sticky":false,"template":"","format":"standard","meta":{"footnotes":""},"categories":[58],"tags":[4104,71,13745,10169,479,30,28,29,72],"class_list":{"0":"post-112630","1":"post","2":"type-post","3":"status-publish","4":"format-standard","5":"has-post-thumbnail","7":"category-underholdning","8":"tag-eksklusivt","9":"tag-entertainment","10":"tag-ghita-norby","11":"tag-hjem-til-jul","12":"tag-kjendis","13":"tag-no","14":"tag-norge","15":"tag-norway","16":"tag-underholdning"},"share_on_mastodon":{"url":"https:\/\/pubeurope.com\/@no\/115714739639223742","error":""},"_links":{"self":[{"href":"https:\/\/www.europesays.com\/no\/wp-json\/wp\/v2\/posts\/112630","targetHints":{"allow":["GET"]}}],"collection":[{"href":"https:\/\/www.europesays.com\/no\/wp-json\/wp\/v2\/posts"}],"about":[{"href":"https:\/\/www.europesays.com\/no\/wp-json\/wp\/v2\/types\/post"}],"author":[{"embeddable":true,"href":"https:\/\/www.europesays.com\/no\/wp-json\/wp\/v2\/users\/2"}],"replies":[{"embeddable":true,"href":"https:\/\/www.europesays.com\/no\/wp-json\/wp\/v2\/comments?post=112630"}],"version-history":[{"count":0,"href":"https:\/\/www.europesays.com\/no\/wp-json\/wp\/v2\/posts\/112630\/revisions"}],"wp:featuredmedia":[{"embeddable":true,"href":"https:\/\/www.europesays.com\/no\/wp-json\/wp\/v2\/media\/112631"}],"wp:attachment":[{"href":"https:\/\/www.europesays.com\/no\/wp-json\/wp\/v2\/media?parent=112630"}],"wp:term":[{"taxonomy":"category","embeddable":true,"href":"https:\/\/www.europesays.com\/no\/wp-json\/wp\/v2\/categories?post=112630"},{"taxonomy":"post_tag","embeddable":true,"href":"https:\/\/www.europesays.com\/no\/wp-json\/wp\/v2\/tags?post=112630"}],"curies":[{"name":"wp","href":"https:\/\/api.w.org\/{rel}","templated":true}]}}