{"id":112632,"date":"2025-12-13T23:01:08","date_gmt":"2025-12-13T23:01:08","guid":{"rendered":"https:\/\/www.europesays.com\/no\/112632\/"},"modified":"2025-12-13T23:01:08","modified_gmt":"2025-12-13T23:01:08","slug":"de-som-sier-det-var-bedre-for-har-ikke-mott-dagens-norske-soldater-nrk-troms-og-finnmark","status":"publish","type":"post","link":"https:\/\/www.europesays.com\/no\/112632\/","title":{"rendered":"\u2013 De som sier det var bedre f\u00f8r, har ikke m\u00f8tt dagens norske soldater \u2013 NRK Troms og Finnmark"},"content":{"rendered":"<p>\u2013 Jeg i likhet med mange ungdom blir redd n\u00e5r jeg h\u00f8rer slike utsagt, sier Christoffer Molaug Winkler.<\/p>\n<p>Han er 17 \u00e5r og fylkesleder i Elevorganisasjonen i Troms. han er redd for at han selv en dag m\u00e5 ut i krigen.<\/p>\n<p><img decoding=\"async\"   src=\"data:image\/gif;base64,R0lGODlhAQABAIAAAAAAAP\/\/\/yH5BAEAAAAALAAAAAABAAEAAAIBRAA7\" loading=\"eager\" alt=\"To gutter i hver sin stol holder en samtale. \" title=\"Foto: Eirik Hind Sveen \/ NRK\"\/><\/p>\n<p class=\"\">Christoffer Molaug Winkler er fylkesleder i Elevorganisasjonen i Troms.<\/p>\n<p>Foto: Eirik Hind Sveen \/ NRK<\/p>\n<p>En storkrig p\u00e5 niv\u00e5 med det besteforeldrene v\u00e5re opplevde, kan v\u00e6re rett rundt hj\u00f8rnet, sier Nato-sjefen. F\u00f8r helgen leverte Mark Rutte en tydelig advarsel om den sikkerhetspolitiske situasjonen i Europa.<\/p>\n<p>\u2013 Vi er Russlands neste m\u00e5l, sa han.<\/p>\n<p>Desinformasjon<\/p>\n<p><a href=\"https:\/\/www.nrk.no\/norge\/halvparten-av-dagens-unge-er-bekymret-for-krig-i-verden-1.17120774\" ec-id=\"pp:article:1.17120774\" ec-name=\"F\u00f8r jul i fjor viste en unders\u00f8kelse at halvparten av unge er bekymret for krig.\" rel=\"nofollow noopener\" target=\"_blank\">F\u00f8r jul i fjor viste en unders\u00f8kelse at halvparten av unge er bekymret for krig. <\/a>Winkler, som l\u00f8rdag var gjest i programmet Helgemorgen, viser til at ungdom f\u00e5r mye informasjon fra sosiale medier.<\/p>\n<p>\u2013 Vi f\u00e5r h\u00f8re s\u00e5 mange ulike vinklinger p\u00e5 det som skjer. Vi vet liksom ikke helt hva som foreg\u00e5r.<\/p>\n<p>Han viser til at der er mye desinformasjon p\u00e5 internett.<\/p>\n<p>\u2013 Det f\u00f8les litt som da man var liten og foreldrene snakket engelsk for at man ikke skal forst\u00e5. Man vet ikke hva som foreg\u00e5r, og hvilket narrativ som er sant, sier han.<\/p>\n<p>H\u00e6rsjefen beroliget<\/p>\n<p>\u2013 N\u00e5r de som vet best sier at det skal bli krig snart, s\u00e5 er det noe \u00e5 bekymre seg for, sier Henrik Fernandes Andersen, 15 \u00e5r og med i Ungdomsr\u00e5det i Troms\u00f8.<\/p>\n<p>Innen fem \u00e5r kan Russland v\u00e6re i stand til \u00e5 bruke milit\u00e6r makt mot Nato, mener Natos generalsekret\u00e6r.<\/p>\n<p>\u2013 Det er b\u00e5de lov og god grunn til \u00e5 v\u00e6re urolig, sier h\u00e6rsjef Lars Lervik.<\/p>\n<p><img decoding=\"async\"   src=\"data:image\/gif;base64,R0lGODlhAQABAIAAAAAAAP\/\/\/yH5BAEAAAAALAAAAAABAAEAAAIBRAA7\" loading=\"eager\" alt=\"En gruppe mennesker i milit\u00e6re uniformer\" title=\"Foto: Andre Bendixen \/ NRK\"\/><\/p>\n<p class=\"\">Det er b\u00e5de lov og god grunn til \u00e5 v\u00e6re urolig, sier h\u00e6rsjef Lars Lervik.<\/p>\n<p>Foto: Andre Bendixen \/ NRK<\/p>\n<p>Han mener det ogs\u00e5 er grunner til at vi ikke skal bekymre oss.<\/p>\n<p>\u2013 Det er en tid n\u00e5 der vi alle forbereder oss p\u00e5 en mer usikker fremtid. S\u00e5 tenker jeg at gjennom \u00e5 gj\u00f8re d\u00e9t, s\u00e5 reduserer vi ogs\u00e5 risikoen for at vi blir st\u00e5ende i en krig.<\/p>\n<p>Ikke minst er vi da bedre forberedt p\u00e5 det som m\u00e5tte komme i fremtida.<\/p>\n<p>Samtidig erkjenner han at vi ikke har god tid til \u00e5 ruste opp det norske forsvaret. Men Lervik sier han er sammen med unge folk i forsvaret hver eneste dag.<\/p>\n<p>Det er hovedgrunnen til at han selv ikke er bekymret.<\/p>\n<p>\u2013 Den viljen de viser, den forst\u00e5elsen de visert for situasjonen og det ansvaret v\u00e5re unge tar p\u00e5 v\u00e5re vegner, er virkelig imponerende, sier han.<\/p>\n<p>\u2013 De som sier det var bedre f\u00f8r, har ikke m\u00f8tt dagens norske soldater.<\/p>\n<p>\u2013 Beskjed til MAGA<\/p>\n<p>Sj\u00f8mannsprest i Kyiv Leif Magne Helgesen beskriver et samfunn der folk fors\u00f8ker \u00e5 leve s\u00e5 normalt som mulig, samtidig som de har fokus p\u00e5 \u00e5 overleve etter snart fire vanskelige \u00e5r med krig.<\/p>\n<p>Han mener situasjonen er mer alvorlig enn vi klarer \u00e5 ta inn over oss her hjemme.<\/p>\n<p>\u2013 I en hverdag i Norge er det som skjer andre steder lett \u00e5 holde p\u00e5 avstand. N\u00e5r man kommer man et alvor blant folk. Mange er slitne.<\/p>\n<p>Iver B. Neumann, direkt\u00f8r, Fridtjof Nansens Institutt, mener det ligger et alvor i det Natos generalsekret\u00e6r sier.<\/p>\n<p><img decoding=\"async\"   src=\"data:image\/gif;base64,R0lGODlhAQABAIAAAAAAAP\/\/\/yH5BAEAAAAALAAAAAABAAEAAAIBRAA7\" loading=\"eager\" alt=\"Iver B. Neumann i Nyhetsmorgen 17. februar 2024\" title=\"Foto: Lars Os \/ NRK\"\/><\/p>\n<p class=\"\">Iver B. Neumann, direkt\u00f8r, Fridtjof Nansens Institutt.<\/p>\n<p>Foto: Lars Os \/ NRK<\/p>\n<p>\u2013 Jeg tror den fremste adressaten for det Rutte sier, er MAGA-bevegelsen i USA, der Det republikanske parti ser p\u00e5 Ukraina som et forretningssp\u00f8rsm\u00e5l i stedet for \u00e5 tenke p\u00e5 det som et sikkerhetspolitisk sp\u00f8rsm\u00e5l.<\/p>\n<p>Han viser til at Ruttes jobb er \u00e5 holde Nato sammen, og at det generalsekret\u00e6ren sier m\u00e5 leses som et fors\u00f8k p\u00e5 \u00e5 holde amerikanere og europeere samlet.<\/p>\n<p><img decoding=\"async\"   src=\"data:image\/gif;base64,R0lGODlhAQABAIAAAAAAAP\/\/\/yH5BAEAAAAALAAAAAABAAEAAAIBRAA7\" loading=\"eager\" alt=\"En mann i dress st\u00e5r ved et NATO-podium foran en bl\u00e5 bakgrunn. Han gestikulerer med h\u00e5nden mens han holder en tale. Flere NATO-logoer er synlige p\u00e5 bakgrunnen. (Bildebeskrivelsen er laget av en KI-tjeneste)\" title=\"Foto: Virginia Mayo \/ AP \/ NTB\"\/><\/p>\n<p class=\"\">Nato-sjefen Mark Rutte.<\/p>\n<p>Foto: Virginia Mayo \/ AP \/ NTB<\/p>\n<p>\u2013 Og s\u00e5 er det nok for \u00e5 minne oss p\u00e5 at det er en grunn for at Russland har militarisert samfunnet sitt fra topp til t\u00e5. Russland mener alvor, sier Neumann.<\/p>\n<p>Publisert<\/p>\n<p>13.12.2025, kl. 19.06<\/p>\n<p>Oppdatert<\/p>\n<p>13.12.2025, kl. 21.06<\/p>\n","protected":false},"excerpt":{"rendered":"\u2013 Jeg i likhet med mange ungdom blir redd n\u00e5r jeg h\u00f8rer slike utsagt, sier Christoffer Molaug Winkler.&hellip;\n","protected":false},"author":2,"featured_media":112633,"comment_status":"","ping_status":"","sticky":false,"template":"","format":"standard","meta":{"footnotes":""},"categories":[12],"tags":[20,21,24,25,15,22,23,13,30,28,29,14,16,26,27,42,43,44,45],"class_list":{"0":"post-112632","1":"post","2":"type-post","3":"status-publish","4":"format-standard","5":"has-post-thumbnail","7":"category-verden","8":"tag-breaking-news","9":"tag-breakingnews","10":"tag-featured-news","11":"tag-featurednews","12":"tag-headlines","13":"tag-latest-news","14":"tag-latestnews","15":"tag-news","16":"tag-no","17":"tag-norge","18":"tag-norway","19":"tag-nyheter","20":"tag-overskrifter","21":"tag-top-stories","22":"tag-topstories","23":"tag-verden","24":"tag-world","25":"tag-world-news","26":"tag-worldnews"},"share_on_mastodon":{"url":"https:\/\/pubeurope.com\/@no\/115714751547031302","error":""},"_links":{"self":[{"href":"https:\/\/www.europesays.com\/no\/wp-json\/wp\/v2\/posts\/112632","targetHints":{"allow":["GET"]}}],"collection":[{"href":"https:\/\/www.europesays.com\/no\/wp-json\/wp\/v2\/posts"}],"about":[{"href":"https:\/\/www.europesays.com\/no\/wp-json\/wp\/v2\/types\/post"}],"author":[{"embeddable":true,"href":"https:\/\/www.europesays.com\/no\/wp-json\/wp\/v2\/users\/2"}],"replies":[{"embeddable":true,"href":"https:\/\/www.europesays.com\/no\/wp-json\/wp\/v2\/comments?post=112632"}],"version-history":[{"count":0,"href":"https:\/\/www.europesays.com\/no\/wp-json\/wp\/v2\/posts\/112632\/revisions"}],"wp:featuredmedia":[{"embeddable":true,"href":"https:\/\/www.europesays.com\/no\/wp-json\/wp\/v2\/media\/112633"}],"wp:attachment":[{"href":"https:\/\/www.europesays.com\/no\/wp-json\/wp\/v2\/media?parent=112632"}],"wp:term":[{"taxonomy":"category","embeddable":true,"href":"https:\/\/www.europesays.com\/no\/wp-json\/wp\/v2\/categories?post=112632"},{"taxonomy":"post_tag","embeddable":true,"href":"https:\/\/www.europesays.com\/no\/wp-json\/wp\/v2\/tags?post=112632"}],"curies":[{"name":"wp","href":"https:\/\/api.w.org\/{rel}","templated":true}]}}