{"id":112661,"date":"2025-12-14T00:02:13","date_gmt":"2025-12-14T00:02:13","guid":{"rendered":"https:\/\/www.europesays.com\/no\/112661\/"},"modified":"2025-12-14T00:02:13","modified_gmt":"2025-12-14T00:02:13","slug":"vaer-snoskredfare-meteorolog-med-flere-advarsler-kan-komme-overraskende","status":"publish","type":"post","link":"https:\/\/www.europesays.com\/no\/112661\/","title":{"rendered":"V\u00e6r, Sn\u00f8skredfare | Meteorolog med flere advarsler: \u2013 Kan komme overraskende"},"content":{"rendered":"\n<p>Farevarselet for vindkast i Troms og Finnmark er oppdatert l\u00f8rdag kveld og det er flere farevarsler som gjelder for Troms de kommende d\u00f8gnet:<\/p>\n<p>\u2013 Fra s\u00f8ndag morgen til mandag morgen ventes s\u00f8raustlig storm og lokalt kraftige vindkast opptil 37 m\/s p\u00e5 utsatte steder, opplyser meteorologisk institutt.<\/p>\n<p>   <img decoding=\"async\" width=\"1200\" height=\"675\" fetchpriority=\"low\"  loading=\"lazy\"  src=\"https:\/\/www.europesays.com\/no\/wp-content\/uploads\/2025\/12\/cb188ad5-e2e6-48b6-99bf-95d1828ca180+%281%29.png\" alt=\"\" class=\"brick-c-cFOWSL\" style=\"--brick-image-ratio: 1200 \/ 675;\"\/><\/p>\n<p>      SN\u00d8FOKK: Det ventes lokal sn\u00f8fokk i p\u00e5 grunn av kraftig vind. Vinden \u00f8ker f\u00f8rst i vest og beveger seg \u00f8stover.<\/p>\n<p>De tipser om \u00e5 sikre l\u00f8se gjenstander, men forteller ogs\u00e5 at det vinden vil treffe sv\u00e6rt ulikt fra plass til plass:<\/p>\n<p>\u2013 Mange steder f\u00e5r lite vind, s\u00e5 den sterke vinden kan komme overraskende, s\u00e6rlig langs veiene, melder de.<\/p>\n<p>  <a data-static=\"\" href=\"#skip-\" class=\"brick-c-fgNmNC\">Hopp over karusellen.<\/a><\/p>\n<p data-static=\"\" class=\"brick-c-fgNmNC\" id=\"carousel-title-\">Innholdskarusell med 5 artikler.<\/p>\n<p>Kansellerer ferge<\/p>\n<p>Toghatten, som blant annet drifter fergesambandet mellom Brensholmen p\u00e5 Kval\u00f8ya og Bottenhamn p\u00e5 Senja har allerede tatt sine forholdsregler. Allerede l\u00f8rdag kveld melder de at samtlige fergeavganger innstilles s\u00f8ndag:<\/p>\n<p>   <img decoding=\"async\" width=\"1060\" height=\"580\" fetchpriority=\"low\"  loading=\"lazy\"  src=\"https:\/\/www.europesays.com\/no\/wp-content\/uploads\/2025\/12\/Skjermbilde+2025-12-13+222700.png\" alt=\"\" class=\"brick-c-cFOWSL\" style=\"--brick-image-ratio: 1060 \/ 580;\"\/><\/p>\n<p>      KANSELLERT: Disse fergeavgangene er kansellert for s\u00f8ndag. <\/p>\n<p>Det ventes ogs\u00e5 lokal sn\u00f8fokk i p\u00e5 grunn av den kraftige vind. Vinden \u00f8ker f\u00f8rst i vest og beveger seg \u00f8stover.<\/p>\n<p>\u2013 Sn\u00f8fokk gir stedvis redusert sikt og sn\u00f8 som pakker seg i veibanen. Veier kan bli stengt og kolonnekj\u00f8ring kan bli innf\u00f8rt p\u00e5 kort varsel. Bruk riktige dekk og kj\u00f8r etter forholdene. Beregn ekstra tid til transport og kj\u00f8ring. F\u00f8lg r\u00e5d og sjekk status fra transportakt\u00f8rer, melder meteorologene.<\/p>\n<p>\u00d8kt skredfare<\/p>\n<p>I bakkant av den kraftige vinden melder ogs\u00e5 varsom.no at sn\u00e6skredfaren \u00f8ker &#8211; og spesielt i Lyngen-omr\u00e5det. Der oppgraderes det til betydelig sn\u00f8skredfare (faregrad tre) fra natt til mandag.<\/p>\n<ul>\n<li>Ferdsel i skredterreng krever solid kunnskap, erfaring i rutevalg og evne til \u00e5 identifisere skredproblem<\/li>\n<li>Generelt anbefales det \u00e5 unng\u00e5 skredterreng<\/li>\n<li>Skred kan treffe enkelte skredutsatte veier og en sjelden gang bebyggelse<\/li>\n<\/ul>\n<p>Og som om det ikke var nok med vind, sn\u00f8fokk og \u00f8ke skredfare, s\u00e5 kommer meteorologene med enda et varevarsel, som er gjeldende fra s\u00f8ndag formiddag: Det er lokalt fare for is p\u00e5 grunn av lokalt underkj\u00f8lt regn og generell overgang til mildv\u00e6r og regn p\u00e5 sn\u00f8dekt vegbane, etter hvert ogs\u00e5 i indre og h\u00f8yere str\u00f8k.<\/p>\n<p>Mildv\u00e6rs-tr\u00f8bbel<\/p>\n<p>For n\u00e5 g\u00e5r vi over til mildv\u00e6r, og dette byr p\u00e5 problemer:<\/p>\n<p>Det kan v\u00e6re lokalt vanskelige kj\u00f8reforhold. Transporttjenester kan ogs\u00e5 bli p\u00e5virket. Beregn ekstra tid til transport og kj\u00f8ring. Bruk riktige dekk og kj\u00f8r etter forholdene, r\u00e5de meteorologene om.<\/p>\n<p>I tillegg mener de det er fare for at veibanen enkelte steder kan dekkes av v\u00e5t is og at farten derfor m\u00e5 tilpasses. For dem som ferdes til fots anbefales bruk av piggsko eller brodder.<\/p>\n<p>Det er fare for h\u00e5lkef\u00f8re. V\u00e6r oppmerksom p\u00e5 at isen kan v\u00e6re vanskelig \u00e5 se.<\/p>\n","protected":false},"excerpt":{"rendered":"Farevarselet for vindkast i Troms og Finnmark er oppdatert l\u00f8rdag kveld og det er flere farevarsler som gjelder&hellip;\n","protected":false},"author":2,"featured_media":2176,"comment_status":"","ping_status":"","sticky":false,"template":"","format":"standard","meta":{"footnotes":""},"categories":[10],"tags":[36,20,21,24,25,1814,15,22,23,13,30,28,29,14,16,6527,12080,1510,26,27,224,553],"class_list":{"0":"post-112661","1":"post","2":"type-post","3":"status-publish","4":"format-standard","5":"has-post-thumbnail","7":"category-norge","8":"tag-art","9":"tag-breaking-news","10":"tag-breakingnews","11":"tag-featured-news","12":"tag-featurednews","13":"tag-ferge","14":"tag-headlines","15":"tag-latest-news","16":"tag-latestnews","17":"tag-news","18":"tag-no","19":"tag-norge","20":"tag-norway","21":"tag-nyheter","22":"tag-overskrifter","23":"tag-sno","24":"tag-snoskredfare","25":"tag-story","26":"tag-top-stories","27":"tag-topstories","28":"tag-trafikk","29":"tag-vaer"},"share_on_mastodon":{"url":"https:\/\/pubeurope.com\/@no\/115714991420680034","error":""},"_links":{"self":[{"href":"https:\/\/www.europesays.com\/no\/wp-json\/wp\/v2\/posts\/112661","targetHints":{"allow":["GET"]}}],"collection":[{"href":"https:\/\/www.europesays.com\/no\/wp-json\/wp\/v2\/posts"}],"about":[{"href":"https:\/\/www.europesays.com\/no\/wp-json\/wp\/v2\/types\/post"}],"author":[{"embeddable":true,"href":"https:\/\/www.europesays.com\/no\/wp-json\/wp\/v2\/users\/2"}],"replies":[{"embeddable":true,"href":"https:\/\/www.europesays.com\/no\/wp-json\/wp\/v2\/comments?post=112661"}],"version-history":[{"count":0,"href":"https:\/\/www.europesays.com\/no\/wp-json\/wp\/v2\/posts\/112661\/revisions"}],"wp:featuredmedia":[{"embeddable":true,"href":"https:\/\/www.europesays.com\/no\/wp-json\/wp\/v2\/media\/2176"}],"wp:attachment":[{"href":"https:\/\/www.europesays.com\/no\/wp-json\/wp\/v2\/media?parent=112661"}],"wp:term":[{"taxonomy":"category","embeddable":true,"href":"https:\/\/www.europesays.com\/no\/wp-json\/wp\/v2\/categories?post=112661"},{"taxonomy":"post_tag","embeddable":true,"href":"https:\/\/www.europesays.com\/no\/wp-json\/wp\/v2\/tags?post=112661"}],"curies":[{"name":"wp","href":"https:\/\/api.w.org\/{rel}","templated":true}]}}