{"id":112662,"date":"2025-12-14T00:09:14","date_gmt":"2025-12-14T00:09:14","guid":{"rendered":"https:\/\/www.europesays.com\/no\/112662\/"},"modified":"2025-12-14T00:09:14","modified_gmt":"2025-12-14T00:09:14","slug":"steinkjer-trafikk-trafikkuhell-i-steinkjer-en-bil-ligger-i-grofta","status":"publish","type":"post","link":"https:\/\/www.europesays.com\/no\/112662\/","title":{"rendered":"Steinkjer, Trafikk | Trafikkuhell i Steinkjer: \u2013 En bil ligger i gr\u00f8fta"},"content":{"rendered":"\n<p>Det melder politiet like f\u00f8r klokken 18 l\u00f8rdag.<\/p>\n<p>\u2013 Det er meldt om et trafikkuhell. To personbiler er involvert i ulykken, opplyser operasjonsleder Bj\u00f8rnar Gaasvik i Tr\u00f8ndelag politidistrikt.<\/p>\n<p>Ulykken har skjedd p\u00e5 S\u00f8r-Beitstadvegen, fylkesveg 6982.<\/p>\n<p>En av bilene ligger if\u00f8lge operasjonslederen i gr\u00f8fta.<\/p>\n<p>B\u00e5de politi, brannvesen og ambulanse rykker ut til stedet.<\/p>\n<p>\u2013 Personer p\u00e5 stedet sier det ikke er snakk om en kollisjon, men en utforkj\u00f8ring av den ene bilen, forteller Gaasvik.<\/p>\n<p>Bilberger kom til ulykkesstedet ved 18.15-tiden, opplyser Tr\u00f8nder-Avisas reporter p\u00e5 stedet.<\/p>\n<p>   <img decoding=\"async\" width=\"4032\" height=\"3024\" fetchpriority=\"low\"  loading=\"lazy\"  src=\"https:\/\/www.europesays.com\/no\/wp-content\/uploads\/2025\/12\/1765670954_952_photo+%2816%29.jpg\" alt=\"\" class=\"brick-c-cFOWSL\" style=\"--brick-image-ratio: 4032 \/ 3024;\"\/><\/p>\n<p>      UTFORKJ\u00d8RING: If\u00f8lge politiet har den ene bilen kj\u00f8rt av vegen.<br \/>\n      Foto: Anders Nordmeland\n    <\/p>\n<p>Operasjonsleder Gaasvik forteller at ambulansearbeidere p\u00e5 stedet melder at det ikke er snakk om personskader.<\/p>\n<p>\u2013 Bilen er ikke til hinder for trafikken siden den er av veibanen. Politiet unders\u00f8ker omstendighetene, sier Gaasvik.<\/p>\n<p>Til Tr\u00f8nder-Avisas reporter p\u00e5 stedet sier politiets innsatsleder Ole Tuset at det er to kj\u00f8ret\u00f8y som har m\u00f8tt hverandre.<\/p>\n<p>\u2013 Det ene kj\u00f8ret\u00f8yet har hatt en skrens, og det andre kj\u00f8ret\u00f8yet har havnet i gr\u00f8fta for \u00e5 unng\u00e5 det skrensende kj\u00f8ret\u00f8yet, sier han.<\/p>\n<p>Han beskriver at det er vanskelige f\u00f8reforhold p\u00e5 stedet.<\/p>\n<p>\u2013 Det er ingen unnskyldning, det har g\u00e5tt for fort n\u00e5r du f\u00e5r en skrens, sier Tuset.<\/p>\n<p>Han legger til at det heldigvis ikke har resultert i personskader.<\/p>\n<p>\u2013 Her har man hatt hodet litt kaldt undervegs i det som har skjedd, det er veldig bra.<\/p>\n<p><b>\u2013 Det er ikke mistanke om andre omstendigheter?<\/b><\/p>\n<p>\u2013 Nei, her har det v\u00e6rt lovlig kj\u00f8ring p\u00e5 alle vis fram til skrensen oppsto og noen m\u00e5tte unng\u00e5 den skrensen. Det blir nok et lite forsikringsoppgj\u00f8r i etterkant, sier innsatslederen.<\/p>\n<p>Operasjonsleder Gaasvik bekrefter at politiet ikke oppretter straffesak p\u00e5 forholdet.<\/p>\n<p>\u2013 Saken avgj\u00f8res av forsikringsselskapene til de involverte parter, sier Gaasvik.<\/p>\n","protected":false},"excerpt":{"rendered":"Det melder politiet like f\u00f8r klokken 18 l\u00f8rdag. \u2013 Det er meldt om et trafikkuhell. To personbiler er&hellip;\n","protected":false},"author":2,"featured_media":112663,"comment_status":"","ping_status":"","sticky":false,"template":"","format":"standard","meta":{"footnotes":""},"categories":[10],"tags":[1021,36,20,21,24,25,15,22,23,13,30,28,29,14,16,984,1510,26,27,224,941],"class_list":{"0":"post-112662","1":"post","2":"type-post","3":"status-publish","4":"format-standard","5":"has-post-thumbnail","7":"category-norge","8":"tag-ta-sa","9":"tag-art","10":"tag-breaking-news","11":"tag-breakingnews","12":"tag-featured-news","13":"tag-featurednews","14":"tag-headlines","15":"tag-latest-news","16":"tag-latestnews","17":"tag-news","18":"tag-no","19":"tag-norge","20":"tag-norway","21":"tag-nyheter","22":"tag-overskrifter","23":"tag-steinkjer","24":"tag-story","25":"tag-top-stories","26":"tag-topstories","27":"tag-trafikk","28":"tag-ulykker-og-hendelser"},"share_on_mastodon":{"url":"https:\/\/pubeurope.com\/@no\/115715019005916853","error":""},"_links":{"self":[{"href":"https:\/\/www.europesays.com\/no\/wp-json\/wp\/v2\/posts\/112662","targetHints":{"allow":["GET"]}}],"collection":[{"href":"https:\/\/www.europesays.com\/no\/wp-json\/wp\/v2\/posts"}],"about":[{"href":"https:\/\/www.europesays.com\/no\/wp-json\/wp\/v2\/types\/post"}],"author":[{"embeddable":true,"href":"https:\/\/www.europesays.com\/no\/wp-json\/wp\/v2\/users\/2"}],"replies":[{"embeddable":true,"href":"https:\/\/www.europesays.com\/no\/wp-json\/wp\/v2\/comments?post=112662"}],"version-history":[{"count":0,"href":"https:\/\/www.europesays.com\/no\/wp-json\/wp\/v2\/posts\/112662\/revisions"}],"wp:featuredmedia":[{"embeddable":true,"href":"https:\/\/www.europesays.com\/no\/wp-json\/wp\/v2\/media\/112663"}],"wp:attachment":[{"href":"https:\/\/www.europesays.com\/no\/wp-json\/wp\/v2\/media?parent=112662"}],"wp:term":[{"taxonomy":"category","embeddable":true,"href":"https:\/\/www.europesays.com\/no\/wp-json\/wp\/v2\/categories?post=112662"},{"taxonomy":"post_tag","embeddable":true,"href":"https:\/\/www.europesays.com\/no\/wp-json\/wp\/v2\/tags?post=112662"}],"curies":[{"name":"wp","href":"https:\/\/api.w.org\/{rel}","templated":true}]}}