{"id":112694,"date":"2025-12-14T01:43:09","date_gmt":"2025-12-14T01:43:09","guid":{"rendered":"https:\/\/www.europesays.com\/no\/112694\/"},"modified":"2025-12-14T01:43:09","modified_gmt":"2025-12-14T01:43:09","slug":"sykehusansatt-skal-ha-forgiftet-kollegers-energidrikk","status":"publish","type":"post","link":"https:\/\/www.europesays.com\/no\/112694\/","title":{"rendered":"Sykehusansatt skal ha forgiftet kollegers energidrikk"},"content":{"rendered":"\n<p class=\"_lead_o9xde_2 _lead_xtcu6_50 layout-component text-serif-m layout-normal text-serif-l layout-component layout-wide layout-padded _wide_17hqh_1 layout-padded\">En svensk kvinne i 60-\u00e5rene er siktet for \u00e5 ha forgiftet flere sykehusansatte ved en barneavdeling i Uppsala.<\/p>\n<p><img alt=\" Foto: Christine Olsson \/ TT Nyhetsbyr\u00e5n \/ NTB\" class=\"_image_qp4xg_65 layout-component layout-wide\" data-fullscreen- data-track-element-type=\"Article image fullscreen\" data-track-name=\"ImageFullscreen\" fetchpriority=\"high\" decoding=\"sync\" loading=\"eager\" height=\"3468\" itemprop=\"image\"  src=\"https:\/\/www.europesays.com\/no\/wp-content\/uploads\/2025\/12\/b4bda9bf-d130-498b-bcf8-d0e88df941f0\"  style=\"object-position:0% 0%\" width=\"5208\"\/> Foto: Christine Olsson \/ TT Nyhetsbyr\u00e5n \/ NTB<\/p>\n<ul aria-hidden=\"true\" class=\"_images_ntbth_112\">\n<li><a class=\"_link_ntbth_117\" href=\"https:\/\/www.vg.no\/forfatter\/mona-grivi-norman\" style=\"z-index:1\" title=\"Mona Grivi Norman\" rel=\"nofollow noopener\" target=\"_blank\"><img alt=\"Bilde av Mona Grivi Norman\" class=\"_image_ntbth_93\" fetchpriority=\"low\" loading=\"lazy\" decoding=\"async\" itemprop=\"image\"  src=\"https:\/\/www.europesays.com\/no\/wp-content\/uploads\/2025\/12\/1765676589_805_988392d7-cfdc-4af7-9140-efc0cd7f8aef\"  width=\"480\"\/><\/a><\/li>\n<\/ul>\n<p> Oppdatert s\u00f8ndag 14. desember kl. 02:07    <\/p>\n<ul class=\"_list_o9xde_3 _list_64s2r_85 _unordered_o9xde_106 text-sans-m\">\n<li class=\"_item_o9xde_30\">En svensk kvinne i 60-\u00e5rene er siktet for \u00e5 ha forgiftet flere kolleger ved en barneavdeling p\u00e5 sykehuset i Uppsala.<\/li>\n<li class=\"_item_o9xde_30\">Flere ansatte m\u00e5tte behandles p\u00e5 intensivavdeling.<\/li>\n<li class=\"_item_o9xde_30\">Kvinnen nekter skyld og har anket varetektsfengslingen.<\/li>\n<\/ul>\n<p>Vis mer <\/p>\n<p class=\"_paragraph_o9xde_4 _paragraph_xtcu6_10 layout-component text-serif-m layout-normal text-serif-m layout-padded\">\u2013 Kvinnen jobbet ved samme avdeling som de forn\u00e6rmede, sier p\u00e5taleansvarlig Emma H\u00e4ggstr\u00f6m til <a href=\"https:\/\/www.aftonbladet.se\/nyheter\/a\/7plMOv\/misstankta-giftkvinnans-ord-i-ansokan-till-akademiska-sjukhuset\" class=\"_link_o9xde_39\" rel=\"nofollow noopener\" target=\"_blank\">Aftonbladet<\/a>.<\/p>\n<p class=\"_paragraph_o9xde_4 _paragraph_xtcu6_10 layout-component text-serif-m layout-normal text-serif-m layout-padded\">Kvinnen i 60-\u00e5rene nekter straffskyld. Men politiet mener den forel\u00f8pige etterforskningen har styrket mistanken om at forgiftningene er en bevisst handling.<\/p>\n<p class=\"_paragraph_o9xde_4 _paragraph_xtcu6_10 layout-component text-serif-m layout-normal text-serif-m layout-padded\"><strong class=\"_strong_o9xde_25\">Hva som skal v\u00e6re motivet for \u00e5 forgifte sine egne kolleger, er fortsatt ukjent.<\/strong><\/p>\n<p>Raskt veldig d\u00e5rlig<\/p>\n<p class=\"_paragraph_o9xde_4 _paragraph_xtcu6_10 layout-component text-serif-m layout-normal text-serif-m layout-padded\">I oktober og november ble fire ansatte ved barneavdelingen p\u00e5 Akademiska sykehuset i Uppsala alvorlig syke. <a href=\"https:\/\/www.vg.no\/nyheter\/i\/6qnoxe\/kvinne-mistenkt-for-drapsforsoek-paa-sykehus-i-uppsala\" data-track-element-type=\"Link\" data-track-id=\"link:6qnoxe\" class=\"_link_o9xde_39\" rel=\"nofollow noopener\" target=\"_blank\">Flere m\u00e5tte f\u00e5 intensivbehandling<\/a>. <\/p>\n<p class=\"_paragraph_o9xde_4 _paragraph_xtcu6_10 layout-component text-serif-m layout-normal text-serif-m layout-padded\">BistandsadvokatBistandsadvokatAdvokat som representerer ofre i straffesaker. Angelica Dipeders sier at det bare var flaks at hennes klient befant seg p\u00e5 et sykehus da hun raskt ble veldig d\u00e5rlig.<\/p>\n<p class=\"_paragraph_o9xde_4 _paragraph_xtcu6_10 layout-component text-serif-m layout-normal text-serif-m layout-padded\">Alt tydet p\u00e5 at de fire ansatte hadde f\u00e5tt i seg samme middel. Men de visste ikke hva de hadde f\u00e5tt i seg eller hvem som sto bak.<\/p>\n<p class=\"_paragraph_o9xde_4 _paragraph_xtcu6_10 layout-component text-serif-m layout-normal text-serif-m layout-padded\"><strong class=\"_strong_o9xde_25\">Det ble satt i gang en intensiv jakt etter den skyldige. <\/strong><\/p>\n<p>Hva slags forgiftning?<\/p>\n<p class=\"_paragraph_o9xde_4 _paragraph_xtcu6_10 _paragraph_16v91_10 layout-component text-serif-m layout-normal text-sans-m layout-padded\">Minst tre av de forgiftede skal ha blitt innlagt med lave kaliumverdier, if\u00f8lge Uppsala Nya Tidning.<\/p>\n<p class=\"_paragraph_o9xde_4 _paragraph_xtcu6_10 _paragraph_16v91_10 layout-component text-serif-m layout-normal text-sans-m layout-padded\">Alvorlig hypokalemi kan f\u00f8re til lammelser og livstruende hjerterytmeforstyrrelser, skriver <a href=\"https:\/\/sml.snl.no\/hypokalemi\" class=\"_link_o9xde_39\" rel=\"nofollow noopener\" target=\"_blank\">Store medisinske leksikon<\/a>.<\/p>\n<p class=\"_paragraph_o9xde_4 _paragraph_xtcu6_10 _paragraph_16v91_10 layout-component text-serif-m layout-normal text-sans-m layout-padded\">En polititeori er at de skal ha f\u00e5tt i seg ekstreme verdier med koffein, skriver Aftonbladet.<\/p>\n<p>Vis merDetektivjakt p\u00e5 sykehuset<\/p>\n<p class=\"_paragraph_o9xde_4 _paragraph_xtcu6_10 layout-component text-serif-m layout-normal text-serif-m layout-padded\">Sikkerhetsavdelingen ved sykehuset skal tidlig ha sikret flasker, bokser og glass som ofrene hadde brukt og overlevert dem til politiet.<\/p>\n<p class=\"_paragraph_o9xde_4 _paragraph_xtcu6_10 layout-component text-serif-m layout-normal text-serif-m layout-padded\">Det var tidlig en mistanke om at de ansatte hadde f\u00e5tt i seg stoffet gjennom energidrikk, skriver <a href=\"https:\/\/www.expressen.se\/nyheter\/krim\/uppgifter-kvinnan-misstanks--ha-spetsat-energidrycker\/\" class=\"_link_o9xde_39\" rel=\"nofollow noopener\" target=\"_blank\">Expressen<\/a>.<\/p>\n<p class=\"_paragraph_o9xde_4 _paragraph_xtcu6_10 layout-component text-serif-m layout-normal text-serif-m layout-padded\">Deretter unders\u00f8kte sikkerhetssjefen arbeidslister og kortbruk for \u00e5 se hvem som hadde tilgang til avdelingen og energidrikken til de forgiftede personene.<\/p>\n<p class=\"_paragraph_o9xde_4 _paragraph_xtcu6_10 layout-component text-serif-m layout-normal text-serif-m layout-padded\">\u2013 Dette er ikke \u00e9n persons innsats, men et lagarbeid for hele sykehuset, sier sikkerhetssjef Viktor Ekstr\u00f6m som flere kaller en helt i historien.<\/p>\n<p><img alt=\"Et bilde av den gamle f\u00f8deklinikken ved Akademiska sykehuset i Uppsala.\" class=\"_image_qp4xg_65 layout-component layout-normal\" data-fullscreen- data-track-element-type=\"Article image fullscreen\" data-track-name=\"ImageFullscreen\" decoding=\"async\" loading=\"lazy\" height=\"1352\" itemprop=\"image\"  src=\"https:\/\/www.europesays.com\/no\/wp-content\/uploads\/2025\/12\/fd216637-d670-4446-a547-60e100fca202\"  style=\"object-position:0% 0%\" width=\"2000\"\/>Et bilde av den gamle f\u00f8deklinikken ved Akademiska sykehuset i Uppsala.<\/p>\n<p class=\"_paragraph_o9xde_4 _paragraph_xtcu6_10 layout-component text-serif-m layout-normal text-serif-m layout-padded\">Den ansatte kvinnen i 60-\u00e5rene ble tidlig blant de mistenkte.<\/p>\n<p class=\"_paragraph_o9xde_4 _paragraph_xtcu6_10 layout-component text-serif-m layout-normal text-serif-m layout-padded\"><strong class=\"_strong_o9xde_25\">Forrige fredag skal hun ha blitt p\u00e5grepet av politiet etter \u00e5 ha blitt innkalt til et m\u00f8te med sjefen sin.<\/strong><\/p>\n<p>\u00abGod til utdeling av medisiner\u00bb<\/p>\n<p class=\"_paragraph_o9xde_4 _paragraph_xtcu6_10 layout-component text-serif-m layout-normal text-serif-m layout-padded\">Svenske medier skriver at kvinnen i 60-\u00e5rene har jobbet ved sykehuset i flere \u00e5r. I sine sosiale medier skal hun ha uttrykt sterk skepsis til vaksiner og ulike legemidler, skriver <a href=\"https:\/\/www.aftonbladet.se\/nyheter\/a\/OknEq1\/kvinna-misstanks-for-forgiftningarna-pa-akademiska-sjukhuset\" class=\"_link_o9xde_39\" rel=\"nofollow noopener\" target=\"_blank\">Aftonbladet<\/a>.<\/p>\n<p class=\"_paragraph_o9xde_4 _paragraph_xtcu6_10 layout-component text-serif-m layout-normal text-serif-m layout-padded\">Da kvinnen s\u00f8kte p\u00e5 jobben ved sykehuset skal hun ha sendt med et personlig brev der hun skrev at hun hadde mange \u00e5rs erfaring med legemidler og utdeling av medisiner.<\/p>\n<p class=\"_paragraph_o9xde_4 _paragraph_xtcu6_10 layout-component text-serif-m layout-normal text-serif-m layout-padded\">I samme brev som Aftonbladet har f\u00e5tt innsyn i, skriver hun:<\/p>\n<p class=\"_paragraph_o9xde_4 _paragraph_xtcu6_10 layout-component text-serif-m layout-normal text-serif-m layout-padded\">\u00abAndre beskriver meg som glad, engasjert og kompetent og jeg er lettl\u00e6rt.\u00bb<\/p>\n<p class=\"_paragraph_o9xde_4 _paragraph_xtcu6_10 layout-component text-serif-m layout-normal text-serif-m layout-padded\">Kvinnen skal ha f\u00e5tt gode karakterer fra helseutdanningen sin, og blant annet fikk hun karakteren MVGMVGMVG st\u00e5r for Mycket V\u00e4l Godk\u00e4nd og sidestilles med den norske karakteren A som er det beste man kan f\u00e5. (som tilsvarer en A i Norge) i kurset \u00abSosial kompetanse \u2013 \u00e5 l\u00e6re og utvikle seg i arbeidsmilj\u00f8et\u00bb.<\/p>\n<p class=\"_paragraph_o9xde_4 _paragraph_xtcu6_10 layout-component text-serif-m layout-normal text-serif-m layout-padded\">Sunita Memetovic er bistandsadvokat for en av de forn\u00e6rmede som l\u00e5 p\u00e5 intensivavdelingen i flere d\u00f8gn.<\/p>\n<p class=\"_paragraph_o9xde_4 _paragraph_xtcu6_10 layout-component text-serif-m layout-normal text-serif-m layout-padded\">\u2013 Det viktigste for min klient er \u00e5 f\u00e5 svar p\u00e5 hva som har hendt og hvordan det kunne skje. <\/p>\n<p class=\"_paragraph_o9xde_4 _paragraph_xtcu6_10 layout-component text-serif-m layout-normal text-serif-m layout-padded\">Hun sier til <a href=\"https:\/\/www.aftonbladet.se\/nyheter\/a\/43dLJV\/misstankta-kvinnans-offer-pa-akademiska-i-uppsala-vill-ha-svar\" class=\"_link_o9xde_39\" rel=\"nofollow noopener\" target=\"_blank\">Aftonbladet<\/a> at hendelsen har satt dype spor:<\/p>\n<p class=\"_paragraph_o9xde_4 _paragraph_xtcu6_10 layout-component text-serif-m layout-normal text-serif-m layout-padded\">\u2013 Dette har p\u00e5virket henne b\u00e5de fysisk og psykisk. Det p\u00e5virker hennes f\u00f8lelse av trygghet. Hun vil ha svar. Hva er \u00e5rsaken til dette? Hvordan har det skjedd? Og hvorfor? sier Memetovic.<\/p>\n<p class=\"_paragraph_o9xde_4 _paragraph_xtcu6_10 layout-component text-serif-m layout-normal layout-padded\"><strong class=\"_strong_o9xde_25\">Les ogs\u00e5:<\/strong> <a href=\"https:\/\/www.vg.no\/i\/6qnoxe\" data-track-element-type=\"Link\" data-track-id=\"link:6qnoxe\" class=\"_link_o9xde_39\" rel=\"nofollow noopener\" target=\"_blank\">Mistenkt for draps\u00adfors\u00f8k etter forgiftninger p\u00e5 svensk sykehus <\/a><\/p>\n<p class=\"_paragraph_o9xde_4 _paragraph_xtcu6_10 layout-component text-serif-m layout-normal text-serif-m layout-padded\">Kvinnen ble f\u00f8rst siktet for fire drapsfors\u00f8k, men under fengslingsm\u00f8tet mandag denne uken, ble siktelsen endret til fire tilfeller av grov kroppskrenkelsegrov kroppskrenkelseEn alvorlig form for vold eller skade p\u00e5 en persons kropp..<\/p>\n<p class=\"_paragraph_o9xde_4 _paragraph_xtcu6_10 layout-component text-serif-m layout-normal text-serif-m layout-padded\">If\u00f8lge forsvareren Stefan Wallin, nekter kvinnen for \u00e5 ha forgiftet noen. Hun anket varetektsfengslingenvaretektsfengslingenN\u00e5r en person holdes i fengsel mens de venter p\u00e5 rettssak, for \u00e5 hindre at de r\u00f8mmer, \u00f8delegger bevis eller beg\u00e5r nye lovbrudd., men anken ble avvist.<\/p>\n","protected":false},"excerpt":{"rendered":"En svensk kvinne i 60-\u00e5rene er siktet for \u00e5 ha forgiftet flere sykehusansatte ved en barneavdeling i Uppsala.&hellip;\n","protected":false},"author":2,"featured_media":112695,"comment_status":"","ping_status":"","sticky":false,"template":"","format":"standard","meta":{"footnotes":""},"categories":[12],"tags":[20,21,24,25,15,148,22,23,13,30,28,29,14,16,1359,948,26,27,42,43,44,45],"class_list":{"0":"post-112694","1":"post","2":"type-post","3":"status-publish","4":"format-standard","5":"has-post-thumbnail","7":"category-verden","8":"tag-breaking-news","9":"tag-breakingnews","10":"tag-featured-news","11":"tag-featurednews","12":"tag-headlines","13":"tag-kriminalitet","14":"tag-latest-news","15":"tag-latestnews","16":"tag-news","17":"tag-no","18":"tag-norge","19":"tag-norway","20":"tag-nyheter","21":"tag-overskrifter","22":"tag-sverige","23":"tag-sykehus","24":"tag-top-stories","25":"tag-topstories","26":"tag-verden","27":"tag-world","28":"tag-world-news","29":"tag-worldnews"},"share_on_mastodon":{"url":"https:\/\/pubeurope.com\/@no\/115715388898634722","error":""},"_links":{"self":[{"href":"https:\/\/www.europesays.com\/no\/wp-json\/wp\/v2\/posts\/112694","targetHints":{"allow":["GET"]}}],"collection":[{"href":"https:\/\/www.europesays.com\/no\/wp-json\/wp\/v2\/posts"}],"about":[{"href":"https:\/\/www.europesays.com\/no\/wp-json\/wp\/v2\/types\/post"}],"author":[{"embeddable":true,"href":"https:\/\/www.europesays.com\/no\/wp-json\/wp\/v2\/users\/2"}],"replies":[{"embeddable":true,"href":"https:\/\/www.europesays.com\/no\/wp-json\/wp\/v2\/comments?post=112694"}],"version-history":[{"count":0,"href":"https:\/\/www.europesays.com\/no\/wp-json\/wp\/v2\/posts\/112694\/revisions"}],"wp:featuredmedia":[{"embeddable":true,"href":"https:\/\/www.europesays.com\/no\/wp-json\/wp\/v2\/media\/112695"}],"wp:attachment":[{"href":"https:\/\/www.europesays.com\/no\/wp-json\/wp\/v2\/media?parent=112694"}],"wp:term":[{"taxonomy":"category","embeddable":true,"href":"https:\/\/www.europesays.com\/no\/wp-json\/wp\/v2\/categories?post=112694"},{"taxonomy":"post_tag","embeddable":true,"href":"https:\/\/www.europesays.com\/no\/wp-json\/wp\/v2\/tags?post=112694"}],"curies":[{"name":"wp","href":"https:\/\/api.w.org\/{rel}","templated":true}]}}