{"id":112704,"date":"2025-12-14T02:05:42","date_gmt":"2025-12-14T02:05:42","guid":{"rendered":"https:\/\/www.europesays.com\/no\/112704\/"},"modified":"2025-12-14T02:05:42","modified_gmt":"2025-12-14T02:05:42","slug":"sport-henrik-kristoffersen-kjempeomgang-av-kristoffersen","status":"publish","type":"post","link":"https:\/\/www.europesays.com\/no\/112704\/","title":{"rendered":"Sport, Henrik Kristoffersen | Kjempeomgang av Kristoffersen"},"content":{"rendered":"\n<p>Brennsteiner kj\u00f8rte sv\u00e6rt godt og leder etter at de 15 antatt sterkeste ut\u00f8verne har kj\u00f8rt i m\u00e5l i 1. omgang. Like bak \u00f8sterrikeren ligger to nordmenn p\u00e5 resultatlisten.<\/p>\n<p>For p\u00e5 2.-plass s\u00e5 langt, bare 28 hundredeler bak, ligger Kristoffersen. Han har en knapp fordel p\u00e5 fem hundredeler ned til Haugan p\u00e5 3.-plass.<\/p>\n<p>\u2013 Det er noe av de bedre vi har sett av Henrik i denne bakken. Han er med i matchen om denne seieren, sa Viaplay-ekspert Kjetil Andr\u00e9 Aamodt etter at Kristoffersen suste inn til 2.-plass.<\/p>\n<p>B\u00e5de Kristoffersen og Haugan la seg inn foran favoritt og verdenscupleder Marco Odermatt i m\u00e5l.<\/p>\n<p>Odermatt har vunnet de fire siste storslal\u00e5mrennene i Val d&#8217;Is\u00e8re. Han ligger 46 hundredeler bak Brennsteiner etter 1. omgang.<\/p>\n<p>I sesongens tre f\u00f8rste storslal\u00e5mrenn har Norge hatt en mann p\u00e5 pallen. Atle Lie McGrath ble nummer tre i S\u00f6lden, mens Henrik Kristoffersen har en 2.-plass fra Copper Mountain og 3.-plass fra Beaver Creek sist helg.<\/p>\n<p>McGrath slet langt mer enn Kristoffersen og Haugan. 25-\u00e5ringen ligger ett sekund og 81 hundredeler bak Brennsteiner i ledelsen. Det gjorde at han l\u00e5 sist etter at 15 alpinister hadde fullf\u00f8rt 1. omgang.<\/p>\n<p>Brasils Lucas Pinheiro Braathen kj\u00f8rte solid og ligger 80 hundredeler unna ledelsen p\u00e5 8.-plass s\u00e5 langt.<\/p>\n<p>Eirik Solberg, Rasmus Bakkevig og Oscar Sandvik deltar ogs\u00e5 for Norge p\u00e5 senere startnummer.<\/p>\n<p>(\u00a9NTB)<\/p>\n<p>  <a href=\"https:\/\/www.rb.no\/5-43-2633266\" class=\"related-teaser has-image default-story-teaser article--c-eRUmMG article--c-eRUmMG-jKCPdD-design-default\" rel=\"nofollow noopener\" target=\"_blank\"><\/p>\n<p>    <img decoding=\"async\" loading=\"lazy\"  src=\"https:\/\/www.europesays.com\/no\/wp-content\/uploads\/2025\/12\/Mesfin+%284+av+11%29.jpg\" alt=\"\" class=\"brick-c-cFOWSL\" style=\"\"\/><\/p>\n<p>\n            Les ogs\u00e5<\/p>\n<p>              Sportssjefen om avskjeden: \u2013 Jeg har ikke f\u00f8lt meg presset ut\n        <\/p>\n<p>  <\/a><\/p>\n<p>  <a href=\"https:\/\/www.rb.no\/5-43-2632409\" class=\"related-teaser has-image default-story-teaser article--c-eRUmMG article--c-eRUmMG-jKCPdD-design-default\" rel=\"nofollow noopener\" target=\"_blank\"><\/p>\n<p>    <img decoding=\"async\" loading=\"lazy\"  src=\"https:\/\/www.europesays.com\/no\/wp-content\/uploads\/2025\/12\/Kommunestyrem%C3%B8te+L%C3%B8renskog--3.jpg\" alt=\"\" class=\"brick-c-cFOWSL\" style=\"\"\/><\/p>\n<p>\n            Les ogs\u00e5<\/p>\n<p>              Reddet SFO-tilbudet, men ikke \u00e5pningstidene i barnehagen: \u2013 Det er de samme folka\n        <\/p>\n<p>  <\/a><\/p>\n<p>  <a href=\"https:\/\/www.rb.no\/5-43-2634377\" class=\"related-teaser default-story-teaser article--c-eRUmMG article--c-eRUmMG-jKCPdD-design-default article--c-eRUmMG-kpKLOW-cv\" rel=\"nofollow noopener\" target=\"_blank\"><\/p>\n<p>\n            Les ogs\u00e5<\/p>\n<p>              \u2013 Skal ha sl\u00e5tt og sparket\n        <\/p>\n<p>  <\/a><\/p>\n<p>  <a href=\"https:\/\/www.rb.no\/5-43-2632093\" class=\"related-teaser has-image default-story-teaser article--c-eRUmMG article--c-eRUmMG-jKCPdD-design-default\" rel=\"nofollow noopener\" target=\"_blank\"><\/p>\n<p>    <img decoding=\"async\" loading=\"lazy\"  src=\"https:\/\/www.europesays.com\/no\/wp-content\/uploads\/2025\/12\/1765677942_133_lsk-%C3%B8degaard-2026.jpg\" alt=\"\" class=\"brick-c-cFOWSL\" style=\"\"\/><\/p>\n<p>\n            Les ogs\u00e5<\/p>\n<p>              LSK-treneren er optimist f\u00f8r 2026: \u2013 Jeg synes vi ligger ganske bra an\n        <\/p>\n<p>  <\/a><\/p>\n","protected":false},"excerpt":{"rendered":"Brennsteiner kj\u00f8rte sv\u00e6rt godt og leder etter at de 15 antatt sterkeste ut\u00f8verne har kj\u00f8rt i m\u00e5l i&hellip;\n","protected":false},"author":2,"featured_media":112705,"comment_status":"","ping_status":"","sticky":false,"template":"","format":"standard","meta":{"footnotes":""},"categories":[10],"tags":[249,36,20,21,24,25,15,9794,22,23,13,30,28,29,14,16,83,1510,26,27],"class_list":{"0":"post-112704","1":"post","2":"type-post","3":"status-publish","4":"format-standard","5":"has-post-thumbnail","7":"category-norge","8":"tag-alpint","9":"tag-art","10":"tag-breaking-news","11":"tag-breakingnews","12":"tag-featured-news","13":"tag-featurednews","14":"tag-headlines","15":"tag-henrik-kristoffersen","16":"tag-latest-news","17":"tag-latestnews","18":"tag-news","19":"tag-no","20":"tag-norge","21":"tag-norway","22":"tag-nyheter","23":"tag-overskrifter","24":"tag-sport","25":"tag-story","26":"tag-top-stories","27":"tag-topstories"},"share_on_mastodon":{"url":"https:\/\/pubeurope.com\/@no\/115715475251429512","error":""},"_links":{"self":[{"href":"https:\/\/www.europesays.com\/no\/wp-json\/wp\/v2\/posts\/112704","targetHints":{"allow":["GET"]}}],"collection":[{"href":"https:\/\/www.europesays.com\/no\/wp-json\/wp\/v2\/posts"}],"about":[{"href":"https:\/\/www.europesays.com\/no\/wp-json\/wp\/v2\/types\/post"}],"author":[{"embeddable":true,"href":"https:\/\/www.europesays.com\/no\/wp-json\/wp\/v2\/users\/2"}],"replies":[{"embeddable":true,"href":"https:\/\/www.europesays.com\/no\/wp-json\/wp\/v2\/comments?post=112704"}],"version-history":[{"count":0,"href":"https:\/\/www.europesays.com\/no\/wp-json\/wp\/v2\/posts\/112704\/revisions"}],"wp:featuredmedia":[{"embeddable":true,"href":"https:\/\/www.europesays.com\/no\/wp-json\/wp\/v2\/media\/112705"}],"wp:attachment":[{"href":"https:\/\/www.europesays.com\/no\/wp-json\/wp\/v2\/media?parent=112704"}],"wp:term":[{"taxonomy":"category","embeddable":true,"href":"https:\/\/www.europesays.com\/no\/wp-json\/wp\/v2\/categories?post=112704"},{"taxonomy":"post_tag","embeddable":true,"href":"https:\/\/www.europesays.com\/no\/wp-json\/wp\/v2\/tags?post=112704"}],"curies":[{"name":"wp","href":"https:\/\/api.w.org\/{rel}","templated":true}]}}