{"id":112745,"date":"2025-12-14T05:13:12","date_gmt":"2025-12-14T05:13:12","guid":{"rendered":"https:\/\/www.europesays.com\/no\/112745\/"},"modified":"2025-12-14T05:13:12","modified_gmt":"2025-12-14T05:13:12","slug":"lokale-nyheter-indre-ostfold-trafikkuhell-bil-havnet-pa-jorde","status":"publish","type":"post","link":"https:\/\/www.europesays.com\/no\/112745\/","title":{"rendered":"Lokale nyheter, Indre \u00d8stfold | Trafikkuhell: Bil havnet p\u00e5 jorde"},"content":{"rendered":"\n<p>L\u00f8rdag ettermiddag like f\u00f8r klokken 14 ble det meldt fra om et trafikkuhell i Hob\u00f8lveien ved Elvestad.<\/p>\n<p>Det er et enslig kj\u00f8ret\u00f8y som har kj\u00f8rt av veien, opplyser politiet.<\/p>\n<p>Det er ikke meldt om personskade, if\u00f8lge politiet, men bilen st\u00e5r trafikkfarlig til, varslet de f\u00f8rst.<\/p>\n<p>\u2013 Fremst\u00e5r udramatisk, opplyser operasjonsleder Rune Isaksen ved \u00d8st politidistrikt.<\/p>\n<p>   <img decoding=\"async\" width=\"2016\" height=\"1134\" fetchpriority=\"low\"  loading=\"lazy\"  src=\"https:\/\/www.europesays.com\/no\/wp-content\/uploads\/2025\/12\/PXL_20251213_130858220_censored.jpg\" alt=\"\" class=\"brick-c-cFOWSL\" style=\"--brick-image-ratio: 2016 \/ 1134;\"\/><\/p>\n<p>      Trafikkuhell Hob\u00f8lveien<br \/>\n      Foto: Freddie Larsen\n    <\/p>\n<p>Da politiet kom frem til stedet, viste det seg at bilen ikke sto trafikkfarlig til likevel. Den sto godt plassert p\u00e5 et jorde, utenfor veibanen. Berging er bestilt, opplyser politiet.<\/p>\n<p>\u2013 Det er ingen personskade eller mistanke om noe annet. Vi har tatt en rustest av f\u00f8reren og den har ikke gitt utslag, opplyser operasjonslederen.<\/p>\n<p>Klokka 20.40 opplyser politiet at de midlertidig har beslaglagt sj\u00e5f\u00f8rens f\u00f8rerkort.<\/p>\n<p>\u2013 Mulig rus eller helserelatert. Ikke alkoholp\u00e5virket. Har v\u00e6rt p\u00e5 legevakt og tatt blodpr\u00f8ver, melder operasjonsleder i \u00d8st politidistrikt, H\u00e5kon Nilsen.<\/p>\n<p>Politiet oppretter sak.<\/p>\n","protected":false},"excerpt":{"rendered":"L\u00f8rdag ettermiddag like f\u00f8r klokken 14 ble det meldt fra om et trafikkuhell i Hob\u00f8lveien ved Elvestad. Det&hellip;\n","protected":false},"author":2,"featured_media":112746,"comment_status":"","ping_status":"","sticky":false,"template":"","format":"standard","meta":{"footnotes":""},"categories":[10],"tags":[36,20,21,24,25,15,8877,4625,22,23,2247,13,30,28,29,14,16,254,1510,26,27,2889],"class_list":{"0":"post-112745","1":"post","2":"type-post","3":"status-publish","4":"format-standard","5":"has-post-thumbnail","7":"category-norge","8":"tag-art","9":"tag-breaking-news","10":"tag-breakingnews","11":"tag-featured-news","12":"tag-featurednews","13":"tag-headlines","14":"tag-hobol","15":"tag-indre-ostfold","16":"tag-latest-news","17":"tag-latestnews","18":"tag-lokale-nyheter","19":"tag-news","20":"tag-no","21":"tag-norge","22":"tag-norway","23":"tag-nyheter","24":"tag-overskrifter","25":"tag-politi","26":"tag-story","27":"tag-top-stories","28":"tag-topstories","29":"tag-trafikkuhell"},"share_on_mastodon":{"url":"https:\/\/pubeurope.com\/@no\/115716214420141994","error":""},"_links":{"self":[{"href":"https:\/\/www.europesays.com\/no\/wp-json\/wp\/v2\/posts\/112745","targetHints":{"allow":["GET"]}}],"collection":[{"href":"https:\/\/www.europesays.com\/no\/wp-json\/wp\/v2\/posts"}],"about":[{"href":"https:\/\/www.europesays.com\/no\/wp-json\/wp\/v2\/types\/post"}],"author":[{"embeddable":true,"href":"https:\/\/www.europesays.com\/no\/wp-json\/wp\/v2\/users\/2"}],"replies":[{"embeddable":true,"href":"https:\/\/www.europesays.com\/no\/wp-json\/wp\/v2\/comments?post=112745"}],"version-history":[{"count":0,"href":"https:\/\/www.europesays.com\/no\/wp-json\/wp\/v2\/posts\/112745\/revisions"}],"wp:featuredmedia":[{"embeddable":true,"href":"https:\/\/www.europesays.com\/no\/wp-json\/wp\/v2\/media\/112746"}],"wp:attachment":[{"href":"https:\/\/www.europesays.com\/no\/wp-json\/wp\/v2\/media?parent=112745"}],"wp:term":[{"taxonomy":"category","embeddable":true,"href":"https:\/\/www.europesays.com\/no\/wp-json\/wp\/v2\/categories?post=112745"},{"taxonomy":"post_tag","embeddable":true,"href":"https:\/\/www.europesays.com\/no\/wp-json\/wp\/v2\/tags?post=112745"}],"curies":[{"name":"wp","href":"https:\/\/api.w.org\/{rel}","templated":true}]}}