{"id":112766,"date":"2025-12-14T06:52:02","date_gmt":"2025-12-14T06:52:02","guid":{"rendered":"https:\/\/www.europesays.com\/no\/112766\/"},"modified":"2025-12-14T06:52:02","modified_gmt":"2025-12-14T06:52:02","slug":"bandidos-froland-bandidos-far-bli-veldig-imot-normalen","status":"publish","type":"post","link":"https:\/\/www.europesays.com\/no\/112766\/","title":{"rendered":"Bandidos, Froland | Bandidos f\u00e5r bli: \u2013 Veldig imot normalen"},"content":{"rendered":"\n<p>If\u00f8lge eiendomsregisteret ble underetasjen hvor klubben holder til solgt til Sand\u00e5s Eiendom AS for 10 millioner kroner i november. <\/p>\n<p><b>Den nye eieren har valgt \u00e5 videref\u00f8re leieforholdet med den s\u00e5kalte .<\/b><\/p>\n<p>\u2013 Ja, vi har fornyet alle leiekontraktene med de som leide der f\u00f8r vi kj\u00f8pte, bekrefter daglig leder Asbj\u00f8rn Sand\u00e5s overfor <a href=\"https:\/\/frolendingen.no\/nyheter\/bygget-er-solgt-bandidos-blir-varende\/19.9639\" rel=\"Follow nofollow noopener\" target=\"_blank\">Frolendingen.<\/a><\/p>\n<p>  <a href=\"https:\/\/www.tvedestrandsposten.no\/5-52-820857\" class=\"related-teaser has-image default-story-teaser article--c-eRUmMG article--c-eRUmMG-jKCPdD-design-default\" rel=\"nofollow noopener\" target=\"_blank\"><\/p>\n<p>    <img decoding=\"async\" loading=\"lazy\"  src=\"https:\/\/www.europesays.com\/no\/wp-content\/uploads\/2025\/12\/cueres_scp-mangler_navn_OyWStBQQlz8.jpg\" alt=\"\" class=\"brick-c-cFOWSL\" style=\"\"\/><\/p>\n<p>\n            Les ogs\u00e5<\/p>\n<p>              Naboer forsvarer Bandidos: \u2013 Folk overreagerer\n        <\/p>\n<p>  <\/a><\/p>\n<p><b>Den lokale lederen for Bandidos, som uttaler seg anonymt, uttrykker stor lettelse over avgj\u00f8relsen. <\/b><\/p>\n<p>Han avviser rykter om at klubben planlegger \u00e5 flytte til Arendal.<\/p>\n<p>\u2013 Dette er jo str\u00e5lende. Det er ikke ofte vi f\u00e5r fornyet en leiekontrakt. Dette er veldig i mot normalen, s\u00e5 vi er veldig forn\u00f8yde, sier han til avisen.<\/p>\n<p><b>Froland-ordf\u00f8rer Inger-Lene H\u00e5land (Ap) understreker at det ikke er registrert negative hendelser ved bygget, men fastholder kommunens prinsipielle syn med at Bandidos ikke er \u00f8nsket i kommunen.<\/b><\/p>\n<p>\u2013 Jeg forholder meg til kommunestyrets tidligere vedtak om at vi ikke \u00f8nsker etablering av slike MC-klubber i kommunen, sier ordf\u00f8reren til Frolendingen.<\/p>\n","protected":false},"excerpt":{"rendered":"If\u00f8lge eiendomsregisteret ble underetasjen hvor klubben holder til solgt til Sand\u00e5s Eiendom AS for 10 millioner kroner i&hellip;\n","protected":false},"author":2,"featured_media":66033,"comment_status":"","ping_status":"","sticky":false,"template":"","format":"standard","meta":{"footnotes":""},"categories":[12],"tags":[36,13753,20,21,24,25,2819,15,22,23,13754,13,30,28,29,14,16,1510,26,27,42,43,44,45],"class_list":{"0":"post-112766","1":"post","2":"type-post","3":"status-publish","4":"format-standard","5":"has-post-thumbnail","7":"category-verden","8":"tag-art","9":"tag-bandidos","10":"tag-breaking-news","11":"tag-breakingnews","12":"tag-featured-news","13":"tag-featurednews","14":"tag-froland","15":"tag-headlines","16":"tag-latest-news","17":"tag-latestnews","18":"tag-mc-klubber","19":"tag-news","20":"tag-no","21":"tag-norge","22":"tag-norway","23":"tag-nyheter","24":"tag-overskrifter","25":"tag-story","26":"tag-top-stories","27":"tag-topstories","28":"tag-verden","29":"tag-world","30":"tag-world-news","31":"tag-worldnews"},"share_on_mastodon":{"url":"https:\/\/pubeurope.com\/@no\/115716603671932802","error":""},"_links":{"self":[{"href":"https:\/\/www.europesays.com\/no\/wp-json\/wp\/v2\/posts\/112766","targetHints":{"allow":["GET"]}}],"collection":[{"href":"https:\/\/www.europesays.com\/no\/wp-json\/wp\/v2\/posts"}],"about":[{"href":"https:\/\/www.europesays.com\/no\/wp-json\/wp\/v2\/types\/post"}],"author":[{"embeddable":true,"href":"https:\/\/www.europesays.com\/no\/wp-json\/wp\/v2\/users\/2"}],"replies":[{"embeddable":true,"href":"https:\/\/www.europesays.com\/no\/wp-json\/wp\/v2\/comments?post=112766"}],"version-history":[{"count":0,"href":"https:\/\/www.europesays.com\/no\/wp-json\/wp\/v2\/posts\/112766\/revisions"}],"wp:featuredmedia":[{"embeddable":true,"href":"https:\/\/www.europesays.com\/no\/wp-json\/wp\/v2\/media\/66033"}],"wp:attachment":[{"href":"https:\/\/www.europesays.com\/no\/wp-json\/wp\/v2\/media?parent=112766"}],"wp:term":[{"taxonomy":"category","embeddable":true,"href":"https:\/\/www.europesays.com\/no\/wp-json\/wp\/v2\/categories?post=112766"},{"taxonomy":"post_tag","embeddable":true,"href":"https:\/\/www.europesays.com\/no\/wp-json\/wp\/v2\/tags?post=112766"}],"curies":[{"name":"wp","href":"https:\/\/api.w.org\/{rel}","templated":true}]}}