{"id":112767,"date":"2025-12-14T06:53:26","date_gmt":"2025-12-14T06:53:26","guid":{"rendered":"https:\/\/www.europesays.com\/no\/112767\/"},"modified":"2025-12-14T06:53:26","modified_gmt":"2025-12-14T06:53:26","slug":"hoyre-ledelse-hoyre-overser-personkjemi-med-sin-nye-trio-mener-erling-gjelsvik","status":"publish","type":"post","link":"https:\/\/www.europesays.com\/no\/112767\/","title":{"rendered":"H\u00f8yre, Ledelse | H\u00f8yre overser personkjemi med sin nye trio, mener Erling Gjelsvik."},"content":{"rendered":"\n<p><b>I H\u00f8yre er mange<\/b> betuttet over persongalleriet som partiets valgkomite peker p\u00e5 som nytt ledersjikt. Jeg for min del, f\u00f8dt og oppvokst med et horn i siden til H\u00f8yre, er kjempeforn\u00f8yd.<\/p>\n<p>Utvilsomt er Ine S\u00f8reide smart og kunnskapsrik. Men hun har personlig utstr\u00e5ling p\u00e5 linje med et sort hull. Henrik Asheim besitter en viss slagferdighet, men auraen hans best\u00e5r av urban arroganse. Og wonderboy Ola Svenneby? Nei, han er og blir et klessetryne.<\/p>\n<p><b>Selvsagt er det h\u00e5rreisende<\/b> urettferdig \u00e5 bed\u00f8mme disse flinke folkene ut fra fordomsfulle kriterier som dette. Men den nye offentligheten har skapt et spillerom for personkjemi som politikken ikke kan overse.<\/p>\n<p>N\u00e5r H\u00f8yre velger \u00e5 gj\u00f8re det, til glede for sine motstandere, er det bare \u00e5 takke og bukke.<\/p>\n<blockquote class=\"brick-c-kLSvcb theme-white\">\n<p class=\"blockquote-text\">Skal Ernas partikaniner st\u00e5 for fornyelse? For all del. Lykke p\u00e5 reisen ned i skyggenes dal.<\/p>\n<\/blockquote>\n<p><b>Innad i partiet<\/b> er det den geografiske skjevfordelingen misn\u00f8yen rettes mot. Den siden av oppr\u00f8ret har begrenset troverdighet. N\u00e5r Nordland H\u00f8yre vil erstatte Asheim med Sandra Bruflot fra Buskerud, alts\u00e5 enda enn \u00f8stlending, sier det sitt om samling rundt Oslo-gryten som et varemerke store deler av H\u00f8yre faktisk \u00f8nsker \u00e5 rendyrke. I tr\u00e5d med resten av partiets sentraliseringsideologi.<\/p>\n<p>Men hele organisasjonen er ikke p\u00e5 linje. Valgkomiteens innstilling er hos mange h\u00f8yrefolk blitt oppfattet som et illevarslende signal. Det forteller dem at toneangivende krefter, bevisst eller ubevisst, har gitt opp ambisjonen om \u00e5 v\u00e6re et landsdekkende parti. Stumpene skal reddes ved \u00e5 satse p\u00e5 urbane velgere, hovedsakelig i hovedstadsomr\u00e5det.<\/p>\n<p>I praksis er H\u00f8yre i ferd med \u00e5 overgi borgerlig velgermasse langs hele den produktive kysten, fra J\u00e6ren til Finnmark, i hendene p\u00e5 Fremskrittspartiet. Som har det betydelige fortrinnet \u00e5 v\u00e6re ledet av et r\u00e5skinn fra Sunnm\u00f8re.<\/p>\n<p><b>P\u00e5 venstresiden b\u00f8r<\/b> vi v\u00e6re bekymret for denne utviklingen. Sylvi er en hard negl, og kampen om fremtidens fellesskapsforst\u00e5else blir beinhard. F\u00f8r eller senere vil nok venstrekreftene savne H\u00f8yre som ansvarlig og anstendig motpol. Men enhver politisk bevegelse b\u00e6rer et selvstendig ansvar for sin tilbakegang. Venstre har brukt et hundre\u00e5r p\u00e5 \u00e5 g\u00e5 til grunne. H\u00f8yre kan f\u00f8lge etter i et mye st\u00f8rre tempo.<\/p>\n<p>En blytung \u00f8stlandsdominans i lederskapet f\u00f8yer seg pent inn i hovedinntrykket: Strategisk tankekraft har v\u00e6rt mangelvare over lengre tid. Vi som ikke vil H\u00f8yre vel, opplevde en indre jubel da partiet avviste \u00e5 ta et oppgj\u00f8r med Erna Solberg etter Sindre-skandalen. Sannsynligvis er det den st\u00f8rste feilvurderingen i nyere norsk politisk historie.<\/p>\n<p>   <img decoding=\"async\" width=\"2688\" height=\"1792\" fetchpriority=\"low\"  loading=\"lazy\"  src=\"https:\/\/www.europesays.com\/no\/wp-content\/uploads\/2025\/12\/EH9_0479.jpg\" alt=\"Charlotte Spurkeland er kjent for \u00e5 v\u00e6re grundig, analytisk og samvittighetsfull, skriver innsender.\" class=\"brick-c-cFOWSL\" style=\"--brick-image-ratio: 2688 \/ 1792;\"\/><\/p>\n<p>      Charlotte Spurkeland er p\u00e5 spaltistens liste over eksepsjonelle kvinnelige h\u00f8yrepolitikere i Bergen.<br \/>\n      Foto: EIRIK HAGES\u00c6TER\n    <\/p>\n<p>\u00c5 sende en skadeskutt Erna inn i manesjen, fremfor \u00e5 gi henne en verdig sorti, var ubarmhjertig. Med unntak for Svenneby ligger ansvaret ikke minst hos disse som n\u00e5 blir p\u00e5lagt \u00e5 g\u00e5 fra nederlag til seier. Skal Ernas partikaniner st\u00e5 for fornyelse? For all del. Lykke p\u00e5 reisen ned i skyggenes dal.<\/p>\n<p>Vi andre, i alle fall vi som st\u00e5r ved v\u00e5r skadefryd, er allerede begynt \u00e5 glede oss til neste valgkamp. Det er vanskelig \u00e5 se hvor den folkelige appellen til H\u00f8yre skal komme fra. En hvit pinn kan skytes etter \u00e5 f\u00e5 oppleve Ine Marie Eriksen S\u00f8reide under et russebuss-lignende felttog av Ernas merke. En like effektiv torgkjerring som madam Solberg blir det nok lenge til politikken velsignes med p\u00e5 ny.<\/p>\n<p><b>N\u00e5 m\u00e5 det med skam<\/b> bekjennes at min aversjon mot H\u00f8yre f\u00f8rst og fremst er av nasjonal karakter. P\u00e5 det lokale plan, der mennesker m\u00f8tes ansikt til ansikt, er det en annen sk\u00e5l. Ved noen f\u00e5 anledninger har jeg tatt aktiv del i lokalpolitiske saker, og s\u00e6rlig det m\u00f8ysommelige arbeidet med \u00e5 holde liv i Kristi Krybbe skoler. Partiet som vi foreldre f\u00f8rst og fremst kunne lene oss p\u00e5, var H\u00f8yre \u2013 og fremfor alt erfarne h\u00f8yrekvinner, partiets brosjemafia.<\/p>\n<p>Hvis dagens sentrumsboere er forn\u00f8yde med at det fortsatt finnes en barneskole p\u00e5 \u00d8vregaten, skal de sende en vennlig tanke til h\u00f8yreveteranene Inger-Margrethe Presterud og Eva Grimstad. I kampen for \u00e5 bevare Kr\u00f8bben utviste disse to en kombinasjon av innlevelse og handlekraft som representerer mitt kj\u00e6reste minne om demokrati i praksis.<\/p>\n<p>Listen over eksepsjonelle kvinnelige h\u00f8yrepolitikere i Bergen kan utfylles med navn som Hilde Onarheim og Charlotte Spurkeland. N\u00e5r det gjelder sistnevnte er jeg imponert over med hvilken sinnsro hun har ridd av den senere tidens storm i et vannglass.<\/p>\n<p>   <img decoding=\"async\" width=\"3936\" height=\"2632\" fetchpriority=\"low\"  loading=\"lazy\"  src=\"https:\/\/www.europesays.com\/no\/wp-content\/uploads\/2025\/12\/1765695206_970_NTB_WrVhset-PiY.jpg\" alt=\"Gardermoen  20250912. &#10;Henrik Asheim, Tina Bru, Peter Christian Fr\u00f8lich, Ine Marie Eriksen S\u00f8reide og Sandra Bruflot i forbindelse med en pressekonferanse. Erna Solberg gjorde det kjent at hun g\u00e5r av som partileder under H\u00f8yres sentralstyrem\u00f8te fredag. &#10;Foto: Terje Pedersen \/ NTB\" class=\"brick-c-cFOWSL\" style=\"--brick-image-ratio: 3936 \/ 2632;\"\/><\/p>\n<p>      Petter Fr\u00f8lich har noe ved seg som resten av ledelseskabalen mangler, mener Erling Gjelsvik. Kan han bli distriktenes frelser?<br \/>\n      Foto: Terje Pedersen\n    <\/p>\n<p>F\u00f8lgelig legger jeg mitt hovmod til side: Ettersom partiet har evnet \u00e5 frembringe skikkelser som disse, ser jeg ingen grunn til \u00e5 \u00f8nske H\u00f8yre fem fot under \u2013 i alle fall ikke her i byen.<\/p>\n<p><b>For oss som misliker <\/b>tanken p\u00e5 at Frp skal klore seg fast som \u00f8rnen blant partiene p\u00e5 h\u00f8yresiden, er det faktisk et h\u00e5p i H\u00f8yres evne til \u00e5 reise kjerringen. Akkurat n\u00e5 har Bergen ingen ny nasjonalkjerring \u00e5 bidra med. Men Peter Fr\u00f8lich er interessant. It-faktoren gjelder for b\u00e5de kvinner og menn. Han har noe ved seg som resten av ledelseskabalen mangler.<\/p>\n<p>At Fr\u00f8lich har trukket seg ut av striden, kan forklares p\u00e5 to m\u00e5ter. Enten gidder han ikke \u00e5 st\u00e5 p\u00e5 broen til et synkende skip. Eller s\u00e5 har han tatt et elegant skritt tilbake, i p\u00e5vente av at grasroten i H\u00f8yre skal heie ham frem som distriktenes frelser.<\/p>\n<p>Distriktsprofil? Fra Bergen?! Vel \u2013 i n\u00f8den spiser Fanden fluer.<\/p>\n","protected":false},"excerpt":{"rendered":"I H\u00f8yre er mange betuttet over persongalleriet som partiets valgkomite peker p\u00e5 som nytt ledersjikt. Jeg for min&hellip;\n","protected":false},"author":2,"featured_media":112768,"comment_status":"","ping_status":"","sticky":false,"template":"","format":"standard","meta":{"footnotes":""},"categories":[10],"tags":[36,20,21,37,24,25,15,762,22,23,3992,13,30,28,29,14,1533,16,26,27],"class_list":{"0":"post-112767","1":"post","2":"type-post","3":"status-publish","4":"format-standard","5":"has-post-thumbnail","7":"category-norge","8":"tag-art","9":"tag-breaking-news","10":"tag-breakingnews","11":"tag-debatt","12":"tag-featured-news","13":"tag-featurednews","14":"tag-headlines","15":"tag-hoyre","16":"tag-latest-news","17":"tag-latestnews","18":"tag-ledelse","19":"tag-news","20":"tag-no","21":"tag-norge","22":"tag-norway","23":"tag-nyheter","24":"tag-opinion","25":"tag-overskrifter","26":"tag-top-stories","27":"tag-topstories"},"share_on_mastodon":{"url":"https:\/\/pubeurope.com\/@no\/115716607778765329","error":""},"_links":{"self":[{"href":"https:\/\/www.europesays.com\/no\/wp-json\/wp\/v2\/posts\/112767","targetHints":{"allow":["GET"]}}],"collection":[{"href":"https:\/\/www.europesays.com\/no\/wp-json\/wp\/v2\/posts"}],"about":[{"href":"https:\/\/www.europesays.com\/no\/wp-json\/wp\/v2\/types\/post"}],"author":[{"embeddable":true,"href":"https:\/\/www.europesays.com\/no\/wp-json\/wp\/v2\/users\/2"}],"replies":[{"embeddable":true,"href":"https:\/\/www.europesays.com\/no\/wp-json\/wp\/v2\/comments?post=112767"}],"version-history":[{"count":0,"href":"https:\/\/www.europesays.com\/no\/wp-json\/wp\/v2\/posts\/112767\/revisions"}],"wp:featuredmedia":[{"embeddable":true,"href":"https:\/\/www.europesays.com\/no\/wp-json\/wp\/v2\/media\/112768"}],"wp:attachment":[{"href":"https:\/\/www.europesays.com\/no\/wp-json\/wp\/v2\/media?parent=112767"}],"wp:term":[{"taxonomy":"category","embeddable":true,"href":"https:\/\/www.europesays.com\/no\/wp-json\/wp\/v2\/categories?post=112767"},{"taxonomy":"post_tag","embeddable":true,"href":"https:\/\/www.europesays.com\/no\/wp-json\/wp\/v2\/tags?post=112767"}],"curies":[{"name":"wp","href":"https:\/\/api.w.org\/{rel}","templated":true}]}}