{"id":112801,"date":"2025-12-14T08:40:11","date_gmt":"2025-12-14T08:40:11","guid":{"rendered":"https:\/\/www.europesays.com\/no\/112801\/"},"modified":"2025-12-14T08:40:11","modified_gmt":"2025-12-14T08:40:11","slug":"jul-i-blodfjell-sesong-1-tatt-av-skjermen","status":"publish","type":"post","link":"https:\/\/www.europesays.com\/no\/112801\/","title":{"rendered":"Jul i Blodfjell sesong 1 tatt av skjermen"},"content":{"rendered":"\n<p class=\"_lead_o9xde_2 _lead_xtcu6_50 layout-component text-serif-m layout-normal text-serif-l layout-component layout-wide layout-padded _wide_17hqh_1 layout-padded\">Derfor er ikke \u00abJul i blodfjell\u00bb \u00e5 se p\u00e5 TV eller str\u00f8mmetjenestene i \u00e5r.<\/p>\n<p><img alt=\"Putti Soot, spilt av Kevin V\u00e5genes, er tatt av skjermen. Foto: TVNorge \/ TVNorge\" class=\"_image_qp4xg_65 layout-component layout-wide\" data-fullscreen- data-track-element-type=\"Article image fullscreen\" data-track-name=\"ImageFullscreen\" fetchpriority=\"high\" decoding=\"sync\" loading=\"eager\" height=\"1152\" itemprop=\"image\"  src=\"https:\/\/www.europesays.com\/no\/wp-content\/uploads\/2025\/12\/d902897b-9d77-4cd2-aef7-983ee64f7f63\"  style=\"object-position:0% 0%\" width=\"2048\"\/>Putti Soot, spilt av Kevin V\u00e5genes, er tatt av skjermen. Foto: TVNorge \/ TVNorge<\/p>\n<ul aria-hidden=\"true\" class=\"_images_ntbth_112\">\n<li><a class=\"_link_ntbth_117\" href=\"https:\/\/www.vg.no\/forfatter\/elise-roennevig-andersen\" style=\"z-index:1\" title=\"Elise R\u00f8nnevig Andersen\" rel=\"nofollow noopener\" target=\"_blank\"><img alt=\"Bilde av Elise R\u00f8nnevig Andersen\" class=\"_image_ntbth_93\" fetchpriority=\"low\" loading=\"lazy\" decoding=\"async\" itemprop=\"image\"  src=\"https:\/\/www.europesays.com\/no\/wp-content\/uploads\/2025\/12\/1765701610_323_d4a69b78-dc9a-4021-89fd-0783e681325f\"  width=\"480\"\/><\/a><\/li>\n<\/ul>\n<p> Oppdatert s\u00f8ndag 14. desember kl. 09:15    <\/p>\n<ul class=\"_list_o9xde_3 _list_64s2r_85 _unordered_o9xde_106 text-sans-m\">\n<li class=\"_item_o9xde_30\">\u00abJul i blodfjell\u00bb sesong 1 er ikke tilgjengelig p\u00e5 str\u00f8mmetjenestene i \u00e5r.<\/li>\n<li class=\"_item_o9xde_30\">Fans er skuffet, og mange har reagert i sosiale medier.<\/li>\n<li class=\"_item_o9xde_30\">Produsent Aleksander Herresthal sier det kan v\u00e6re en tilfeldighet at lisensen ikke ble fornyet.<\/li>\n<li class=\"_item_o9xde_30\">Warner Bros Discovery utelukker ikke at sesong 1 kan komme tilbake.<\/li>\n<\/ul>\n<p>Vis mer <\/p>\n<p class=\"_paragraph_o9xde_4 _paragraph_xtcu6_10 layout-component text-serif-m layout-normal text-serif-m layout-padded\">Warner Bros Discovery har f\u00e5tt mange henvendelser fra skuffede seere som reagerer p\u00e5 at julekalenderen \u00abJul i blodfjell\u00bb ikke lenger er tilgjengelig.<\/p>\n<p class=\"_paragraph_o9xde_4 _paragraph_xtcu6_10 layout-component text-serif-m layout-normal text-serif-m layout-padded\">I ulike forum etterlyses julekalenderen. \u00abHelt krise\u00bb og \u00abN\u00e5 er desember \u00f8delagt\u00bb er blant reaksjonene i facebook-gruppen \u00abBlodfansen &#8211; for oss som elsker Jul i blodfjell\u00bb. Det er nemlig kun sesong to av julekalenderen som ligger ute i \u00e5r. <\/p>\n<p class=\"_paragraph_o9xde_4 _paragraph_xtcu6_10 layout-component text-serif-m layout-normal text-serif-m layout-padded\">\u2013 Vi som har laget serien synes akkurat som dere det er kjipt at sesong 1 ikke er tilgjengelig lenger, skriver Christopher Pahle, en av serieskaperne bak julekalenderen, i et innlegg i samme gruppe.<\/p>\n<p><img alt=\"Foto: TVNorge \/ TVNorge\" class=\"_image_qp4xg_65 layout-component layout-normal\" data-fullscreen- data-track-element-type=\"Article image fullscreen\" data-track-name=\"ImageFullscreen\" decoding=\"async\" loading=\"lazy\" height=\"1066\" itemprop=\"image\"  src=\"https:\/\/www.europesays.com\/no\/wp-content\/uploads\/2025\/12\/9bf3983a-a146-4632-8522-2002bd97a8ea\"  style=\"object-position:0% 0%\" width=\"1599\"\/>Foto: TVNorge \/ TVNorge<\/p>\n<p class=\"_paragraph_o9xde_4 _paragraph_xtcu6_10 layout-component text-serif-m layout-normal text-serif-m layout-padded\">\u2013 Jeg ser at Jul i Blodfjell ligger p\u00e5 2. plass p\u00e5 HBO Max og vi har de siste dagene f\u00e5tt veldig mange henvendelser fra seere som lurer p\u00e5 hvorfor ikke sesong 1 ligger ute, s\u00e5 du skal ikke se bort i fra at sesong 1 er tilbake p\u00e5 skjermen igjen neste \u00e5r hvis Warner Bros Discovery har lyst \u00e5 lisensiere den p\u00e5 nytt, sier produsent for serien, Aleksander Herresthal, i produksjonsselskapet Seefood.<\/p>\n<p class=\"_paragraph_o9xde_4 _paragraph_xtcu6_10 layout-component text-serif-m layout-normal text-serif-m layout-padded\">Han sier det nok \u00aber en tilfeldighet at den ikke er fornyet\u00bb.<\/p>\n<p class=\"_paragraph_o9xde_4 _paragraph_xtcu6_10 layout-component text-serif-m layout-normal text-serif-m layout-padded\">\u2013 Vanligvis sp\u00f8r vi alltid kanalene om de \u00f8nsker fornyelse n\u00e5r lisensene g\u00e5r ut, men denne gangen har vi ikke husket p\u00e5 \u00e5 gj\u00f8re det, sier Herresthal.<\/p>\n<p class=\"_paragraph_o9xde_4 _paragraph_xtcu6_10 layout-component text-serif-m layout-normal text-serif-m layout-padded\">VG har spurt Warner Bros Discovery hvorfor \u00abJul i blodfjell\u00bb ikke lenger er tilgjengelig. Julekalenderen <a href=\"https:\/\/www.vg.no\/rampelys\/i\/P39dAb\/suksess-for-jul-i-blodfjell\" data-track-element-type=\"Link\" data-track-id=\"link:P39dAb\" class=\"_link_o9xde_39\" rel=\"nofollow noopener\" target=\"_blank\">var en suksess<\/a> da den f\u00f8rste gang kom ut i 2017.<\/p>\n<p class=\"_paragraph_o9xde_4 _paragraph_xtcu6_10 layout-component text-serif-m layout-normal text-serif-m layout-padded\">\u2013 Vi har f\u00e5tt henvendelser i ulike kommentarfelt og til kundeservice om at folk savner Jul i Blodfjell sesong 1. Lisensperioder utl\u00f8per av ulike \u00e5rsaker, og det kan godt tenkes at Jul i Blodfjell 1 kommer tilbake p\u00e5 et senere tidspunkt, svarer Marianne Aamb\u00f8 hos Warner Bros Discocery.<\/p>\n<p class=\"_paragraph_o9xde_4 _paragraph_xtcu6_10 layout-component text-serif-m layout-normal text-serif-m layout-padded\">Hun vil ikke svare p\u00e5 hvorfor de ikke har fornyet lisensen.<\/p>\n<p class=\"_paragraph_o9xde_4 _paragraph_xtcu6_10 layout-component text-serif-m layout-normal text-serif-m layout-padded\">\u2013 Detaljer rundt ulike lisensavtaler kan jeg ikke kommentere.<\/p>\n","protected":false},"excerpt":{"rendered":"Derfor er ikke \u00abJul i blodfjell\u00bb \u00e5 se p\u00e5 TV eller str\u00f8mmetjenestene i \u00e5r. Putti Soot, spilt av&hellip;\n","protected":false},"author":2,"featured_media":112802,"comment_status":"","ping_status":"","sticky":false,"template":"","format":"standard","meta":{"footnotes":""},"categories":[58],"tags":[71,5593,30,28,29,375,72],"class_list":{"0":"post-112801","1":"post","2":"type-post","3":"status-publish","4":"format-standard","5":"has-post-thumbnail","7":"category-underholdning","8":"tag-entertainment","9":"tag-jul","10":"tag-no","11":"tag-norge","12":"tag-norway","13":"tag-serier","14":"tag-underholdning"},"share_on_mastodon":{"url":"https:\/\/pubeurope.com\/@no\/115717028293924982","error":""},"_links":{"self":[{"href":"https:\/\/www.europesays.com\/no\/wp-json\/wp\/v2\/posts\/112801","targetHints":{"allow":["GET"]}}],"collection":[{"href":"https:\/\/www.europesays.com\/no\/wp-json\/wp\/v2\/posts"}],"about":[{"href":"https:\/\/www.europesays.com\/no\/wp-json\/wp\/v2\/types\/post"}],"author":[{"embeddable":true,"href":"https:\/\/www.europesays.com\/no\/wp-json\/wp\/v2\/users\/2"}],"replies":[{"embeddable":true,"href":"https:\/\/www.europesays.com\/no\/wp-json\/wp\/v2\/comments?post=112801"}],"version-history":[{"count":0,"href":"https:\/\/www.europesays.com\/no\/wp-json\/wp\/v2\/posts\/112801\/revisions"}],"wp:featuredmedia":[{"embeddable":true,"href":"https:\/\/www.europesays.com\/no\/wp-json\/wp\/v2\/media\/112802"}],"wp:attachment":[{"href":"https:\/\/www.europesays.com\/no\/wp-json\/wp\/v2\/media?parent=112801"}],"wp:term":[{"taxonomy":"category","embeddable":true,"href":"https:\/\/www.europesays.com\/no\/wp-json\/wp\/v2\/categories?post=112801"},{"taxonomy":"post_tag","embeddable":true,"href":"https:\/\/www.europesays.com\/no\/wp-json\/wp\/v2\/tags?post=112801"}],"curies":[{"name":"wp","href":"https:\/\/api.w.org\/{rel}","templated":true}]}}