{"id":112828,"date":"2025-12-14T09:14:17","date_gmt":"2025-12-14T09:14:17","guid":{"rendered":"https:\/\/www.europesays.com\/no\/112828\/"},"modified":"2025-12-14T09:14:17","modified_gmt":"2025-12-14T09:14:17","slug":"to-studenter-drept-i-skyting-ved-brown-universitetet-i-usa-nrk-urix-utenriksnyheter-og-dokumentarer","status":"publish","type":"post","link":"https:\/\/www.europesays.com\/no\/112828\/","title":{"rendered":"To studenter drept i skyting ved Brown universitetet i USA \u2013 NRK Urix \u2013 Utenriksnyheter og -dokumentarer"},"content":{"rendered":"<p>\u2013 Jeg kan bekrefte at to personer ble drept og ni ble skadet etter skyting ved Brown universitetet, sier ordf\u00f8rer Brett Smiley p\u00e5 en pressekonferanse natt til s\u00f8ndag, norsk tid.<\/p>\n<p>Ni pasienter er lagt inn p\u00e5 Rhode Island sykehus med skuddskader.<\/p>\n<p>Seks av dem er i kritisk, men stabil tilstand, \u00e9n er i kritisk tilstand og to er i stabil tilstand, opplyser sykehuset i en uttalelse til CNN.<\/p>\n<p>Hendelsen fant sted i delstaten Rhode Island l\u00f8rdag ettermiddag, lokal tid.<\/p>\n<p>Universitetet opplyser at skytingen skjedde i n\u00e6rheten av ingeni\u00f8rbygningen.<\/p>\n<p>Politiet leter fortsatt etter skytteren.<\/p>\n<p><img decoding=\"async\"   src=\"data:image\/gif;base64,R0lGODlhAQABAIAAAAAAAP\/\/\/yH5BAEAAAAALAAAAAABAAEAAAIBRAA7\" loading=\"eager\" alt=\"Politibetjenter med caps og masker sitter inne i et opplyst politifjellk\u00f8ret\u00f8y med \u00e5pen d\u00f8r. (Bildebeskrivelsen er laget av en KI-tjeneste)\" title=\"Foto: Lily Speredelozzi \/ AP \/ NTB\"\/><\/p>\n<p class=\"\">Politiet leter etter gjerningsmannen som fortsatt er p\u00e5 frifot <\/p>\n<p>Foto: Lily Speredelozzi \/ AP \/ NTB<\/p>\n<p>Studenter bedt om \u00e5 holde seg i skjul<\/p>\n<p>Studenter og ansatte ved universitetet fikk tilsendt en tekstmelding der de ble oppfordret til \u00e5 komme seg i sikkerhet.<\/p>\n<p>\u2013 L\u00e5s d\u00f8rer, sett telefonen p\u00e5 lydl\u00f8s og hold deg i skjul inntil videre, stod i meldingen som ble sendt ut.<\/p>\n<p>Studenten Ethan Schenker var en av studentene som fikk tekstmelding om \u00e5 komme seg i sikkerhet.<\/p>\n<p>\u2013 Jeg ringte til foreldrene mine og broren min for \u00e5 fortelle dem at jeg hadde det bra, forteller han til CNN.<\/p>\n<p>Han beskriver opplevelsen som uvirkelig.<\/p>\n<p>Gjerningspersonen er fortsatt p\u00e5 frifot<\/p>\n<p>I starten av hendelsen kom det meldinger om at en gjerningsperson var p\u00e5grepet, men vedkommende ble senere l\u00f8slatt.<\/p>\n<p>Myndighetene sier at de fortsatt leter etter gjerningsmannen, som blir beskrevet if\u00f8rt m\u00f8rke kl\u00e6r, og ansl\u00e5tt til \u00e5 v\u00e6re i 30-\u00e5rene. Den mistenkte mannen skal ha blitt sett p\u00e5 en video mens han gikk nedover en gate n\u00e6r der angrepet fant sted.<\/p>\n<p>Universitetet opplyser at skytingen skjedde i n\u00e6rheten av ingeni\u00f8rbygningen.<\/p>\n<p>USAs president Donald Trump skriver p\u00e5 <a href=\"https:\/\/truthsocial.com\/@realDonaldTrump\/posts\/115714676658999589\" ec-id=\"https:\/\/truthsocial.com\/@realDonaldTrump\/posts\/115714676658999589\" ec-name=\"Truth Social\" rel=\"nofollow noopener\" target=\"_blank\">Truth Social<\/a> at han er informert om hendelsen og opplyser at FBI er koblet inn.<\/p>\n<p><img decoding=\"async\"   src=\"data:image\/gif;base64,R0lGODlhAQABAIAAAAAAAP\/\/\/yH5BAEAAAAALAAAAAABAAEAAAIBRAA7\" loading=\"eager\" alt=\"FBI-agenter og politifolk st\u00e5r ved inngangen til Barus &amp; Holley-bygningen. En agent er if\u00f8rt en skuddsikker vest med &quot;FBI&quot; skrevet p\u00e5. Det er m\u00f8rkt ute, og bygningens fasade er av murstein. Flere agenter g\u00e5r mot d\u00f8ren, som st\u00e5r \u00e5pen. (Bildebeskrivelsen er laget av en KI-tjeneste)\" title=\"Foto: BING GUAN \/ AFP \/ NTB\"\/><\/p>\n<p class=\"\">FBI-agenter entrer Barus &amp; Holley-bygningen, som huser ingeni\u00f8r- og fysikk avdelingene ved Brown universitetet i Rhode Island<\/p>\n<p>Foto: BING GUAN \/ AFP \/ NTB<\/p>\n<p>\u2013 Finnes ikke ord for sorgen<\/p>\n<p>Politiet har sperret av et omr\u00e5det rundt universitetet.<\/p>\n<p>Rektor, Christina H. Paxson, sier at det vil komme mer informasjon s\u00e5 snart det er tilgjengelig.<\/p>\n<p>\u2013 Det finnes ikke ord for den dype sorgen vi f\u00f8ler for ofrene, skriver Paxson.<\/p>\n<p>Det er rundt 11 000 studenter ved Brown universitet, som regnes som et eliteuniversitet.<\/p>\n<p><img decoding=\"async\"   src=\"data:image\/gif;base64,R0lGODlhAQABAIAAAAAAAP\/\/\/yH5BAEAAAAALAAAAAABAAEAAAIBRAA7\" loading=\"eager\" alt=\"En gruppe mennesker g\u00e5r langs en opplyst gate om kvelden. To personer holder hender i forgrunnen. Lysdekorasjoner pryder stolpen ved siden av dem. Flere mennesker g\u00e5r inn i en opplyst bygning i bakgrunnen. (Bildebeskrivelsen er laget av en KI-tjeneste)\" title=\"Foto: Taylor Coester \/ Reuters \/ NTB\"\/><\/p>\n<p class=\"\">Studenter holder hender etter skyting ved Brown universitetet <\/p>\n<p>Foto: Taylor Coester \/ Reuters \/ NTB<\/p>\n<p>Publisert<\/p>\n<p>14.12.2025, kl. 07.28<\/p>\n<p>Oppdatert<\/p>\n<p>14.12.2025, kl. 08.29<\/p>\n","protected":false},"excerpt":{"rendered":"\u2013 Jeg kan bekrefte at to personer ble drept og ni ble skadet etter skyting ved Brown universitetet,&hellip;\n","protected":false},"author":2,"featured_media":112829,"comment_status":"","ping_status":"","sticky":false,"template":"","format":"standard","meta":{"footnotes":""},"categories":[12],"tags":[20,21,24,25,15,22,23,13,30,28,29,14,16,26,27,42,43,44,45],"class_list":{"0":"post-112828","1":"post","2":"type-post","3":"status-publish","4":"format-standard","5":"has-post-thumbnail","7":"category-verden","8":"tag-breaking-news","9":"tag-breakingnews","10":"tag-featured-news","11":"tag-featurednews","12":"tag-headlines","13":"tag-latest-news","14":"tag-latestnews","15":"tag-news","16":"tag-no","17":"tag-norge","18":"tag-norway","19":"tag-nyheter","20":"tag-overskrifter","21":"tag-top-stories","22":"tag-topstories","23":"tag-verden","24":"tag-world","25":"tag-world-news","26":"tag-worldnews"},"share_on_mastodon":{"url":"https:\/\/pubeurope.com\/@no\/115717161822162189","error":""},"_links":{"self":[{"href":"https:\/\/www.europesays.com\/no\/wp-json\/wp\/v2\/posts\/112828","targetHints":{"allow":["GET"]}}],"collection":[{"href":"https:\/\/www.europesays.com\/no\/wp-json\/wp\/v2\/posts"}],"about":[{"href":"https:\/\/www.europesays.com\/no\/wp-json\/wp\/v2\/types\/post"}],"author":[{"embeddable":true,"href":"https:\/\/www.europesays.com\/no\/wp-json\/wp\/v2\/users\/2"}],"replies":[{"embeddable":true,"href":"https:\/\/www.europesays.com\/no\/wp-json\/wp\/v2\/comments?post=112828"}],"version-history":[{"count":0,"href":"https:\/\/www.europesays.com\/no\/wp-json\/wp\/v2\/posts\/112828\/revisions"}],"wp:featuredmedia":[{"embeddable":true,"href":"https:\/\/www.europesays.com\/no\/wp-json\/wp\/v2\/media\/112829"}],"wp:attachment":[{"href":"https:\/\/www.europesays.com\/no\/wp-json\/wp\/v2\/media?parent=112828"}],"wp:term":[{"taxonomy":"category","embeddable":true,"href":"https:\/\/www.europesays.com\/no\/wp-json\/wp\/v2\/categories?post=112828"},{"taxonomy":"post_tag","embeddable":true,"href":"https:\/\/www.europesays.com\/no\/wp-json\/wp\/v2\/tags?post=112828"}],"curies":[{"name":"wp","href":"https:\/\/api.w.org\/{rel}","templated":true}]}}