{"id":112830,"date":"2025-12-14T09:15:47","date_gmt":"2025-12-14T09:15:47","guid":{"rendered":"https:\/\/www.europesays.com\/no\/112830\/"},"modified":"2025-12-14T09:15:47","modified_gmt":"2025-12-14T09:15:47","slug":"bjerkreim-friluftsliv-sette-verdsrekord-i-isbading-du-blir-euforisk-etterpa","status":"publish","type":"post","link":"https:\/\/www.europesays.com\/no\/112830\/","title":{"rendered":"Bjerkreim, Friluftsliv | Sette verdsrekord i isbading: \u2013 Du blir euforisk etterp\u00e5"},"content":{"rendered":"\n<p>Tusenvis av menneske var laurdag samla p\u00e5 \u00d8lbergstranda i Sola kommune. M\u00e5let var \u00e5 setja verdsrekord i isbading. <\/p>\n<p>Fram til klokka 11 var den gjeldande rekorden 2.461 badande. D\u00e5 fors\u00f8ket var over, og alt var talt opp, viste det seg at 3.134 vinterbadarar hadde klart \u00e5 st\u00e5 med vatn til midja i eitt minutt \u2013 som var kravet.<\/p>\n<p>Vatnet var nesten for varmt til at rekordfors\u00f8ket kunne bli noko av, men det gjekk akkurat. Vatnet heldt ein temperatur p\u00e5 9,9 grader. Grensa for n\u00e5r eit bad kan kallast isbad, er 10 grader. <\/p>\n<p>Badar i Lauvtj\u00f8dna<\/p>\n<p>Blant dei som var med p\u00e5 \u00e5 bada, var ekteparet Astrid Apalset Vassb\u00f8 og Knut Vassb\u00f8 fr\u00e5 Bjerkreim. Dei er rutinerte heil\u00e5rsbadarar begge to, og dei badar til vanleg i Lauvtj\u00f8dna \u2013 like ved der dei bur.<\/p>\n<p>\u2013 Me badar iallfall ein gong i m\u00e5naden, fortel Astrid. <\/p>\n<p>Ho fortel at det var ho som ville begynna med heil\u00e5rsbading. Ektemannen meinte at ho ikkje burde bada aleine, og dermed blei han \u00f2g med p\u00e5 badeturane. Og n\u00e5r han f\u00f8rst hadde blitt med ut, kom han fram til at han like greitt kunne hoppa uti \u2013 han \u00f2g.<\/p>\n<p>Astrid seier f\u00f8lgjande om kvifor vinterbadinga har blitt ein vane: <\/p>\n<p>\u2013 N\u00e5r me g\u00e5r bortover til vatnet, lurer me alltid p\u00e5 kvifor. Men du blir euforisk etterp\u00e5. Kroppen f\u00e5r eit sjokk. <\/p>\n<p>Mange som skulle uti<\/p>\n<p>Under verdsrekordfors\u00f8ket p\u00e5 \u00d8lberg blei badarane sleppte uti i puljer, fortel Astrid. Ein skulle ha vatn til livet. Men b\u00e5de Astrid og Knut blei pressa noks\u00e5 langt ut, sidan det var mange menneske som skulle uti. <\/p>\n<p>\u2013 Og me var uti ganske lenge, fortel ho. <\/p>\n<p>Det kom nokon b\u00f8lgjer \u00f2g, som slo ganske h\u00f8gt opp p\u00e5 dei kalde kroppane deira, kan ho fortelja. <\/p>\n<p>\u2013 Men det var veldig kult, konstaterer ho. <\/p>\n<p>Ho understrekar at det var dykkarar uti, som hadde til oppg\u00e5ve \u00e5 passa p\u00e5 at alle klarte seg greitt under rekordfors\u00f8ket. <\/p>\n<p>\u2013 Det tok ganske lang tid \u00e5 bli varm i t\u00e6rne igjen etter badet. Men det var utruleg kjekt, og alle bare smilte. <\/p>\n","protected":false},"excerpt":{"rendered":"Tusenvis av menneske var laurdag samla p\u00e5 \u00d8lbergstranda i Sola kommune. M\u00e5let var \u00e5 setja verdsrekord i isbading.&hellip;\n","protected":false},"author":2,"featured_media":112831,"comment_status":"","ping_status":"","sticky":false,"template":"","format":"standard","meta":{"footnotes":""},"categories":[10],"tags":[36,931,20,21,24,25,89,3797,15,22,23,13,30,28,29,14,16,1510,26,27],"class_list":{"0":"post-112830","1":"post","2":"type-post","3":"status-publish","4":"format-standard","5":"has-post-thumbnail","7":"category-norge","8":"tag-art","9":"tag-bjerkreim","10":"tag-breaking-news","11":"tag-breakingnews","12":"tag-featured-news","13":"tag-featurednews","14":"tag-folk","15":"tag-friluftsliv","16":"tag-headlines","17":"tag-latest-news","18":"tag-latestnews","19":"tag-news","20":"tag-no","21":"tag-norge","22":"tag-norway","23":"tag-nyheter","24":"tag-overskrifter","25":"tag-story","26":"tag-top-stories","27":"tag-topstories"},"share_on_mastodon":{"url":"https:\/\/pubeurope.com\/@no\/115717169710724405","error":""},"_links":{"self":[{"href":"https:\/\/www.europesays.com\/no\/wp-json\/wp\/v2\/posts\/112830","targetHints":{"allow":["GET"]}}],"collection":[{"href":"https:\/\/www.europesays.com\/no\/wp-json\/wp\/v2\/posts"}],"about":[{"href":"https:\/\/www.europesays.com\/no\/wp-json\/wp\/v2\/types\/post"}],"author":[{"embeddable":true,"href":"https:\/\/www.europesays.com\/no\/wp-json\/wp\/v2\/users\/2"}],"replies":[{"embeddable":true,"href":"https:\/\/www.europesays.com\/no\/wp-json\/wp\/v2\/comments?post=112830"}],"version-history":[{"count":0,"href":"https:\/\/www.europesays.com\/no\/wp-json\/wp\/v2\/posts\/112830\/revisions"}],"wp:featuredmedia":[{"embeddable":true,"href":"https:\/\/www.europesays.com\/no\/wp-json\/wp\/v2\/media\/112831"}],"wp:attachment":[{"href":"https:\/\/www.europesays.com\/no\/wp-json\/wp\/v2\/media?parent=112830"}],"wp:term":[{"taxonomy":"category","embeddable":true,"href":"https:\/\/www.europesays.com\/no\/wp-json\/wp\/v2\/categories?post=112830"},{"taxonomy":"post_tag","embeddable":true,"href":"https:\/\/www.europesays.com\/no\/wp-json\/wp\/v2\/tags?post=112830"}],"curies":[{"name":"wp","href":"https:\/\/api.w.org\/{rel}","templated":true}]}}