{"id":112834,"date":"2025-12-14T09:21:15","date_gmt":"2025-12-14T09:21:15","guid":{"rendered":"https:\/\/www.europesays.com\/no\/112834\/"},"modified":"2025-12-14T09:21:15","modified_gmt":"2025-12-14T09:21:15","slug":"nordmenn-advares-mot-a-besoke-jesu-fodeby-betlehem","status":"publish","type":"post","link":"https:\/\/www.europesays.com\/no\/112834\/","title":{"rendered":"Nordmenn advares mot \u00e5 bes\u00f8ke Jesu f\u00f8deby Betlehem"},"content":{"rendered":"<p>\n        KREVENDE: Dagen bes\u00f8kte Betlehem i 2024. \u2013 Vi h\u00e5per at situasjonen blir bedre snart, sa butikkeier Ziad Bandak da.<br \/>\n        Bj\u00f8rn Olav Hammerstad\n    <\/p>\n<p>    Den Internasjonale Kristne Ambassade Jerusalem har ikke arrangert turer til Betlehem de siste fem \u00e5rene.\u00a0\u00a0<\/p>\n<p>Utenriksdepartement (UD) frar\u00e5der i disse dager alle reiser til Palestina med unntak av \u00d8st-Jerusalem, opplyser Guri Solberg,\u00a0kommunikasjonsr\u00e5dgiver for UD.<\/p>\n<p>\u2013 Avhengig av turisme<\/p>\n<p>En kilde som har v\u00e6rt i kontakt med Dagen, er bekymret for hva dette f\u00f8rer til for folket i Jesu f\u00f8deby, Betlehem som ligger p\u00e5 Vestbredden:<\/p>\n","protected":false},"excerpt":{"rendered":"KREVENDE: Dagen bes\u00f8kte Betlehem i 2024. \u2013 Vi h\u00e5per at situasjonen blir bedre snart, sa butikkeier Ziad Bandak&hellip;\n","protected":false},"author":2,"featured_media":112835,"comment_status":"","ping_status":"","sticky":false,"template":"","format":"standard","meta":{"footnotes":""},"categories":[12],"tags":[20,21,24,25,15,22,23,13,30,28,29,14,16,26,27,42,43,44,45],"class_list":{"0":"post-112834","1":"post","2":"type-post","3":"status-publish","4":"format-standard","5":"has-post-thumbnail","7":"category-verden","8":"tag-breaking-news","9":"tag-breakingnews","10":"tag-featured-news","11":"tag-featurednews","12":"tag-headlines","13":"tag-latest-news","14":"tag-latestnews","15":"tag-news","16":"tag-no","17":"tag-norge","18":"tag-norway","19":"tag-nyheter","20":"tag-overskrifter","21":"tag-top-stories","22":"tag-topstories","23":"tag-verden","24":"tag-world","25":"tag-world-news","26":"tag-worldnews"},"share_on_mastodon":{"url":"https:\/\/pubeurope.com\/@no\/115717189482410828","error":""},"_links":{"self":[{"href":"https:\/\/www.europesays.com\/no\/wp-json\/wp\/v2\/posts\/112834","targetHints":{"allow":["GET"]}}],"collection":[{"href":"https:\/\/www.europesays.com\/no\/wp-json\/wp\/v2\/posts"}],"about":[{"href":"https:\/\/www.europesays.com\/no\/wp-json\/wp\/v2\/types\/post"}],"author":[{"embeddable":true,"href":"https:\/\/www.europesays.com\/no\/wp-json\/wp\/v2\/users\/2"}],"replies":[{"embeddable":true,"href":"https:\/\/www.europesays.com\/no\/wp-json\/wp\/v2\/comments?post=112834"}],"version-history":[{"count":0,"href":"https:\/\/www.europesays.com\/no\/wp-json\/wp\/v2\/posts\/112834\/revisions"}],"wp:featuredmedia":[{"embeddable":true,"href":"https:\/\/www.europesays.com\/no\/wp-json\/wp\/v2\/media\/112835"}],"wp:attachment":[{"href":"https:\/\/www.europesays.com\/no\/wp-json\/wp\/v2\/media?parent=112834"}],"wp:term":[{"taxonomy":"category","embeddable":true,"href":"https:\/\/www.europesays.com\/no\/wp-json\/wp\/v2\/categories?post=112834"},{"taxonomy":"post_tag","embeddable":true,"href":"https:\/\/www.europesays.com\/no\/wp-json\/wp\/v2\/tags?post=112834"}],"curies":[{"name":"wp","href":"https:\/\/api.w.org\/{rel}","templated":true}]}}