{"id":112838,"date":"2025-12-14T09:29:09","date_gmt":"2025-12-14T09:29:09","guid":{"rendered":"https:\/\/www.europesays.com\/no\/112838\/"},"modified":"2025-12-14T09:29:09","modified_gmt":"2025-12-14T09:29:09","slug":"dette-er-det-ikke-ok-a-gjore-pa-flyet","status":"publish","type":"post","link":"https:\/\/www.europesays.com\/no\/112838\/","title":{"rendered":"Dette er det ikke ok \u00e5 gj\u00f8re p\u00e5 flyet"},"content":{"rendered":"<p><strong>Det \u00e5 reise med fly har etter hvert blitt et m\u00f8te med stadig nye regler. <\/strong><\/p>\n<p>Ogs\u00e5 for bruk av bagasjehyllene er det egne regler.<\/p>\n<p>Reglene blir kabinansatte stadig mer opptatt av at reisende skal f\u00f8lge, for \u00e5 sikre at bagasjehyllen blir brukt til det de skal \u2013 oppbevare bagasje i.<\/p>\n<p>Plassen i bagasjehyllene er begrenset. <\/p>\n<p>Det er en kjennsgjerning at de fleste fly har plass til langt f\u00e6rre eiendeler enn antall passasjerer. Derfor \u00f8nsker selskapene at passasjerene bruker plassen effektivt.<\/p>\n<p>Ikke god skikk<\/p>\n<p>Ansatte i flybransjen forteller med jevne mellomrom om hvordan denne bagasjeplassen egentlig skal brukes.<\/p>\n<p>Blant annet forteller en tidligere kabinansatt til avisen <a href=\"https:\/\/www.travelandleisure.com\/best-way-to-stow-bags-on-a-plane-according-to-flight-attendant-11803540\" rel=\"nofollow noopener\" target=\"_blank\">Business Insider , <\/a>at det ikke lenger er god skikk \u00e5 legge ytterkl\u00e6r i bagasjehyllen.<\/p>\n<p>Disse tar mye plass, og gj\u00f8r det vanskeligere for andre reisende \u00e5 finne plass til sin h\u00e5ndbagasje der. <\/p>\n<p>If\u00f8lge flyansatte har det aldri v\u00e6rt meningen at ytterkl\u00e6r skal inn i hyllen. De kan heller plasseres under setet til den som sitter foran.<\/p>\n<p>Begrenset plass<\/p>\n<p>Dessuten, p\u00e5peker kabinkolleger, er det uhygienisk \u00e5 presse yttert\u00f8yet sitt inn bagasjehyllen. Dette fordi det ofte er mye skitt p\u00e5 trillekoffertene som ligger igjen etter tidligere reisende.<\/p>\n<p>En annen regel flyansatte trekker frem er hvordan reisende plasserer sine trillekofferter i bagasjehyllen.<\/p>\n<p>Det er sterkt begrenset plass. For \u00e5 sikre at s\u00e5 mange som mulig f\u00e5r plass til sin h\u00e5ndbagasje, blir reisende bedt om \u00e5 skyve koffertene inn vertikalt, der hyllene er h\u00f8ye nok for det.<\/p>\n<p>Ikke plage medreisende<\/p>\n<p>For mange vil dette si at hjulene ogs\u00e5 settes inn f\u00f8rst. <\/p>\n<p>En annen anbefaling er \u00e5 unng\u00e5 \u00e5 plage medreisende.<\/p>\n<p>Den g\u00e5r ut p\u00e5 \u00e5 ta ut alt man m\u00e5tte trenge under reisen f\u00f8r avgang, det v\u00e6re seg medisiner eller elektronisk underholdningsutstyr. <\/p>\n<p>S\u00e5 slipper de som sitter ved siden av deg \u00e5 m\u00e5tte reise seg for deg under flyvningen.<\/p>\n<p>\u00abDu er ikke alene\u00bb<\/p>\n<p>Daniel Campton er kabinansatt hos SAS-partner Delta Air Lines i USA.<\/p>\n<p>Overfor avisen <a href=\"https:\/\/www.travelandleisure.com\/best-way-to-stow-bags-on-a-plane-according-to-flight-attendant-11803540\" rel=\"nofollow noopener\" target=\"_blank\">Travel + Leisure<\/a> har han en innstendig oppfordring til passasjerer. Det som en generell regel n\u00e5r det gjelder \u00e5 presse inn s\u00e5 mye som mulig av egen bagasje i bagasjehyllene:<\/p>\n<p>\u2013 Bagasjehyllene er et felles omr\u00e5de, s\u00e5 ideelt sett kan du plassere h\u00e5ndbagasjen over ditt eget sete. Det er ogs\u00e5 viktig \u00e5 v\u00e6re oppmerksom p\u00e5 andre passasjerer, n\u00e5r du oppbevarer bagasjen. Ikke ta opp mer plass enn n\u00f8dvendig, sier han.<\/p>\n","protected":false},"excerpt":{"rendered":"Det \u00e5 reise med fly har etter hvert blitt et m\u00f8te med stadig nye regler. Ogs\u00e5 for bruk&hellip;\n","protected":false},"author":2,"featured_media":112839,"comment_status":"","ping_status":"","sticky":false,"template":"","format":"standard","meta":{"footnotes":""},"categories":[12],"tags":[20,21,24,25,15,22,23,13,30,28,29,14,16,26,27,42,43,44,45],"class_list":{"0":"post-112838","1":"post","2":"type-post","3":"status-publish","4":"format-standard","5":"has-post-thumbnail","7":"category-verden","8":"tag-breaking-news","9":"tag-breakingnews","10":"tag-featured-news","11":"tag-featurednews","12":"tag-headlines","13":"tag-latest-news","14":"tag-latestnews","15":"tag-news","16":"tag-no","17":"tag-norge","18":"tag-norway","19":"tag-nyheter","20":"tag-overskrifter","21":"tag-top-stories","22":"tag-topstories","23":"tag-verden","24":"tag-world","25":"tag-world-news","26":"tag-worldnews"},"share_on_mastodon":{"url":"https:\/\/pubeurope.com\/@no\/115717220771727662","error":""},"_links":{"self":[{"href":"https:\/\/www.europesays.com\/no\/wp-json\/wp\/v2\/posts\/112838","targetHints":{"allow":["GET"]}}],"collection":[{"href":"https:\/\/www.europesays.com\/no\/wp-json\/wp\/v2\/posts"}],"about":[{"href":"https:\/\/www.europesays.com\/no\/wp-json\/wp\/v2\/types\/post"}],"author":[{"embeddable":true,"href":"https:\/\/www.europesays.com\/no\/wp-json\/wp\/v2\/users\/2"}],"replies":[{"embeddable":true,"href":"https:\/\/www.europesays.com\/no\/wp-json\/wp\/v2\/comments?post=112838"}],"version-history":[{"count":0,"href":"https:\/\/www.europesays.com\/no\/wp-json\/wp\/v2\/posts\/112838\/revisions"}],"wp:featuredmedia":[{"embeddable":true,"href":"https:\/\/www.europesays.com\/no\/wp-json\/wp\/v2\/media\/112839"}],"wp:attachment":[{"href":"https:\/\/www.europesays.com\/no\/wp-json\/wp\/v2\/media?parent=112838"}],"wp:term":[{"taxonomy":"category","embeddable":true,"href":"https:\/\/www.europesays.com\/no\/wp-json\/wp\/v2\/categories?post=112838"},{"taxonomy":"post_tag","embeddable":true,"href":"https:\/\/www.europesays.com\/no\/wp-json\/wp\/v2\/tags?post=112838"}],"curies":[{"name":"wp","href":"https:\/\/api.w.org\/{rel}","templated":true}]}}