{"id":112842,"date":"2025-12-14T09:45:12","date_gmt":"2025-12-14T09:45:12","guid":{"rendered":"https:\/\/www.europesays.com\/no\/112842\/"},"modified":"2025-12-14T09:45:12","modified_gmt":"2025-12-14T09:45:12","slug":"yr-vegtrafikksentralen-fare-for-is-pa-grunn-av-underkjolt-regn-vanskelige-kjoreforhold","status":"publish","type":"post","link":"https:\/\/www.europesays.com\/no\/112842\/","title":{"rendered":"Yr , Vegtrafikksentralen | Fare for is p\u00e5 grunn av underkj\u00f8lt regn: \u2013\u00a0Vanskelige kj\u00f8reforhold"},"content":{"rendered":"\n<p><b>NAMDALEN<\/b>: S\u00f8ndag morgen og formiddag er det lokal fare for is p\u00e5 grunn av underkj\u00f8lt regn.<\/p>\n<p>\u2013 Det kan v\u00e6re lokalt vanskelige kj\u00f8reforhold. Transporttjenester kan ogs\u00e5 bli p\u00e5virket. Beregn ekstra tid til transport og kj\u00f8ring. Bruk riktige dekk og kj\u00f8r etter forholdene, skriver Yr.<\/p>\n<p>\u2013 Vurder bruk av brodder<\/p>\n<p>De har sendt ut gult farevarsel for is i blant annet Grong, Namsskogan, R\u00f8yrvik, Overhalla, Lierne, Sn\u00e5sa og Skorovatn.<\/p>\n<p>Vegbanen kan lokalt bli dekket av v\u00e5t is, og det er fare for h\u00e5lkef\u00f8re.<\/p>\n<p>\u2013 Tilpass farten og kj\u00f8r etter forholdene. Vurder bruk av brodder eller piggsko. V\u00e6r oppmerksom p\u00e5 at isen kan v\u00e6re vanskelig \u00e5 se, oppfordres det.<\/p>\n<p>   <img decoding=\"async\" width=\"1604\" height=\"900\" fetchpriority=\"low\"  loading=\"lazy\"  src=\"https:\/\/www.europesays.com\/no\/wp-content\/uploads\/2025\/12\/Skjermbilde+2025-12-14+kl.+09.05.02.png\" alt=\"\" class=\"brick-c-cFOWSL\" style=\"--brick-image-ratio: 1604 \/ 900;\"\/><\/p>\n<p>      FARE: \u2013 V\u00e6r oppmerksom p\u00e5 at isen kan v\u00e6re vanskelig \u00e5 se, skriver Yr.<br \/>\n      Foto: Yr\n    <\/p>\n<p>Erlend Karlsen, trafikkoperat\u00f8r i Vegtrafikksentralen, forteller at det er viktig \u00e5 bruke tid og holde avstand hvis man skal ut i trafikken.<\/p>\n<p>\u2013 Det er ikke lett. Det fryser p\u00e5 natta, regner p\u00e5 morgenen og fryser igjen. Det blir jo krevende, og vanskelig \u00e5 f\u00f8lge opp n\u00e5r det er skiftende forhold. Det kan v\u00e6re en utfordrende \u00e5rstid, sier han.<\/p>\n<p>De siste dagene har det lagt seg en del sn\u00f8 p\u00e5 tr\u00e6r rundt Steinkjer og Namdalseid, kan han fortelle.<\/p>\n<p>\u2013 Det var veldig mye i l\u00f8pet av b\u00e5de fredag og l\u00f8rdag.<\/p>\n<p>Han ser ikke bort ifra at det kan dukke opp noen hendelser i l\u00f8pet av dagen.<\/p>\n<p>\u2013 Man kan jo h\u00e5pe at det blir litt mer stabile forhold fremover, men det ser ikke slik ut, sier Karlsen.<\/p>\n<p>Gult farevarsel for storm<\/p>\n<p>I R\u00f8rvik er det ogs\u00e5 sendt ut gult farevarsel for storm p\u00e5 hav og kyst.<\/p>\n<p>\u2013 Fra l\u00f8rdag formiddag s\u00f8r\u00f8stlig stiv kuling 15 m\/s utsatte steder, fra s\u00f8ndag morgen periodevis liten storm 22 m\/s, skriver Yr.<\/p>\n<p>Det meldes om middels h\u00f8ye b\u00f8lger, og at b\u00f8lgekammene er ved \u00e5 brytes opp til sj\u00f8rokk.<\/p>\n<p>\u2013 Det kan v\u00e6re farlig \u00e5 v\u00e6re ute i sm\u00e5b\u00e5t, skriver Yr.<\/p>\n<p>De skriver ogs\u00e5 at faren \u00f8ker fra klokka 11.<\/p>\n<p>Dette er dagens tekstvarsel for Tr\u00f8ndelag:<\/p>\n<p>\u00abS\u00f8r og s\u00f8r\u00f8st stiv eller sterk kuling utsatte steder, i formiddag dreiende s\u00f8rvest, i kveld liten kuling og minkende. Skyet. Regn og regnbyger, utrygt for underkj\u00f8lt regn i indre str\u00f8k i nord. Fra i ettermiddag stort sett oppholdsv\u00e6r, i kveld litt regn i ytre str\u00f8k.\u00bb<\/p>\n","protected":false},"excerpt":{"rendered":"NAMDALEN: S\u00f8ndag morgen og formiddag er det lokal fare for is p\u00e5 grunn av underkj\u00f8lt regn. \u2013 Det&hellip;\n","protected":false},"author":2,"featured_media":112843,"comment_status":"","ping_status":"","sticky":false,"template":"","format":"standard","meta":{"footnotes":""},"categories":[10],"tags":[36,20,21,24,25,13761,1064,15,11746,22,23,8354,13551,13,30,28,29,14,7401,16,13762,13763,1510,26,27,224,12764,3867,13760],"class_list":{"0":"post-112842","1":"post","2":"type-post","3":"status-publish","4":"format-standard","5":"has-post-thumbnail","7":"category-norge","8":"tag-art","9":"tag-breaking-news","10":"tag-breakingnews","11":"tag-featured-news","12":"tag-featurednews","13":"tag-glatt-vegbane","14":"tag-grong","15":"tag-headlines","16":"tag-kjoreforhold","17":"tag-latest-news","18":"tag-latestnews","19":"tag-lierne","20":"tag-namsskogan","21":"tag-news","22":"tag-no","23":"tag-norge","24":"tag-norway","25":"tag-nyheter","26":"tag-overhalla","27":"tag-overskrifter","28":"tag-royrvik","29":"tag-skorovatn","30":"tag-story","31":"tag-top-stories","32":"tag-topstories","33":"tag-trafikk","34":"tag-underkjolt-regn","35":"tag-vegtrafikksentralen","36":"tag-yr"},"share_on_mastodon":{"url":"https:\/\/pubeurope.com\/@no\/115717283986873360","error":""},"_links":{"self":[{"href":"https:\/\/www.europesays.com\/no\/wp-json\/wp\/v2\/posts\/112842","targetHints":{"allow":["GET"]}}],"collection":[{"href":"https:\/\/www.europesays.com\/no\/wp-json\/wp\/v2\/posts"}],"about":[{"href":"https:\/\/www.europesays.com\/no\/wp-json\/wp\/v2\/types\/post"}],"author":[{"embeddable":true,"href":"https:\/\/www.europesays.com\/no\/wp-json\/wp\/v2\/users\/2"}],"replies":[{"embeddable":true,"href":"https:\/\/www.europesays.com\/no\/wp-json\/wp\/v2\/comments?post=112842"}],"version-history":[{"count":0,"href":"https:\/\/www.europesays.com\/no\/wp-json\/wp\/v2\/posts\/112842\/revisions"}],"wp:featuredmedia":[{"embeddable":true,"href":"https:\/\/www.europesays.com\/no\/wp-json\/wp\/v2\/media\/112843"}],"wp:attachment":[{"href":"https:\/\/www.europesays.com\/no\/wp-json\/wp\/v2\/media?parent=112842"}],"wp:term":[{"taxonomy":"category","embeddable":true,"href":"https:\/\/www.europesays.com\/no\/wp-json\/wp\/v2\/categories?post=112842"},{"taxonomy":"post_tag","embeddable":true,"href":"https:\/\/www.europesays.com\/no\/wp-json\/wp\/v2\/tags?post=112842"}],"curies":[{"name":"wp","href":"https:\/\/api.w.org\/{rel}","templated":true}]}}