{"id":112844,"date":"2025-12-14T09:47:11","date_gmt":"2025-12-14T09:47:11","guid":{"rendered":"https:\/\/www.europesays.com\/no\/112844\/"},"modified":"2025-12-14T09:47:11","modified_gmt":"2025-12-14T09:47:11","slug":"fenomenalt","status":"publish","type":"post","link":"https:\/\/www.europesays.com\/no\/112844\/","title":{"rendered":"&#8211; Fenomenalt"},"content":{"rendered":"<p>DAVOS\/OSLO (Dagbladet): SISTE: Einar Hedegart har tatt ledelsen i m\u00e5l, 11,1 sekunder foran Harald \u00d8stberg Amundsen.<\/p>\n<p>&#8211; Du verden for et l\u00f8p av Einar Hedegart! Det er et nytt superl\u00f8p, konstaterer Viaplay-kommentator Jan Christian Bj\u00f8rn.\u00a0<\/p>\n<p>&#8211; Det er voldsomt imponerende, sa Viaplay-ekspert Niklas Dyrhaug.<\/p>\n<p>Ogs\u00e5 p\u00e5 NRK lot kommentatorene seg begeistre.<\/p>\n<p>&#8211; Send denne mannen til OL, sier NRK-kommentator Torgeir Bj\u00f8rn.\u00a0<\/p>\n<p>&#8211; Han g\u00e5r fenomenalt, sier ekspertkollega Fredrik Aukland.\u00a0<\/p>\n<p>Det er trolig bare Johannes H\u00f8sflot Kl\u00e6bo og Andreas Fjorden Ree som har sjanse p\u00e5 tiden til Hedegart, men de ligger begge et godt stykke bak uti l\u00f8ypa.\u00a0<\/p>\n<p>For Andreas Fjorden Ree har oppladningen v\u00e6rt alt annet enn optimal. Viaplay-kommentatorene avsl\u00f8rer at det har v\u00e6rt en dramatisk uke for mannen som ble nummer to i Trondheim forrige uke. Fjorden Ree m\u00e5tte nemlig en tur til den sveitsiske tannlegen med tannverk. <\/p>\n<p>Det har ogs\u00e5 v\u00e6rt knyttet spenning til Saveliy Korostelev, som debuterer i verdenscupsammenheng denne helga. Det er f\u00f8rste gang siden 2022 at russere f\u00e5r delta i verdenscup, riktignok under n\u00f8ytralt flagg.<\/p>\n<p>Russeren ligger h\u00f8yt oppe p\u00e5 listene p\u00e5 \u00e5pningspunktet.\u00a0<\/p>\n<p>&#8211; Pang\u00e5pning, konstaterte Viaplay-kommentator Jan Christian Bj\u00f8rn da russeren passerte.\u00a0<\/p>\n<p>Korostelev r\u00f8k ut i prologen under l\u00f8rdagens sprint, men etter rennet lanserte han seg selv som en medaljekandidat p\u00e5 distanse overfor <a href=\"https:\/\/www.dagbladet.no\/sport\/tilbake-tar-dem-imot-med-apne-armer\/83980055\" target=\"_blank\" rel=\"nofollow noopener\">Dagbladet<\/a>. Det virker imidlertid som russeren har f\u00e5tt det t\u00f8ffere utover i l\u00f8pet, og 22-\u00e5ringen er godt over minuttet bak Hedegart i m\u00e5l.<\/p>\n<p>Kl\u00e6bo etter sjokk-exiten: &#8211; Jeg blir glad\t<\/p>\n<p>Kl\u00e6bo var rasende etter \u00e5 ha r\u00f8ket ut i kvartfinalen p\u00e5 g\u00e5rsdagens sprint. Tr\u00f8nderen snakket ikke med media, og forsvant fort til hotellet.<\/p>\n<p>S\u00f8ndag morgen m\u00f8tte han Viaplay f\u00f8r herrenes 10 kilometer fristil. Det var en prega Kl\u00e6bo som stilte til intervju.\u00a0<\/p>\n<p>\u00a0&#8211; Hva skjedde i g\u00e5r?<\/p>\n<p class=\"no_italic m-no_italic\" data-lab-italic=\"\">\u00a0&#8211; Det vet jeg ikke. Det var mye som skjedde. Ingenting som stemte, s\u00e5 det var bare s\u00e5nn det var, sa Kl\u00e6bo.\u00a0<\/p>\n<p class=\"no_italic m-no_italic\" data-lab-italic=\"\">P\u00e5 sp\u00f8rsm\u00e5l om hva som skjedde inni ham etter fadesen, svarer han sarkastisk:<\/p>\n<p class=\"no_italic m-no_italic\" data-lab-italic=\"\">&#8211; Jeg blir glad, koser meg og elsker livet.\u00a0<\/p>\n<p class=\"no_italic m-no_italic\" data-lab-italic=\"\">29-\u00e5ringen r\u00f8per ogs\u00e5 hva han gjorde etter sjokk-exiten.\u00a0<\/p>\n<p class=\"no_italic m-no_italic\" data-lab-italic=\"\">&#8211; Jeg gikk tilbake og trente. Jeg l\u00f8p. Det var det eneste jeg gjorde, svarer han kort, f\u00f8r han sier at han er usikker p\u00e5 om han har klart \u00e5 nullstille og at g\u00e5rsdagen kommer til \u00e5 sitte i en stund.\u00a0<\/p>\n<p>Viktig konkurranse\t<\/p>\n<p class=\"no_italic m-no_italic\" data-lab-italic=\"\">10 kilometer fri teknikk er OL-\u00f8velse, og s\u00f8ndagens renn er viktig med tanke p\u00e5 OL-uttaket. Norge har fire plasser til \u00f8velsen i OL, og det er enorm konkurranse om plassene. Simen Hegstad Kr\u00fcger er for eksempel ikke tatt ut til dagens renn i Davos.<\/p>\n<p class=\"no_italic m-no_italic\" data-lab-italic=\"\">Harald \u00d8stberg Amundsen og Johannes H\u00f8sflot Kl\u00e6bo regnes som sikre p\u00e5 laget, mens Einar Hedegart posisjonerte seg godt for en billett da han vant distansen i Trondheim forrige helg.<\/p>\n<p class=\"no_italic m-no_italic\" data-lab-italic=\"\">Kl\u00e6bo har 100 verdenscupseiere, men ingen av dem har kommet p\u00e5 10 kilometer fri teknikk.\u00a0<\/p>\n<p class=\"no_italic m-no_italic\" data-lab-italic=\"\">Herrenes 10-kilometer begynner klokka 09.50. Dagbladet f\u00f8lger rennet i denne saken.\u00a0<\/p>\n<p class=\"no_italic m-no_italic\" data-lab-italic=\"\">Disse g\u00e5r for Norge (startnummer i parentes):\u00a0<\/p>\n<ul>\n<li class=\"lab-bodytext-line\">Iver Tildheim Andersen (39)<\/li>\n<li class=\"lab-bodytext-line\">Einar Hedegart (44)<\/li>\n<li class=\"lab-bodytext-line\">Harald \u00d8stberg Amundsen (46)<\/li>\n<li class=\"lab-bodytext-line\">Emil Iversen (50)<\/li>\n<li class=\"lab-bodytext-line\">Mattis Stenshagen (52)<\/li>\n<li class=\"lab-bodytext-line\">Martin L\u00f8wstr\u00f8m Nyenget (60)<\/li>\n<li class=\"lab-bodytext-line\">Johannes H\u00f8sflot Kl\u00e6bo (66)<\/li>\n<li class=\"lab-bodytext-line\">Andreas Fjorden Ree (70)<\/li>\n<\/ul>\n","protected":false},"excerpt":{"rendered":"DAVOS\/OSLO (Dagbladet): SISTE: Einar Hedegart har tatt ledelsen i m\u00e5l, 11,1 sekunder foran Harald \u00d8stberg Amundsen. &#8211; Du&hellip;\n","protected":false},"author":2,"featured_media":112821,"comment_status":"","ping_status":"","sticky":false,"template":"","format":"standard","meta":{"footnotes":""},"categories":[59],"tags":[711,398,30,28,29,83,82,399],"class_list":{"0":"post-112844","1":"post","2":"type-post","3":"status-publish","4":"format-standard","5":"has-post-thumbnail","7":"category-sport","8":"tag-johannes-hosflot-klaebo","9":"tag-langrenn","10":"tag-no","11":"tag-norge","12":"tag-norway","13":"tag-sport","14":"tag-sports","15":"tag-vintersport"},"share_on_mastodon":{"url":"https:\/\/pubeurope.com\/@no\/115717291596167693","error":""},"_links":{"self":[{"href":"https:\/\/www.europesays.com\/no\/wp-json\/wp\/v2\/posts\/112844","targetHints":{"allow":["GET"]}}],"collection":[{"href":"https:\/\/www.europesays.com\/no\/wp-json\/wp\/v2\/posts"}],"about":[{"href":"https:\/\/www.europesays.com\/no\/wp-json\/wp\/v2\/types\/post"}],"author":[{"embeddable":true,"href":"https:\/\/www.europesays.com\/no\/wp-json\/wp\/v2\/users\/2"}],"replies":[{"embeddable":true,"href":"https:\/\/www.europesays.com\/no\/wp-json\/wp\/v2\/comments?post=112844"}],"version-history":[{"count":0,"href":"https:\/\/www.europesays.com\/no\/wp-json\/wp\/v2\/posts\/112844\/revisions"}],"wp:featuredmedia":[{"embeddable":true,"href":"https:\/\/www.europesays.com\/no\/wp-json\/wp\/v2\/media\/112821"}],"wp:attachment":[{"href":"https:\/\/www.europesays.com\/no\/wp-json\/wp\/v2\/media?parent=112844"}],"wp:term":[{"taxonomy":"category","embeddable":true,"href":"https:\/\/www.europesays.com\/no\/wp-json\/wp\/v2\/categories?post=112844"},{"taxonomy":"post_tag","embeddable":true,"href":"https:\/\/www.europesays.com\/no\/wp-json\/wp\/v2\/tags?post=112844"}],"curies":[{"name":"wp","href":"https:\/\/api.w.org\/{rel}","templated":true}]}}