{"id":112847,"date":"2025-12-14T09:59:22","date_gmt":"2025-12-14T09:59:22","guid":{"rendered":"https:\/\/www.europesays.com\/no\/112847\/"},"modified":"2025-12-14T09:59:22","modified_gmt":"2025-12-14T09:59:22","slug":"funn-av-dod-person-i-trondelag-etterforskes-som-drap","status":"publish","type":"post","link":"https:\/\/www.europesays.com\/no\/112847\/","title":{"rendered":"Funn av d\u00f8d person i Tr\u00f8ndelag \u2013 etterforskes som drap"},"content":{"rendered":"\n<p class=\"_lead_o9xde_2 _lead_xtcu6_50 layout-component text-serif-m layout-normal text-serif-l layout-component layout-wide layout-padded _wide_17hqh_1 layout-padded\">Den avd\u00f8de kvinnen ble funnet utend\u00f8rs av et vitne, som varslet politiet. <\/p>\n<p><img alt=\" Foto: Joakim Halvorsen \/ NTB\" class=\"_image_qp4xg_65 layout-component layout-wide\" data-fullscreen- data-track-element-type=\"Article image fullscreen\" data-track-name=\"ImageFullscreen\" fetchpriority=\"high\" decoding=\"sync\" loading=\"eager\" height=\"988\" itemprop=\"image\"  src=\"https:\/\/www.europesays.com\/no\/wp-content\/uploads\/2025\/12\/5f3d398f-79cf-4e42-81ec-6a51063dac2c\"  style=\"object-position:0% 0%\" width=\"1482\"\/> Foto: Joakim Halvorsen \/ NTB Oppdatert s\u00f8ndag 14. desember kl. 08:04    <\/p>\n<ul class=\"_list_o9xde_3 _list_64s2r_85 _unordered_o9xde_106 text-sans-m\">\n<li class=\"_item_o9xde_30\">En mann er p\u00e5grepet og siktet for drap etter funn av en livl\u00f8s kvinne i Orkland kommune.<\/li>\n<li class=\"_item_o9xde_30\">Politiet har kriminalteknikere p\u00e5 stedet og gjennomf\u00f8rer vitneavh\u00f8r.<\/li>\n<\/ul>\n<p>Vis mer <\/p>\n<p class=\"_paragraph_o9xde_4 _paragraph_xtcu6_10 layout-component text-serif-m layout-normal text-serif-m layout-padded\">En mann er p\u00e5grepet og siktet for drap etter at en kvinne ble funnet d\u00f8d utend\u00f8rs i Orkland l\u00f8rdag kveld. <\/p>\n<p class=\"_paragraph_o9xde_4 _paragraph_xtcu6_10 layout-component text-serif-m layout-normal text-serif-m layout-padded\">\u2013 Kriminalteknikere er fremme p\u00e5 stedet, og i gang med \u00e5stedsunders\u00f8kelse. Vi har iverksatt rundsp\u00f8rring i n\u00e6rliggende boliger, og gjennomf\u00f8rer avh\u00f8r av vitner, skriver politiet i en oppdatering natt til s\u00f8ndag. <\/p>\n<p class=\"_paragraph_o9xde_4 _paragraph_xtcu6_10 layout-component text-serif-m layout-normal text-serif-m layout-padded\">Det var et vitne som oppdaget den avd\u00f8de kvinnen og varslet politiet ved 21-tiden l\u00f8rdag kveld. <\/p>\n<p class=\"_paragraph_o9xde_4 _paragraph_xtcu6_10 layout-component text-serif-m layout-normal text-serif-m layout-padded\">\u2013 Politiet understreker at etterforskningen er inne i en tidlig fase og vi jobber med \u00e5 kartlegge hva som har skjedd og hele hendelsesforl\u00f8pet, sier Ole Andreas Aftret, politiadvokat i Tr\u00f8ndelag politidistrikt.<\/p>\n<p class=\"_paragraph_o9xde_4 _paragraph_xtcu6_10 layout-component text-serif-m layout-normal text-serif-m layout-padded\">Politiet sperret av et st\u00f8rre omr\u00e5de rundt funnstedet l\u00f8rdag kveld. <\/p>\n<p>\u2013 Mest sannsynlig drap<\/p>\n<p class=\"_paragraph_o9xde_4 _paragraph_xtcu6_10 layout-component text-serif-m layout-normal text-serif-m layout-padded\">Politiet har forel\u00f8pig ikke g\u00e5tt ut med alder eller andre detaljer om de involverte. <\/p>\n<p><img alt=\"Foto: Joakim Halvorsen \/ NTB\" class=\"_image_qp4xg_65 layout-component layout-normal\" data-fullscreen- data-track-element-type=\"Article image fullscreen\" data-track-name=\"ImageFullscreen\" decoding=\"async\" loading=\"lazy\" height=\"1080\" itemprop=\"image\"  src=\"https:\/\/www.europesays.com\/no\/wp-content\/uploads\/2025\/12\/90247c7c-7bc8-475f-96ec-67712324a6cd\"  style=\"object-position:0% 0%\" width=\"1620\"\/>Foto: Joakim Halvorsen \/ NTB<\/p>\n<p class=\"_paragraph_o9xde_4 _paragraph_xtcu6_10 layout-component text-serif-m layout-normal text-serif-m layout-padded\">Politiet meldte l\u00f8rdag kveld at omstendighetene rundt d\u00f8dsfallet gjorde at de etterforsker dette som et mulig drap. De p\u00e5r\u00f8rende er varslet om d\u00f8dsfallet. <\/p>\n<p class=\"_paragraph_o9xde_4 _paragraph_xtcu6_10 layout-component text-serif-m layout-normal text-serif-m layout-padded\">\u2013 Det er mest sannsynlig et drap slik saken fremst\u00e5r n\u00e5. Jeg \u00f8nsker ikke \u00e5 si noe om hvilke skader kvinnen har eller hvordan politiet mener de er p\u00e5f\u00f8rt, forteller han til VG.<\/p>\n<p class=\"_paragraph_o9xde_4 _paragraph_xtcu6_10 layout-component text-serif-m layout-normal text-serif-m layout-padded\">\u2013 Er det synlige skader? <\/p>\n<p class=\"_paragraph_o9xde_4 _paragraph_xtcu6_10 layout-component text-serif-m layout-normal text-serif-m layout-padded\">\u2013 Det er tegn til vold p\u00e5 stedet. Det vil bli foretatt obduksjon av den avd\u00f8de.<\/p>\n<p>P\u00e5grepet hjemme<\/p>\n<p class=\"_paragraph_o9xde_4 _paragraph_xtcu6_10 layout-component text-serif-m layout-normal text-serif-m layout-padded\">Mannen ble p\u00e5grepet og siktet for drap natt til s\u00f8ndag. <\/p>\n<p class=\"_paragraph_o9xde_4 _paragraph_xtcu6_10 layout-component text-serif-m layout-normal text-serif-m layout-padded\">Aftret opplyser at mannen ble p\u00e5grepet hjemme hos seg selv. <\/p>\n<p class=\"_paragraph_o9xde_4 _paragraph_xtcu6_10 layout-component text-serif-m layout-normal text-serif-m layout-padded\">Mannen er i politiets varetekt og vil trolig bli fremstilt for varetektsfengsling s\u00f8ndag eller mandag. Siktede vil f\u00e5 oppnevnt forsvarer.<\/p>\n<p class=\"_paragraph_o9xde_4 _paragraph_xtcu6_10 layout-component text-serif-m layout-normal text-serif-m layout-padded\">\u2013 Er han kjent av politiet fra f\u00f8r?<\/p>\n<p class=\"_paragraph_o9xde_4 _paragraph_xtcu6_10 layout-component text-serif-m layout-normal text-serif-m layout-padded\">\u2013 Jeg \u00f8nsker ikke \u00e5 si noe om siktede, svarer politiadvokaten.<\/p>\n<p>    <img decoding=\"async\" alt=\"Tips oss illustrasjon\" src=\"https:\/\/www.europesays.com\/no\/wp-content\/uploads\/2025\/10\/pssst-small.webp.webp\"\/>    <\/p>\n<p class=\"title-serif-s\">Har du tips?<\/p>\n<p class=\"text-sans-m\">Send oss informasjon, bilder eller video.<\/p>\n<p>  <a href=\"https:\/\/www.vg.no\/tips-oss\" rel=\"nofollow noopener\" target=\"_blank\"> Tips oss <\/a>      <\/p>\n","protected":false},"excerpt":{"rendered":"Den avd\u00f8de kvinnen ble funnet utend\u00f8rs av et vitne, som varslet politiet. Foto: Joakim Halvorsen \/ NTB Oppdatert&hellip;\n","protected":false},"author":2,"featured_media":112848,"comment_status":"","ping_status":"","sticky":false,"template":"","format":"standard","meta":{"footnotes":""},"categories":[10],"tags":[31,20,21,377,24,25,15,22,23,13,30,28,29,14,13375,16,26,27,270],"class_list":{"0":"post-112847","1":"post","2":"type-post","3":"status-publish","4":"format-standard","5":"has-post-thumbnail","7":"category-norge","8":"tag-breaking","9":"tag-breaking-news","10":"tag-breakingnews","11":"tag-drap","12":"tag-featured-news","13":"tag-featurednews","14":"tag-headlines","15":"tag-latest-news","16":"tag-latestnews","17":"tag-news","18":"tag-no","19":"tag-norge","20":"tag-norway","21":"tag-nyheter","22":"tag-orkland-kommune","23":"tag-overskrifter","24":"tag-top-stories","25":"tag-topstories","26":"tag-trondelag"},"share_on_mastodon":{"url":"https:\/\/pubeurope.com\/@no\/115717339555600701","error":""},"_links":{"self":[{"href":"https:\/\/www.europesays.com\/no\/wp-json\/wp\/v2\/posts\/112847","targetHints":{"allow":["GET"]}}],"collection":[{"href":"https:\/\/www.europesays.com\/no\/wp-json\/wp\/v2\/posts"}],"about":[{"href":"https:\/\/www.europesays.com\/no\/wp-json\/wp\/v2\/types\/post"}],"author":[{"embeddable":true,"href":"https:\/\/www.europesays.com\/no\/wp-json\/wp\/v2\/users\/2"}],"replies":[{"embeddable":true,"href":"https:\/\/www.europesays.com\/no\/wp-json\/wp\/v2\/comments?post=112847"}],"version-history":[{"count":0,"href":"https:\/\/www.europesays.com\/no\/wp-json\/wp\/v2\/posts\/112847\/revisions"}],"wp:featuredmedia":[{"embeddable":true,"href":"https:\/\/www.europesays.com\/no\/wp-json\/wp\/v2\/media\/112848"}],"wp:attachment":[{"href":"https:\/\/www.europesays.com\/no\/wp-json\/wp\/v2\/media?parent=112847"}],"wp:term":[{"taxonomy":"category","embeddable":true,"href":"https:\/\/www.europesays.com\/no\/wp-json\/wp\/v2\/categories?post=112847"},{"taxonomy":"post_tag","embeddable":true,"href":"https:\/\/www.europesays.com\/no\/wp-json\/wp\/v2\/tags?post=112847"}],"curies":[{"name":"wp","href":"https:\/\/api.w.org\/{rel}","templated":true}]}}