{"id":112857,"date":"2025-12-14T10:08:11","date_gmt":"2025-12-14T10:08:11","guid":{"rendered":"https:\/\/www.europesays.com\/no\/112857\/"},"modified":"2025-12-14T10:08:11","modified_gmt":"2025-12-14T10:08:11","slug":"fenomenalt-2","status":"publish","type":"post","link":"https:\/\/www.europesays.com\/no\/112857\/","title":{"rendered":"&#8211; Fenomenalt"},"content":{"rendered":"<p>  Einar Hedegart (24) gikk et nytt superl\u00f8p og vant i Davos. Etterp\u00e5 kom han med en melding til kamera.\u00a0<\/p>\n<p>\n    DOMINERER: Einar Hedegart har vunnet to strake 10 kilometere i fri teknikk. Foto: Geir Olsen\/NTB\n  <\/p>\n<p>DAVOS\/OSLO (Dagbladet):\u00a0 Sensasjonsmannen Einar Hedegart kom til helgen i Davos som favoritt p\u00e5 10-kilometeren etter \u00e5 ha vunnet i Gran\u00e5sen forrige helg, og 24-\u00e5ringen innfridde til gangs. Til slutt vant han 11,1 sekunder foran Harald \u00d8stberg Amundsen.<\/p>\n<p>Hedegart l\u00e5 litt bak i innledningen, men fra fem kilometer og inn, var han overlegen.\u00a0<\/p>\n<p>&#8211; Du verden for et l\u00f8p av Einar Hedegart! Det er et nytt superl\u00f8p, konstaterer Viaplay-kommentator Jan Christian Bj\u00f8rn.\u00a0<\/p>\n<p>&#8211; Det er voldsomt imponerende, sa Viaplay-ekspert Niklas Dyrhaug.<\/p>\n<p>Ogs\u00e5 p\u00e5 NRK lot kommentatorene seg begeistre.<\/p>\n<p>&#8211; Send denne mannen til OL, sier NRK-kommentator Torgeir Bj\u00f8rn.\u00a0<\/p>\n<p>&#8211; Han g\u00e5r fenomenalt, sier ekspertkollega Fredrik Aukland.\u00a0<\/p>\n<p>Ti av ti\t<\/p>\n<p>Selv var seiersherren enda mer forn\u00f8yd enn han var i Gran\u00e5sen for en uke siden<\/p>\n<p>&#8211; Jeg tror faktisk jeg er mer forn\u00f8yd med min andree verdenscupseier enn min f\u00f8rste. Dette var et ti av ti-l\u00f8p. Det er s\u00e5nn her jeg vil vinne. Jeg vil ikke bare vinne med 0,4 sekunder. Jeg vil knuse de andre. Det var s\u00e5 sykt deilig, sier Hedegart til Viaplay.\u00a0<\/p>\n<p>&#8211; Jeg fikk vist det jeg er god for. Jeg kjente p\u00e5 andrerunden at det l\u00f8snet s\u00e5 sykt, og jeg fikk ekstremt gode sekunderinger. Det er akkurat s\u00e5nn her jeg vil l\u00f8se skirenn, fortsetter den tidligere skiskytteren.\u00a0<\/p>\n<p>Hedegart forteller at han ikke f\u00f8lte seg p\u00e5 topp i morges, og har holdt seg unna folk.\u00a0<\/p>\n<p>&#8211; Jeg v\u00e5knet med s\u00e5r hals i morges. Jeg har ikke hatt s\u00e5r hals siden april, s\u00e5 jeg trodde det var sykdom p\u00e5 vei, sier han.\u00a0<\/p>\n<p>        KUNSTIG INTELLIGENS: B\u00e5de langrennsstjerner fra Norge og Russland bruker KI, men p\u00e5 veldig forskjellige m\u00e5ter. Video: @langrenssgutta\/@san_sanych_bolshunov, Schjesvold\/S\u00f8r\u00f8 Olsen\/Dagbladet TV-sporten<\/p>\n<p>Forrige uke vekket Hedegart oppsikt da han m\u00e5tte til juryen etter \u00e5 ha livestreamet fra lederstolen. Denne gangen n\u00f8yde han seg med en melding til kamera.<\/p>\n<p>&#8211; Hedegart mot resten. Ja da! kunne man h\u00f8re seiersherren si.\u00a0<\/p>\n<p>Det ligger an til \u00e5 bli femdobbelt norsk, og sju nordmenn blant topp \u00e5tte. Harald \u00d8stberg Amundsen blir nummer to foran Mattis Stenshagen p\u00e5 tredje.<\/p>\n<p>Johannes H\u00f8sflot Kl\u00e6bo f\u00e5r den sure fjerdeplassen, mens Martin L\u00f8wstr\u00f8m Nyenget blir nummer fem. Emil Iversen og Andreas Fjorden Ree ligger an til \u00e5 bli nummer sju og \u00e5tte.\u00a0<\/p>\n<p>Kl\u00e6bo etter sjokk-exiten: &#8211; Jeg blir glad\t<\/p>\n<p>Kl\u00e6bo var rasende etter \u00e5 ha r\u00f8ket ut i kvartfinalen p\u00e5 g\u00e5rsdagens sprint. Tr\u00f8nderen snakket ikke med media, og forsvant fort til hotellet.<\/p>\n<p>S\u00f8ndag morgen m\u00f8tte han Viaplay f\u00f8r herrenes 10 kilometer fristil. Det var en prega Kl\u00e6bo som stilte til intervju.\u00a0<\/p>\n<p>\u00a0&#8211; Hva skjedde i g\u00e5r?<\/p>\n<p class=\"no_italic m-no_italic\" data-lab-italic=\"\">\u00a0&#8211; Det vet jeg ikke. Det var mye som skjedde. Ingenting som stemte, s\u00e5 det var bare s\u00e5nn det var, sa Kl\u00e6bo.\u00a0<\/p>\n<p>        <img loading=\"lazy\" decoding=\"async\" src=\"https:\/\/www.europesays.com\/no\/wp-content\/uploads\/2025\/12\/83981771.webp\" width=\"980\" height=\"559\" title=\"SKUFFET: Johannes H\u00f8sflot Kl\u00e6bo gikk en svak sprint. Foto: Geir Olsen \/ NTB\" alt=\"\" class=\"\" style=\"--aspect-ratio-image: 1.75; \"\/><\/p>\n<p>\n        SKUFFET: Johannes H\u00f8sflot Kl\u00e6bo gikk en svak sprint. Foto: Geir Olsen \/ NTB\n    <\/p>\n<p class=\"no_italic m-no_italic\" data-lab-italic=\"\">P\u00e5 sp\u00f8rsm\u00e5l om hva som skjedde inni ham etter fadesen, svarer han sarkastisk:<\/p>\n<p class=\"no_italic m-no_italic\" data-lab-italic=\"\">&#8211; Jeg blir glad, koser meg og elsker livet.\u00a0<\/p>\n<p class=\"no_italic m-no_italic\" data-lab-italic=\"\">29-\u00e5ringen r\u00f8per ogs\u00e5 hva han gjorde etter sjokk-exiten.\u00a0<\/p>\n<p class=\"no_italic m-no_italic\" data-lab-italic=\"\">&#8211; Jeg gikk tilbake og trente. Jeg l\u00f8p. Det var det eneste jeg gjorde, svarte han kort.<\/p>\n<p>Viktig konkurranse\t<\/p>\n<p class=\"no_italic m-no_italic\" data-lab-italic=\"\">10 kilometer fri teknikk er OL-\u00f8velse, og s\u00f8ndagens renn var viktig med tanke p\u00e5 OL-uttaket. Norge har fire plasser til \u00f8velsen i OL, og det er enorm konkurranse om plassene. Simen Hegstad Kr\u00fcger er for eksempel ikke tatt ut til dagens renn i Davos.<\/p>\n<p class=\"no_italic m-no_italic\" data-lab-italic=\"\">Harald \u00d8stberg Amundsen og Johannes H\u00f8sflot Kl\u00e6bo regnes som sikre p\u00e5 laget, mens Einar Hedegart n\u00e5 m\u00e5 kunne sies \u00e5 v\u00e6re s\u00e5 godt som klar.<\/p>\n","protected":false},"excerpt":{"rendered":"Einar Hedegart (24) gikk et nytt superl\u00f8p og vant i Davos. Etterp\u00e5 kom han med en melding til&hellip;\n","protected":false},"author":2,"featured_media":112858,"comment_status":"","ping_status":"","sticky":false,"template":"","format":"standard","meta":{"footnotes":""},"categories":[59],"tags":[711,398,30,28,29,83,82,399],"class_list":{"0":"post-112857","1":"post","2":"type-post","3":"status-publish","4":"format-standard","5":"has-post-thumbnail","7":"category-sport","8":"tag-johannes-hosflot-klaebo","9":"tag-langrenn","10":"tag-no","11":"tag-norge","12":"tag-norway","13":"tag-sport","14":"tag-sports","15":"tag-vintersport"},"share_on_mastodon":{"url":"https:\/\/pubeurope.com\/@no\/115717374192597410","error":""},"_links":{"self":[{"href":"https:\/\/www.europesays.com\/no\/wp-json\/wp\/v2\/posts\/112857","targetHints":{"allow":["GET"]}}],"collection":[{"href":"https:\/\/www.europesays.com\/no\/wp-json\/wp\/v2\/posts"}],"about":[{"href":"https:\/\/www.europesays.com\/no\/wp-json\/wp\/v2\/types\/post"}],"author":[{"embeddable":true,"href":"https:\/\/www.europesays.com\/no\/wp-json\/wp\/v2\/users\/2"}],"replies":[{"embeddable":true,"href":"https:\/\/www.europesays.com\/no\/wp-json\/wp\/v2\/comments?post=112857"}],"version-history":[{"count":0,"href":"https:\/\/www.europesays.com\/no\/wp-json\/wp\/v2\/posts\/112857\/revisions"}],"wp:featuredmedia":[{"embeddable":true,"href":"https:\/\/www.europesays.com\/no\/wp-json\/wp\/v2\/media\/112858"}],"wp:attachment":[{"href":"https:\/\/www.europesays.com\/no\/wp-json\/wp\/v2\/media?parent=112857"}],"wp:term":[{"taxonomy":"category","embeddable":true,"href":"https:\/\/www.europesays.com\/no\/wp-json\/wp\/v2\/categories?post=112857"},{"taxonomy":"post_tag","embeddable":true,"href":"https:\/\/www.europesays.com\/no\/wp-json\/wp\/v2\/tags?post=112857"}],"curies":[{"name":"wp","href":"https:\/\/api.w.org\/{rel}","templated":true}]}}