{"id":112865,"date":"2025-12-14T10:24:07","date_gmt":"2025-12-14T10:24:07","guid":{"rendered":"https:\/\/www.europesays.com\/no\/112865\/"},"modified":"2025-12-14T10:24:07","modified_gmt":"2025-12-14T10:24:07","slug":"to-tatt-etter-meldinger-om-skudd-ved-bondi-beach-i-australia-nrk-urix-utenriksnyheter-og-dokumentarer","status":"publish","type":"post","link":"https:\/\/www.europesays.com\/no\/112865\/","title":{"rendered":"To tatt etter meldinger om skudd ved Bondi Beach i Australia \u2013 NRK Urix \u2013 Utenriksnyheter og -dokumentarer"},"content":{"rendered":"<p>Videobilder viser to menn med gev\u00e6r som startet \u00e5 skyte mot badende og andre gjester p\u00e5 Bondi Beach.<\/p>\n<p>Politiet har bekreftet at de har p\u00e5grepet to personer.<\/p>\n<p><strong>Australsk politi bekrefter ogs\u00e5 at ti personer er drept og tolv s\u00e5ret i skytingen ved Bondi Beach i Sydney.<\/strong><\/p>\n<p>En av gjerningspersonene skal v\u00e6re blant de drepte, if\u00f8lge <a href=\"https:\/\/www.police.nsw.gov.au\/news\/news_article?sq_content_src=%2BdXJsPWh0dHBzOi8vZWJpenByZC5wb2xpY2UubnN3Lmdvdi5hdS9tZWRpYS8xMjI0NjcuaHRtbCZhbGw9MQ==\" ec-id=\"https:\/\/www.police.nsw.gov.au\/news\/news_article\" ec-name=\"politiet\" rel=\"nofollow noopener\" target=\"_blank\">politiet<\/a>.<\/p>\n<p>Den andre mistenkte gjerningspersonen er p\u00e5 sykehus med kritiske skader.<\/p>\n<p>To politifolk f\u00e5r ogs\u00e5 behandling for skuddskader p\u00e5 sykehus.<\/p>\n<p>Video viser to personer p\u00e5 gangbro ved Bondi Beach og man h\u00f8rer skudd. Videoen deles p\u00e5 sosiale medier. NRK har geolokaliser klippet, men har ikke verifisert n\u00f8yaktig tidspunkt det ble filmet.<\/p>\n<p>Flere medier melder at mange var samlet p\u00e5 stranden for \u00e5 feire den j\u00f8diske h\u00f8ytiden hanukka.<\/p>\n<p>Israels president Isaac Herzog har allerede konkludert med at j\u00f8der var m\u00e5let.<\/p>\n<p>\u2013 V\u00e5re s\u00f8stre og br\u00f8dre i Sydney er blitt angrepet av ondsinnede terrorister i et sv\u00e6rt grusomt angrep p\u00e5 j\u00f8der som gikk for \u00e5 tenne det f\u00f8rste lyset i Hanukkah p\u00e5 Bondi Beach, sier Herzog, if\u00f8lge Reuters.<\/p>\n<p>Lederen av organisasjonen for j\u00f8der i Australia, Robert Gregory, sier skytingen er en tragedie, men fullstendig forutsigbar.<\/p>\n<p>Han sier regjeringen er advart, men at de har unnlatt \u00e5 iverksette tilstrekkelige tiltak for \u00e5 beskytte det j\u00f8diske samfunnet.<\/p>\n<p>En stor australsk muslimsk organisasjon ford\u00f8mmer skytingen.<\/p>\n<p>\u2013 V\u00e5re hjerter, tanker og b\u00f8nner er med ofrene, deres familier og alle de som var vitne til eller ble ber\u00f8rt av dette dypt traumatiske angrepet. Dette er et \u00f8yeblikk for alle australiere, inkludert det australske muslimske samfunnet, til \u00e5 st\u00e5 sammen i medf\u00f8lelse og solidaritet, uttaler Australian National Imams Council.<\/p>\n<p><img decoding=\"async\"   src=\"data:image\/gif;base64,R0lGODlhAQABAIAAAAAAAP\/\/\/yH5BAEAAAAALAAAAAABAAEAAAIBRAA7\" loading=\"eager\" alt=\"Mennesker fraktet til sykehus etter skyting p\u00e5 Bondi Beach\" title=\"Foto: AP\"\/><\/p>\n<p>Foto: AP<\/p>\n<p>Ingen informasjon om nordmenn<\/p>\n<p>UD har ingen informasjon om at nordmenn skal v\u00e6re rammet av skytingen i Sydney.<\/p>\n<p>Det er registrert i underkant av 400 nordmenn i hele Australia.<\/p>\n<p>\u2013 Vi har ikke informasjon om hvor mange nordmenn som er i Sydney. Det er frivillig \u00e5 registrere seg. Erfaring tilsier at det vanligvis er flere i et land enn de som har valgt \u00e5 registrere seg, opplyser pressetalsperson Cecilie Roang.<\/p>\n<p>\u2013 Folk l\u00f8p i panikk<\/p>\n<p>Stranden Bondi Beach ligger ved Australias st\u00f8rste by Sydney.<\/p>\n<p>Skytingen startet rundt 19.30 lokal tid (09.30 norsk tid).<\/p>\n<p>Elizabeth Mealey var p\u00e5 en restaurant da hun h\u00f8rte skyting utenfor.<\/p>\n<p>\u2013 Vi trodde f\u00f8rst det var fyrverkeri, men det var mye verre. Folk begynte \u00e5 l\u00f8pe oppover stranden i panikk, forteller hun til den australske kringkasteren ABC.<\/p>\n<p>Video viser folk som l\u00f8per og man h\u00f8rer skudd. Klippet er delt p\u00e5 sosiale medier. NRK har geolokalisert videoen, men har ikke verifisert n\u00f8yaktig n\u00e5r den er filmet.<\/p>\n<p><strong>Etter hvert kom det som h\u00f8rtes ut som en skuddveksling, sier Mealey.<\/strong><\/p>\n<p>\u2013 Vi antok det var politiet som skj\u00f8t tilbake. Etter det ble det litt roligere. Vi antar n\u00e5 det er over, men det er ingen som egentlig vet. Det er skremmende, sier hun.<\/p>\n<p>En kvinne NRK har snakket med befant seg p\u00e5 takterrassen til et hotell i n\u00e6rheten av stranda da hun h\u00f8rte skudd.<\/p>\n<p>Kvinnen \u00f8nsker ikke \u00e5 navngis. Hun ble \u00f8yevitne til dramatikken.<\/p>\n<p>\u2013 Jeg h\u00f8rte skyting kontinuerlig. Sikkert 100 skudd. Det f\u00f8ltes som at det varte lenge. Jeg tror politiet kom etter ti minutter. Det f\u00f8ltes I hvert fall s\u00e5nn, sier hun til NRK.<\/p>\n<p><strong>ABC-reporter Sean Tarek Goodwin er p\u00e5 stedet.<\/strong><\/p>\n<p>Han sier ambulansepersonell og folk p\u00e5 stedet behandler en rekke skadde personer p\u00e5 gresset, og at folk blir lastet inn i ambulanser p\u00e5 b\u00e5rer.<\/p>\n<p>Statsministeren: Sjokkerende og urovekkende<\/p>\n<p>Ogs\u00e5 statsministeren i landet har kommentert hendelsen.<\/p>\n<p>\u2013 Scenene fra Bondi er sjokkerende og urovekkende, sier statsminister Anthony Albanese.<\/p>\n<p>\u2013 Politiet og n\u00f8detatene er p\u00e5 stedet og jobber for \u00e5 redde liv. Mine tanker g\u00e5r til alle som er ber\u00f8rt, sier statsministeren.<\/p>\n<p>Den kjente stranden Bondi Beach ligger ved storbyen Sydney \u00f8st i Australia.<\/p>\n<p>Publisert<\/p>\n<p>14.12.2025, kl. 09.37<\/p>\n<p>Oppdatert<\/p>\n<p>14.12.2025, kl. 11.21<\/p>\n","protected":false},"excerpt":{"rendered":"Videobilder viser to menn med gev\u00e6r som startet \u00e5 skyte mot badende og andre gjester p\u00e5 Bondi Beach.&hellip;\n","protected":false},"author":2,"featured_media":112866,"comment_status":"","ping_status":"","sticky":false,"template":"","format":"standard","meta":{"footnotes":""},"categories":[12],"tags":[20,21,24,25,15,22,23,13,30,28,29,14,16,26,27,42,43,44,45],"class_list":{"0":"post-112865","1":"post","2":"type-post","3":"status-publish","4":"format-standard","5":"has-post-thumbnail","7":"category-verden","8":"tag-breaking-news","9":"tag-breakingnews","10":"tag-featured-news","11":"tag-featurednews","12":"tag-headlines","13":"tag-latest-news","14":"tag-latestnews","15":"tag-news","16":"tag-no","17":"tag-norge","18":"tag-norway","19":"tag-nyheter","20":"tag-overskrifter","21":"tag-top-stories","22":"tag-topstories","23":"tag-verden","24":"tag-world","25":"tag-world-news","26":"tag-worldnews"},"share_on_mastodon":{"url":"https:\/\/pubeurope.com\/@no\/115717437093971124","error":""},"_links":{"self":[{"href":"https:\/\/www.europesays.com\/no\/wp-json\/wp\/v2\/posts\/112865","targetHints":{"allow":["GET"]}}],"collection":[{"href":"https:\/\/www.europesays.com\/no\/wp-json\/wp\/v2\/posts"}],"about":[{"href":"https:\/\/www.europesays.com\/no\/wp-json\/wp\/v2\/types\/post"}],"author":[{"embeddable":true,"href":"https:\/\/www.europesays.com\/no\/wp-json\/wp\/v2\/users\/2"}],"replies":[{"embeddable":true,"href":"https:\/\/www.europesays.com\/no\/wp-json\/wp\/v2\/comments?post=112865"}],"version-history":[{"count":0,"href":"https:\/\/www.europesays.com\/no\/wp-json\/wp\/v2\/posts\/112865\/revisions"}],"wp:featuredmedia":[{"embeddable":true,"href":"https:\/\/www.europesays.com\/no\/wp-json\/wp\/v2\/media\/112866"}],"wp:attachment":[{"href":"https:\/\/www.europesays.com\/no\/wp-json\/wp\/v2\/media?parent=112865"}],"wp:term":[{"taxonomy":"category","embeddable":true,"href":"https:\/\/www.europesays.com\/no\/wp-json\/wp\/v2\/categories?post=112865"},{"taxonomy":"post_tag","embeddable":true,"href":"https:\/\/www.europesays.com\/no\/wp-json\/wp\/v2\/tags?post=112865"}],"curies":[{"name":"wp","href":"https:\/\/api.w.org\/{rel}","templated":true}]}}