{"id":112869,"date":"2025-12-14T10:31:10","date_gmt":"2025-12-14T10:31:10","guid":{"rendered":"https:\/\/www.europesays.com\/no\/112869\/"},"modified":"2025-12-14T10:31:10","modified_gmt":"2025-12-14T10:31:10","slug":"trump-varsler-gjengjeldelse-mot-is","status":"publish","type":"post","link":"https:\/\/www.europesays.com\/no\/112869\/","title":{"rendered":"Trump varsler gjengjeldelse mot IS"},"content":{"rendered":"<p class=\"kicker t15 font-weight-bold m-font-weight-bold color_mobile_no_bg_color quaternary color_mobile_quaternary font-Trim text-case-transform-upper mobile-hasTextPadding\" style=\"\">syria<\/p>\n<p>    To amerikanske soldater og en amerikansk tolk ble drept da en v\u00e6pnet mann \u00e5pnet ild i byen Palmyra i Syria l\u00f8rdag. Tre andre amerikanere ble s\u00e5ret.<\/p>\n<p>\n        SYRIA: Tre amerikanere er drept i Syria, og tre andre er s\u00e5ret. Bildet viser amerikanske soldater under en \u00f8velse sammen med Syrian Democratic Forces, nord-\u00f8st i Syria i 2021. Bildet brukes som illustrasjonsbilde.<br \/>\n        Foto: Baderkhan Ahmad, AP Photo via NTB\n    <\/p>\n<p>To amerikanske soldater og en amerikansk tolk er drept i byen Palmyra i Syria, etter at et v\u00e6pnet mann \u00e5pnet ild. Tre andre amerikanere er s\u00e5ret.\u00a0<\/p>\n<p>B\u00e5de amerikanske og syriske myndigheter mener angriperen var tilknyttet den ytterligg\u00e5ende islamistgruppa IS.<\/p>\n<p>Nyhetsbyr\u00e5et Reuters har snakket med lokale kilder som sier at mannen var medlem av de syriske sikkerhetsstyrkene. Syrias innenriksdepartement sier han ikke hadde noen lederrolle i sikkerhetsstyrkene.<\/p>\n<p>\u2013 Vi vil gjengjelde, sa USAs president Donald Trump da han kommenterte angrepet under en pressebrifing utenfor Det hvite hus i Washington.<\/p>\n<p>Det amerikanske milit\u00e6ret beskriver hendelsen som et bakholdsangrep beg\u00e5tt av en IS-kriger. Han ble selv drept.<\/p>\n<p>Angrepet var rettet mot en felles patrulje der b\u00e5de amerikanske og syriske styrker deltok. De var involvert i antiterror-operasjoner, if\u00f8lge det amerikanske forsvarsdepartementet Pentagon.<\/p>\n<p>If\u00f8lge Pentagon ble to amerikanske soldater og en amerikansk tolk drept. Tre andre ble s\u00e5ret. P\u00e5 meldingstjenesten X skriver forsvarsminister Pete Hegseth at USA vil jakte, finne og \u00abn\u00e5del\u00f8st drepte\u00bb alle som angriper amerikanere.<\/p>\n<p>En talsmann for Syrias innenriksdepartement sier det hadde kommet advarsler om mulig IS-infiltrering i omr\u00e5det der angrepet skjedde.<\/p>\n","protected":false},"excerpt":{"rendered":"syria To amerikanske soldater og en amerikansk tolk ble drept da en v\u00e6pnet mann \u00e5pnet ild i byen&hellip;\n","protected":false},"author":2,"featured_media":112870,"comment_status":"","ping_status":"","sticky":false,"template":"","format":"standard","meta":{"footnotes":""},"categories":[12],"tags":[20,21,24,25,15,22,23,13,30,28,29,14,16,26,27,42,43,44,45],"class_list":{"0":"post-112869","1":"post","2":"type-post","3":"status-publish","4":"format-standard","5":"has-post-thumbnail","7":"category-verden","8":"tag-breaking-news","9":"tag-breakingnews","10":"tag-featured-news","11":"tag-featurednews","12":"tag-headlines","13":"tag-latest-news","14":"tag-latestnews","15":"tag-news","16":"tag-no","17":"tag-norge","18":"tag-norway","19":"tag-nyheter","20":"tag-overskrifter","21":"tag-top-stories","22":"tag-topstories","23":"tag-verden","24":"tag-world","25":"tag-world-news","26":"tag-worldnews"},"share_on_mastodon":{"url":"https:\/\/pubeurope.com\/@no\/115717464652510982","error":""},"_links":{"self":[{"href":"https:\/\/www.europesays.com\/no\/wp-json\/wp\/v2\/posts\/112869","targetHints":{"allow":["GET"]}}],"collection":[{"href":"https:\/\/www.europesays.com\/no\/wp-json\/wp\/v2\/posts"}],"about":[{"href":"https:\/\/www.europesays.com\/no\/wp-json\/wp\/v2\/types\/post"}],"author":[{"embeddable":true,"href":"https:\/\/www.europesays.com\/no\/wp-json\/wp\/v2\/users\/2"}],"replies":[{"embeddable":true,"href":"https:\/\/www.europesays.com\/no\/wp-json\/wp\/v2\/comments?post=112869"}],"version-history":[{"count":0,"href":"https:\/\/www.europesays.com\/no\/wp-json\/wp\/v2\/posts\/112869\/revisions"}],"wp:featuredmedia":[{"embeddable":true,"href":"https:\/\/www.europesays.com\/no\/wp-json\/wp\/v2\/media\/112870"}],"wp:attachment":[{"href":"https:\/\/www.europesays.com\/no\/wp-json\/wp\/v2\/media?parent=112869"}],"wp:term":[{"taxonomy":"category","embeddable":true,"href":"https:\/\/www.europesays.com\/no\/wp-json\/wp\/v2\/categories?post=112869"},{"taxonomy":"post_tag","embeddable":true,"href":"https:\/\/www.europesays.com\/no\/wp-json\/wp\/v2\/tags?post=112869"}],"curies":[{"name":"wp","href":"https:\/\/api.w.org\/{rel}","templated":true}]}}