{"id":112871,"date":"2025-12-14T10:32:08","date_gmt":"2025-12-14T10:32:08","guid":{"rendered":"https:\/\/www.europesays.com\/no\/112871\/"},"modified":"2025-12-14T10:32:08","modified_gmt":"2025-12-14T10:32:08","slug":"nyheter-vaer-i-natt-var-den-vateste-natten-pa-atte-ar-den-neste-kan-bli-enda-vatere","status":"publish","type":"post","link":"https:\/\/www.europesays.com\/no\/112871\/","title":{"rendered":"Nyheter, V\u00e6r | I natt var den v\u00e5teste natten p\u00e5 \u00e5tte \u00e5r. Den neste kan bli enda v\u00e5tere."},"content":{"rendered":"\n<p>Meteorologisk institutt har s\u00f8ndag formiddag sendt ut gult farevarsel om regn for det neste d\u00f8gnet.<\/p>\n<p>\u2013 Det neste d\u00f8gnet kan det regne mellom 60 og 80 millimeter p\u00e5 rundt 12 timer, sier meteorolog Johanne Ordahl ved Vervarslinga p\u00e5 Vestlandet.<\/p>\n<p>Til sammenligning har det regnet 59,9 millimeter det siste d\u00f8gnet n\u00e5r varselet ble sendt ut. Det har allerede f\u00f8rt til mye vann og enkelte oversv\u00f8mmelser her og der i trafikken.<\/p>\n<p>Bare mellom midnatt og klokken 9 natt til s\u00f8ndag regnet det 48,3 millimeter.<\/p>\n<p>If\u00f8lge tall som Robert N\u00e6ss, investeringsdirekt\u00f8r i Nordea som analyserer v\u00e6rdata p\u00e5 fritiden, var det den v\u00e5teste natten i Bergen p\u00e5 \u00e5tte \u00e5r, og den tredje v\u00e5teste natten siden 2011.<\/p>\n<p>Tallene hans er hentet fra Yr sin database, som har tall tilbake til 2011, og gjelder for m\u00e5lestasjonen p\u00e5 Florida. Den v\u00e5teste natten, fra 2018, skiller seg ut med 66 millimeter.<\/p>\n<p>Avventer ytterligere varsel<\/p>\n<p>F\u00f8r neste runde med tung nedb\u00f8r anbefaler meteorologen \u00e5 rense avl\u00f8p og takrenner, og utover det v\u00e6re ekstra oppmerksom p\u00e5 at det kan v\u00e6re vanskelige kj\u00f8reforhold.<\/p>\n<p>\u2013 Det kan v\u00e6re greit \u00e5 sjekke veimeldinger og tilpasse farten. Det kan ogs\u00e5 bli oversv\u00f8mmelser, og elver og andre vassdrag kan f\u00e5 mye vann s\u00e5 de er greit \u00e5 holde seg unna.<\/p>\n<p>NVE har ogs\u00e5 sendt ut farevarsler om flom og skred.<\/p>\n<p>Selv om farevarselet i f\u00f8rste omgang kun gjelder for det neste d\u00f8gnet, er ikke det tunge regnet n\u00f8dvendigvis over med det.<\/p>\n<p>Ordahl forklarer at det er en viss usikkerhet i prognosene, og at de derfor sender ut farevarsel for et d\u00f8gn p\u00e5 relativt kort varsel.<\/p>\n<p>\u2013 Slik det ligger an n\u00e5 ser det ut til \u00e5 bli en pause i morgen formiddag og ettermiddag f\u00f8r det tar seg opp igjen og blir en ny runde med mye regn natt til tirsdag. Det har v\u00e6rt mange endringer i modellen, og siden vi ser at det fortsatt er en del usikkerhet natt til tirsdag s\u00e5 sitter vi og venter med farevarselet for den perioden til vi blir enda sikrere.<\/p>\n<p>Vil regne lenge<\/p>\n<p>Hun mener likevel det kan v\u00e6re greit \u00e5 forberede seg p\u00e5 at de to kommende d\u00f8gnene kan bli veldig fuktige.<\/p>\n<p>\u2013 S\u00e6rlig p\u00e5 morgen og kveld, s\u00e5 en b\u00f8r v\u00e6re spesielt forsiktig og beregne god tid til og fra jobb, oppfordrer hun.<\/p>\n<p>Nedb\u00f8ren skyldes if\u00f8lge meteorologen at det kommer veldig mye fuktig luft inn fra havet, slik at det hele tiden fylles p\u00e5 med fuktig luft over oss.<\/p>\n<p>\u2013 Siden vi har fjellene f\u00e5r vi en ekstra effekt som danner nedb\u00f8r, en , som vi kaller det.<\/p>\n<p>Sannsynligvis vil det bli noks\u00e5 v\u00e5tt store deler av den kommende uken.<\/p>\n","protected":false},"excerpt":{"rendered":"Meteorologisk institutt har s\u00f8ndag formiddag sendt ut gult farevarsel om regn for det neste d\u00f8gnet. \u2013 Det neste&hellip;\n","protected":false},"author":2,"featured_media":112872,"comment_status":"","ping_status":"","sticky":false,"template":"","format":"standard","meta":{"footnotes":""},"categories":[10],"tags":[36,20,21,24,25,15,22,23,13,30,28,29,14,16,1810,1510,26,27,553],"class_list":{"0":"post-112871","1":"post","2":"type-post","3":"status-publish","4":"format-standard","5":"has-post-thumbnail","7":"category-norge","8":"tag-art","9":"tag-breaking-news","10":"tag-breakingnews","11":"tag-featured-news","12":"tag-featurednews","13":"tag-headlines","14":"tag-latest-news","15":"tag-latestnews","16":"tag-news","17":"tag-no","18":"tag-norge","19":"tag-norway","20":"tag-nyheter","21":"tag-overskrifter","22":"tag-regn","23":"tag-story","24":"tag-top-stories","25":"tag-topstories","26":"tag-vaer"},"share_on_mastodon":{"url":"https:\/\/pubeurope.com\/@no\/115717468534620685","error":""},"_links":{"self":[{"href":"https:\/\/www.europesays.com\/no\/wp-json\/wp\/v2\/posts\/112871","targetHints":{"allow":["GET"]}}],"collection":[{"href":"https:\/\/www.europesays.com\/no\/wp-json\/wp\/v2\/posts"}],"about":[{"href":"https:\/\/www.europesays.com\/no\/wp-json\/wp\/v2\/types\/post"}],"author":[{"embeddable":true,"href":"https:\/\/www.europesays.com\/no\/wp-json\/wp\/v2\/users\/2"}],"replies":[{"embeddable":true,"href":"https:\/\/www.europesays.com\/no\/wp-json\/wp\/v2\/comments?post=112871"}],"version-history":[{"count":0,"href":"https:\/\/www.europesays.com\/no\/wp-json\/wp\/v2\/posts\/112871\/revisions"}],"wp:featuredmedia":[{"embeddable":true,"href":"https:\/\/www.europesays.com\/no\/wp-json\/wp\/v2\/media\/112872"}],"wp:attachment":[{"href":"https:\/\/www.europesays.com\/no\/wp-json\/wp\/v2\/media?parent=112871"}],"wp:term":[{"taxonomy":"category","embeddable":true,"href":"https:\/\/www.europesays.com\/no\/wp-json\/wp\/v2\/categories?post=112871"},{"taxonomy":"post_tag","embeddable":true,"href":"https:\/\/www.europesays.com\/no\/wp-json\/wp\/v2\/tags?post=112871"}],"curies":[{"name":"wp","href":"https:\/\/api.w.org\/{rel}","templated":true}]}}