{"id":112875,"date":"2025-12-14T10:39:17","date_gmt":"2025-12-14T10:39:17","guid":{"rendered":"https:\/\/www.europesays.com\/no\/112875\/"},"modified":"2025-12-14T10:39:17","modified_gmt":"2025-12-14T10:39:17","slug":"rockstar-ansatte-delte-uannonserte-titler-gamer-no","status":"publish","type":"post","link":"https:\/\/www.europesays.com\/no\/112875\/","title":{"rendered":"Rockstar-ansatte \u00abdelte uannonserte titler\u00bb &#8211; Gamer.no"},"content":{"rendered":"<p>Rockstar har kommet med flere detaljer om hva de mener de <a href=\"https:\/\/www.gamer.no\/artikler\/rockstar-anklages-for-fagforeningsknusing\/519488\" rel=\"nofollow noopener\" target=\"_blank\">34 ansatte som fikk sparken<\/a> skal ha gjort som fikk dem avskjediget. <\/p>\n<p>Tidligere har GTA-utvikleren sagt at de ansatte \u2013 31 i Storbritannia og tre i Canada \u2013 delte hemmelig eller konfidensiell informasjon.<\/p>\n<p>Det har v\u00e6rt hevdet at dette var fordi de <a href=\"https:\/\/www.gamer.no\/artikler\/rockstar-ansatte-fikk-angivelig-sparken-for-a-ha-delt-intern-e-post-med-kollegaer-som-hadde-gatt-for-dagen\/519602\" rel=\"nofollow noopener\" target=\"_blank\">dr\u00f8ftet en intern e-post<\/a> knyttet til retningslinjer for bruk av kommunikasjonsverkt\u00f8yet Slack p\u00e5 jobb. Dette er angivelig tillatt if\u00f8lge britisk lovgivning.<\/p>\n<p>I <a role=\"link\" href=\"https:\/\/www.ign.com\/articles\/gta-6-developer-rockstar-claims-fired-employees-were-dismissed-for-leaking-specific-game-features-from-upcoming-and-unannounced-titles-not-because-they-were-trying-to-unionize\" target=\"_blank\" rel=\"nofollow noopener\">en uttalelse til IGN<\/a> har en talsperson for Rockstar n\u00e5 kommet med mer spesifikke anklager mot de tidligere ansatte.<\/p>\n<p>\u2013 Rockstar Games iverksatte tiltak mot en liten gruppe enkeltpersoner, i Storbritannia og internasjonalt, som distribuerte og diskuterte konfidensiell informasjon (inkludert spesifikke spillfunksjoner fra kommende og uannonserte titler) i et offentlig forum, i strid med selskapets retningslinjer og deres juridiske forpliktelser. P\u00e5stander om at disse avskjedigelsene var knyttet til fagforeningsmedlemskap eller -aktiviteter er fullstendig falske og villedende.<\/p>\n<p>        <a href=\"https:\/\/i.bo3.no\/image\/388257\/6af2548600fde8693c09803592dde5ace4dfe3e3.jpg?c=0&amp;h=1920&amp;w=1523\" rel=\"nofollow noopener\" target=\"_blank\"><\/p>\n<p>        <img decoding=\"async\" onload=\"this.style = null\" src=\"https:\/\/www.europesays.com\/no\/wp-content\/uploads\/2025\/12\/6af2548600fde8693c09803592dde5ace4dfe3e3.jpg\" style=\"background-image: url('data:image\/jpeg;base64,\/9j\/4QC8RXhpZgAASUkqAAgAAAAGABIBAwABAAAAAQAAABoBBQABAAAAVgAAABsBBQABAAAAXgAAACgBAwABAAAAAgAAABMCAwABAAAAAQAAAGmHBAABAAAAZgAAAAAAAABIAAAAAQAAAEgAAAABAAAABgAAkAcABAAAADAyMTABkQcABAAAAAECAwAAoAcABAAAADAxMDABoAMAAQAAAP\/\/AAACoAQAAQAAAA8AAAADoAQAAQAAABMAAAAAAAAA\/9sAQwAIBgYHBgUIBwcHCQkICgwUDQwLCwwZEhMPFB0aHx4dGhwcICQuJyAiLCMcHCg3KSwwMTQ0NB8nOT04MjwuMzQy\/9sAQwEJCQkMCwwYDQ0YMiEcITIyMjIyMjIyMjIyMjIyMjIyMjIyMjIyMjIyMjIyMjIyMjIyMjIyMjIyMjIyMjIyMjIy\/8AAEQgAEwAPAwEiAAIRAQMRAf\/EAB8AAAEFAQEBAQEBAAAAAAAAAAABAgMEBQYHCAkKC\/\/EALUQAAIBAwMCBAMFBQQEAAABfQECAwAEEQUSITFBBhNRYQcicRQygZGhCCNCscEVUtHwJDNicoIJChYXGBkaJSYnKCkqNDU2Nzg5OkNERUZHSElKU1RVVldYWVpjZGVmZ2hpanN0dXZ3eHl6g4SFhoeIiYqSk5SVlpeYmZqio6Slpqeoqaqys7S1tre4ubrCw8TFxsfIycrS09TV1tfY2drh4uPk5ebn6Onq8fLz9PX29\/j5+v\/EAB8BAAMBAQEBAQEBAQEAAAAAAAABAgMEBQYHCAkKC\/\/EALURAAIBAgQEAwQHBQQEAAECdwABAgMRBAUhMQYSQVEHYXETIjKBCBRCkaGxwQkjM1LwFWJy0QoWJDThJfEXGBkaJicoKSo1Njc4OTpDREVGR0hJSlNUVVZXWFlaY2RlZmdoaWpzdHV2d3h5eoKDhIWGh4iJipKTlJWWl5iZmqKjpKWmp6ipqrKztLW2t7i5usLDxMXGx8jJytLT1NXW19jZ2uLj5OXm5+jp6vLz9PX29\/j5+v\/aAAwDAQACEQMRAD8Ao+JfEU8tpmJzF9KyNM8RXEFoWjky5POazNYjnEReQ5WqFvYzNbB0Jwayc5PVs2UYrRI6nWkU2hyB1qbT4o\/sUfyDpRRWXQrqf\/\/Z');background-size:cover;background-position:50% 50%;\" class=\"image-container__image \" width=\"500\" height=\"630\" loading=\"lazy\" fetchpriority=\"auto\" \/><\/p>\n<p>        <\/a><\/p>\n<p>                                    Mange tror Rockstar jobber med neste spill i RDR-serien.<\/p>\n<p>                        Rockstar Games\n                    <\/p>\n<p>Fagforeningen The Independent Workers Union of Great Britain (IWGB), har kategorisk benektet dette, og sier de ansatte \u00abkun har kommunisert i private og lovbeskyttede fagforeningskanaler.\u00bb<\/p>\n<p>Det er ikke kjent hva disse \u00abkommende og uannonserte titlene\u00bb skulle kunne v\u00e6re. <\/p>\n<p>Det har g\u00e5tt spekulasjoner om en <a href=\"https:\/\/www.gamer.no\/artikler\/hinter-til-remake-av-gta-iv\/518726\" rel=\"nofollow noopener\" target=\"_blank\">GTA 4-remaster<\/a> tidligere, og om b\u00e5de oppf\u00f8lgere og forl\u00f8pere til Red Dead Redemption \u2013 og \u00abuannonsert\u00bb utelukker selvf\u00f8lgelig Grand Theft Auto 6.<\/p>\n<p> Britiske myndigheter vil unders\u00f8ke <\/p>\n<p>Rockstars anklager kommer en knapp dag etter at den britiske regjeringen ble involvert i saken. Dette skjedde i en \u00f8kt i det britiske parlamentet p\u00e5 onsdag, da et parlamentsmedlem (Member of Parliament \u2013 MP) uttalte bekymring over tilstanden i saken.<\/p>\n<p><b>MP Chris Murray<\/b> fra Edinburgh hadde fulgt saken, <a role=\"link\" href=\"https:\/\/www.ign.com\/articles\/uk-prime-minister-sir-keir-starmer-says-rockstar-firing-31-gta-6-developers-over-alleged-union-busting-is-deeply-concerning-and-pledges-that-ministers-will-now-investigate\" target=\"_blank\" rel=\"nofollow noopener\">fortalte han til IGN<\/a>, og hadde tatt kontakt med utvikleren for \u00e5 ettersp\u00f8rre grunnlaget for avskjedigelsene. <\/p>\n<p>Sammen med <b>MP Tracy Gilbert<\/b> og <b>MP Scott Arthur<\/b> ba de om et m\u00f8te ved Rockstar Norths kontorer i Edinburgh. <\/p>\n<p>M\u00f8tet gikk ikke s\u00e6rlig bra, selv fra \u00f8yeblikket de kom inn d\u00f8ra.<\/p>\n<p>\u2013 M\u00f8tet begynte med at vi som parlamentsmedlemmer ble nektet adgang med mindre en NDA [taushetserkl\u00e6ring] ble signert, en foresp\u00f8rsel de til slutt trakk tilbake etter at det ble gjort klart at dette ikke ville bli signert, sa Murray til IGN.<\/p>\n<p>Rockstar var ikke villig til \u00e5 gi svar p\u00e5 hvorfor de valgte \u00e5 avskjedige s\u00e5 mange av sine ansatte. <\/p>\n<p>\u2013 Jeg ble ikke forsikret om at prosessen tok tilstrekkelig hensyn til britisk arbeidsrett, jeg var ikke overbevist om at denne fremgangsm\u00e5ten var n\u00f8dvendig, og urovekkende nok forlot jeg m\u00f8tet uten \u00e5 v\u00e6re informert om n\u00f8yaktig hva disse 31 personene hadde gjort for \u00e5 rettferdiggj\u00f8re deres umiddelbare avskjedigelse.<\/p>\n<p>Murray fortalte den britiske statsministeren<b> Kier Starmer <\/b>at selskapet \u00abikke var i stand til \u00e5 gj\u00f8re meg trygg p\u00e5 at de f\u00f8lger [den britiske] arbeidsmilj\u00f8loven, og jeg deler bekymringene om fagforeningsknusing.\u00bb<\/p>\n<p>Murray presset regjeringen til \u00e5 ta et standpunkt i saken, og Starmer svarte med \u00e5 si at <b>\u00abdet er et dypt bekymringsfullt tilfelle\u00bb<\/b>.<\/p>\n<p><b>\u2013 Hver arbeidstaker har rett til \u00e5 bli medlem av en fagforening, og vi er fast bestemt p\u00e5 \u00e5 styrke arbeidstakerrettighetene og sikre at de ikke m\u00f8ter urettferdige konsekvenser for \u00e5 v\u00e6re en del av en fagforening, <\/b>sa statsministeren. <\/p>\n<p>\u2013 V\u00e5re ministre vil se n\u00e6rmere p\u00e5 den spesifikke saken som han [MP Murray] tar opp og vil holde ham oppdatert.<\/p>\n","protected":false},"excerpt":{"rendered":"Rockstar har kommet med flere detaljer om hva de mener de 34 ansatte som fikk sparken skal ha&hellip;\n","protected":false},"author":2,"featured_media":112876,"comment_status":"","ping_status":"","sticky":false,"template":"","format":"standard","meta":{"footnotes":""},"categories":[12],"tags":[20,21,24,25,15,22,23,13,30,28,29,14,16,26,27,42,43,44,45],"class_list":{"0":"post-112875","1":"post","2":"type-post","3":"status-publish","4":"format-standard","5":"has-post-thumbnail","7":"category-verden","8":"tag-breaking-news","9":"tag-breakingnews","10":"tag-featured-news","11":"tag-featurednews","12":"tag-headlines","13":"tag-latest-news","14":"tag-latestnews","15":"tag-news","16":"tag-no","17":"tag-norge","18":"tag-norway","19":"tag-nyheter","20":"tag-overskrifter","21":"tag-top-stories","22":"tag-topstories","23":"tag-verden","24":"tag-world","25":"tag-world-news","26":"tag-worldnews"},"share_on_mastodon":{"url":"https:\/\/pubeurope.com\/@no\/115717496326816301","error":""},"_links":{"self":[{"href":"https:\/\/www.europesays.com\/no\/wp-json\/wp\/v2\/posts\/112875","targetHints":{"allow":["GET"]}}],"collection":[{"href":"https:\/\/www.europesays.com\/no\/wp-json\/wp\/v2\/posts"}],"about":[{"href":"https:\/\/www.europesays.com\/no\/wp-json\/wp\/v2\/types\/post"}],"author":[{"embeddable":true,"href":"https:\/\/www.europesays.com\/no\/wp-json\/wp\/v2\/users\/2"}],"replies":[{"embeddable":true,"href":"https:\/\/www.europesays.com\/no\/wp-json\/wp\/v2\/comments?post=112875"}],"version-history":[{"count":0,"href":"https:\/\/www.europesays.com\/no\/wp-json\/wp\/v2\/posts\/112875\/revisions"}],"wp:featuredmedia":[{"embeddable":true,"href":"https:\/\/www.europesays.com\/no\/wp-json\/wp\/v2\/media\/112876"}],"wp:attachment":[{"href":"https:\/\/www.europesays.com\/no\/wp-json\/wp\/v2\/media?parent=112875"}],"wp:term":[{"taxonomy":"category","embeddable":true,"href":"https:\/\/www.europesays.com\/no\/wp-json\/wp\/v2\/categories?post=112875"},{"taxonomy":"post_tag","embeddable":true,"href":"https:\/\/www.europesays.com\/no\/wp-json\/wp\/v2\/tags?post=112875"}],"curies":[{"name":"wp","href":"https:\/\/api.w.org\/{rel}","templated":true}]}}