{"id":112877,"date":"2025-12-14T10:40:54","date_gmt":"2025-12-14T10:40:54","guid":{"rendered":"https:\/\/www.europesays.com\/no\/112877\/"},"modified":"2025-12-14T10:40:54","modified_gmt":"2025-12-14T10:40:54","slug":"tog-indre-ostfold-gjor-endringer-i-togtilbudet-her-er-det-viktigste-du-ma-vite","status":"publish","type":"post","link":"https:\/\/www.europesays.com\/no\/112877\/","title":{"rendered":"Tog, Indre \u00d8stfold | Gj\u00f8r endringer i togtilbudet \u2013 her er det viktigste du m\u00e5 vite"},"content":{"rendered":"\n<p>S\u00f8ndag 14. desember er det tid for den \u00e5rlige ruteendringen for alle tog i Norge.<\/p>\n<p>\u2013 Vi vet at 2025 har v\u00e6rt et utfordrende \u00e5r for mange av kundene v\u00e5re, og har fullt fokus p\u00e5 \u00e5 gi et bedre tilbud i 2026. Det handler f\u00f8rst og fremst om \u00e5 sikre en mer stabil og forutsigbar hverdag, med nok tog i gang til enhver tid, men vi er ogs\u00e5 glade for at det kommer noen forbedringer med ruteendringen, sier Eirik R\u00f8hne, konserndirekt\u00f8r for Vy tog i en pressemelding.<\/p>\n<p>De aller st\u00f8rste endringene kommer ved faste togavganger mellom Oslo og Malm\u00f8 og flere avganger for kunder p\u00e5 Vestlandet, men ogs\u00e5 p\u00e5 \u00d8stre Linje er det noen som vil merke ruteendringen.<\/p>\n<p>Endringer p\u00e5 \u00d8stre Linje:<\/p>\n<p>Reiser du med tog p\u00e5 \u00d8stfoldbanens \u00d8stre linje mellom Oslo S og Rakkestad, er det ogs\u00e5 endringer du b\u00f8r v\u00e6re obs p\u00e5. Det er i hovedsak mindre justeringer p\u00e5 \u00d8stlandet.<\/p>\n<p>P\u00e5 Linje R22 mellom Oslo S og Rakkestad settes det opp flere avganger:<\/p>\n<ul>\n<li>To nye avganger kj\u00f8rer til\/fra Rakkestad mandag til fredag, slik at det blir avganger hver time, hele dagen.<\/li>\n<li>Alle togene til Rakkestad vil ogs\u00e5 stoppe p\u00e5 stasjonene Eidsberg og Heia ved behov.<\/li>\n<li>Ekstra-avgangene i rushtiden kj\u00f8rer til\/fra Mysen, ikke Rakkestad.<\/li>\n<\/ul>\n<p>Husk \u00e5 sjekke om det er noen justeringer i rutetidene p\u00e5 avgangene du pleier \u00e5 reise med.<\/p>\n<p>  <a href=\"https:\/\/www.smaalenene.no\/5-38-1835140\" class=\"related-teaser has-image default-story-teaser article--c-eRUmMG article--c-eRUmMG-jKCPdD-design-default\" rel=\"nofollow noopener\" target=\"_blank\"><\/p>\n<p>    <img decoding=\"async\" loading=\"lazy\"  src=\"https:\/\/www.europesays.com\/no\/wp-content\/uploads\/2025\/12\/IMG_5119.jpg\" alt=\"\" class=\"brick-c-cFOWSL\" style=\"\"\/><\/p>\n<p>\n            Les ogs\u00e5<\/p>\n<p>              Beboere er luta lei av at pendlere tar parkeringen deres \u2013 Bane Nor innr\u00f8mmer feilskilting\n        <\/p>\n<p>  <\/a><\/p>\n<p>  <a href=\"https:\/\/www.smaalenene.no\/5-38-1833112\" class=\"related-teaser has-image default-story-teaser article--c-eRUmMG article--c-eRUmMG-jKCPdD-design-default\" rel=\"nofollow noopener\" target=\"_blank\"><\/p>\n<p>    <img decoding=\"async\" loading=\"lazy\"  src=\"https:\/\/www.europesays.com\/no\/wp-content\/uploads\/2025\/12\/Narvesen2.jpg\" alt=\"\" class=\"brick-c-cFOWSL\" style=\"\"\/><\/p>\n<p>\n            Les ogs\u00e5<\/p>\n<p>              Salgsplakaten f\u00e5r kundene til \u00e5 stusse: \u2013 Skal kiosken i Askim legges ned?\n        <\/p>\n<p>  <\/a><\/p>\n","protected":false},"excerpt":{"rendered":"S\u00f8ndag 14. desember er det tid for den \u00e5rlige ruteendringen for alle tog i Norge. \u2013 Vi vet&hellip;\n","protected":false},"author":2,"featured_media":112878,"comment_status":"","ping_status":"","sticky":false,"template":"","format":"standard","meta":{"footnotes":""},"categories":[10],"tags":[36,20,21,24,25,15,4625,22,23,13,30,28,29,14,16,13055,1510,1923,13766,26,27],"class_list":{"0":"post-112877","1":"post","2":"type-post","3":"status-publish","4":"format-standard","5":"has-post-thumbnail","7":"category-norge","8":"tag-art","9":"tag-breaking-news","10":"tag-breakingnews","11":"tag-featured-news","12":"tag-featurednews","13":"tag-headlines","14":"tag-indre-ostfold","15":"tag-latest-news","16":"tag-latestnews","17":"tag-news","18":"tag-no","19":"tag-norge","20":"tag-norway","21":"tag-nyheter","22":"tag-overskrifter","23":"tag-pendlere","24":"tag-story","25":"tag-tog","26":"tag-togtider","27":"tag-top-stories","28":"tag-topstories"},"share_on_mastodon":{"url":"https:\/\/pubeurope.com\/@no\/115717504221265385","error":""},"_links":{"self":[{"href":"https:\/\/www.europesays.com\/no\/wp-json\/wp\/v2\/posts\/112877","targetHints":{"allow":["GET"]}}],"collection":[{"href":"https:\/\/www.europesays.com\/no\/wp-json\/wp\/v2\/posts"}],"about":[{"href":"https:\/\/www.europesays.com\/no\/wp-json\/wp\/v2\/types\/post"}],"author":[{"embeddable":true,"href":"https:\/\/www.europesays.com\/no\/wp-json\/wp\/v2\/users\/2"}],"replies":[{"embeddable":true,"href":"https:\/\/www.europesays.com\/no\/wp-json\/wp\/v2\/comments?post=112877"}],"version-history":[{"count":0,"href":"https:\/\/www.europesays.com\/no\/wp-json\/wp\/v2\/posts\/112877\/revisions"}],"wp:featuredmedia":[{"embeddable":true,"href":"https:\/\/www.europesays.com\/no\/wp-json\/wp\/v2\/media\/112878"}],"wp:attachment":[{"href":"https:\/\/www.europesays.com\/no\/wp-json\/wp\/v2\/media?parent=112877"}],"wp:term":[{"taxonomy":"category","embeddable":true,"href":"https:\/\/www.europesays.com\/no\/wp-json\/wp\/v2\/categories?post=112877"},{"taxonomy":"post_tag","embeddable":true,"href":"https:\/\/www.europesays.com\/no\/wp-json\/wp\/v2\/tags?post=112877"}],"curies":[{"name":"wp","href":"https:\/\/api.w.org\/{rel}","templated":true}]}}